{"id":79889,"date":"2017-06-29T06:01:25","date_gmt":"2017-06-29T10:01:25","guid":{"rendered":"http:\/\/www.eltrabajo.cl\/2017\/?p=79889"},"modified":"2017-06-29T06:01:25","modified_gmt":"2017-06-29T10:01:25","slug":"la-cayetano-celebra-hoy-su-7o-aniversario-en-el-teatro-municipal","status":"publish","type":"post","link":"https:\/\/eltrabajo.cl\/portal\/la-cayetano-celebra-hoy-su-7o-aniversario-en-el-teatro-municipal\/","title":{"rendered":"La Cayetano celebra hoy su 7\u00ba aniversario en el Teatro Municipal"},"content":{"rendered":"<figure id=\"attachment_79891\" aria-describedby=\"caption-attachment-79891\" style=\"width: 580px\" class=\"wp-caption alignnone\"><img data-recalc-dims=\"1\" loading=\"lazy\" decoding=\"async\" class=\"size-full wp-image-79891\" src=\"https:\/\/i0.wp.com\/www.eltrabajo.cl\/2017\/wp-content\/uploads\/2017\/06\/RICARDO-RUIZ.jpg?resize=580%2C349\" alt=\"Ricardo Ruiz, Encargado del Departamento de Cultura de la Municipalidad de San Felipe.\" width=\"580\" height=\"349\" srcset=\"https:\/\/i0.wp.com\/eltrabajo.cl\/portal\/wp-content\/uploads\/2017\/06\/RICARDO-RUIZ.jpg?w=580&amp;ssl=1 580w, https:\/\/i0.wp.com\/eltrabajo.cl\/portal\/wp-content\/uploads\/2017\/06\/RICARDO-RUIZ.jpg?resize=200%2C120&amp;ssl=1 200w, https:\/\/i0.wp.com\/eltrabajo.cl\/portal\/wp-content\/uploads\/2017\/06\/RICARDO-RUIZ.jpg?resize=300%2C181&amp;ssl=1 300w, https:\/\/i0.wp.com\/eltrabajo.cl\/portal\/wp-content\/uploads\/2017\/06\/RICARDO-RUIZ.jpg?resize=249%2C150&amp;ssl=1 249w, https:\/\/i0.wp.com\/eltrabajo.cl\/portal\/wp-content\/uploads\/2017\/06\/RICARDO-RUIZ.jpg?resize=400%2C241&amp;ssl=1 400w\" sizes=\"auto, (max-width: 580px) 100vw, 580px\" \/><figcaption id=\"caption-attachment-79891\" class=\"wp-caption-text\">Ricardo Ruiz, Encargado del Departamento de Cultura de la Municipalidad de San Felipe.<\/figcaption><\/figure>\n<ul>\n<li><strong><span style=\"color: #ff0000;\">Banda sanfelipe\u00f1a se presenta a las 19.30 horas con entrada gratuita:<\/span>\u00a0La agenda cultural del mes de julio se inaugurar\u00e1 el s\u00e1bado con el primer encuentro de Coros del Valle de Aconcagua, con siete coros en escena, desde las 19 horas.<\/strong><\/li>\n<\/ul>\n<p>La Banda sanfelipe\u00f1a La Cayetano celebrar\u00e1 hoy jueves 29 de junio, su s\u00e9ptimo aniversario, ofreciendo un concierto gratuito en el Teatro Municipal de San Felipe, donde repasar\u00e1 en casi dos horas, lo mejor de su repertorio.<br \/>\nAs\u00ed lo dio a conocer Ricardo Ruiz, Encargado del Departamento de Cultura de la Municipalidad de San Felipe, quien asegur\u00f3 que \u201cesta banda de rock y blues va a celebrar su aniversario n\u00famero siete a partir de las 19.30 horas, esta actividad es gratuita como todo lo que hacemos en el Teatro Municipal, as\u00ed que est\u00e1n todos cordialmente invitados a escuchar buena m\u00fasica, es una de las bandas representativas de San Felipe y ser\u00eda muy bonito que mucho p\u00fablico los acompa\u00f1e en este aniversario\u201d, afirm\u00f3 Ruiz.<br \/>\nLa presentaci\u00f3n de \u2018La Cayetano\u2019 y la celebraci\u00f3n de su aniversario n\u00famero siete, pondr\u00e1 fin a las actividades culturales del mes de junio, pero dejar\u00e1 la mesa servida para empezar con una atractiva actividad el mes de julio, puesto que el s\u00e1bado 1 se desarrollar\u00e1 por primera vez en San Felipe un encuentro de \u2018Coros\u2019 de distintas comunas del Valle de Aconcagua.<br \/>\n\u201cCon esto damos por inaugurada la cartelera cultural del mes de julio, este es un encuentro de coros bastante grande, de ah\u00ed la relevancia de este espect\u00e1culo, porque sabemos que hay mucho p\u00fablico en San Felipe y en Aconcagua en general\u201d, detall\u00f3 el profesional.<br \/>\nEl encuentro se desarrollar\u00e1 a partir de las 19 horas en el Teatro Municipal y tendr\u00e1 a siete coros en escena: El Coro de Adultos Mayores de San Felipe, La Camerata Aconcagua, El Coro del Instituto Abd\u00f3n Cifuentes, de la Universidad de Valpara\u00edso, el Coro Ecos de la comuna de Catemu, el Coro del Liceo Max Salas de Los Andes y el Coro de Profesores de San Felipe.<br \/>\n\u201cEs la primera vez que se realiza este encuentro coral de Aconcagua, lo est\u00e1 organizando Jorge Gaete, es el director de varios coros, la idea es que se instaure en el tiempo, as\u00ed que los invitamos a todos, tambi\u00e9n es con entrada gratuita y la positiva respuesta del p\u00fablico permitir\u00e1 que esto se mantenga en el tiempo\u201d, concluy\u00f3 Ruiz.<\/p>\n<figure id=\"attachment_79890\" aria-describedby=\"caption-attachment-79890\" style=\"width: 580px\" class=\"wp-caption alignnone\"><img data-recalc-dims=\"1\" loading=\"lazy\" decoding=\"async\" class=\"size-full wp-image-79890\" src=\"https:\/\/i0.wp.com\/www.eltrabajo.cl\/2017\/wp-content\/uploads\/2017\/06\/LaCayetano1.jpg?resize=580%2C348\" alt=\"Estos son los integrantes de la banda La Cayetano que hoy estar\u00e1 celebrando sus siete a\u00f1os de existencia.\" width=\"580\" height=\"348\" srcset=\"https:\/\/i0.wp.com\/eltrabajo.cl\/portal\/wp-content\/uploads\/2017\/06\/LaCayetano1.jpg?w=580&amp;ssl=1 580w, https:\/\/i0.wp.com\/eltrabajo.cl\/portal\/wp-content\/uploads\/2017\/06\/LaCayetano1.jpg?resize=200%2C120&amp;ssl=1 200w, https:\/\/i0.wp.com\/eltrabajo.cl\/portal\/wp-content\/uploads\/2017\/06\/LaCayetano1.jpg?resize=300%2C180&amp;ssl=1 300w, https:\/\/i0.wp.com\/eltrabajo.cl\/portal\/wp-content\/uploads\/2017\/06\/LaCayetano1.jpg?resize=250%2C150&amp;ssl=1 250w, https:\/\/i0.wp.com\/eltrabajo.cl\/portal\/wp-content\/uploads\/2017\/06\/LaCayetano1.jpg?resize=400%2C240&amp;ssl=1 400w\" sizes=\"auto, (max-width: 580px) 100vw, 580px\" \/><figcaption id=\"caption-attachment-79890\" class=\"wp-caption-text\">Estos son los integrantes de la banda La Cayetano que hoy estar\u00e1 celebrando sus siete a\u00f1os de existencia.<\/figcaption><\/figure>\n","protected":false},"excerpt":{"rendered":"<p>Banda sanfelipe\u00f1a se presenta a las 19.30 horas con entrada gratuita:\u00a0La agenda cultural del mes de julio se inaugurar\u00e1 el s\u00e1bado con el primer encuentro de Coros del Valle de Aconcagua, con&#8230;<\/p>\n","protected":false},"author":1,"featured_media":79890,"comment_status":"open","ping_status":"open","sticky":false,"template":"","format":"standard","meta":{"advanced_seo_description":"","jetpack_seo_html_title":"","jetpack_seo_noindex":false,"_jetpack_memberships_contains_paid_content":false,"footnotes":""},"categories":[20],"tags":[],"class_list":["post-79889","post","type-post","status-publish","format-standard","has-post-thumbnail","hentry","category-arte-y-cultura"],"jetpack_featured_media_url":"https:\/\/i0.wp.com\/eltrabajo.cl\/portal\/wp-content\/uploads\/2017\/06\/LaCayetano1.jpg?fit=580%2C348&ssl=1","jetpack_sharing_enabled":true,"jetpack_likes_enabled":true,"jetpack-related-posts":[],"_links":{"self":[{"href":"https:\/\/eltrabajo.cl\/portal\/wp-json\/wp\/v2\/posts\/79889","targetHints":{"allow":["GET"]}}],"collection":[{"href":"https:\/\/eltrabajo.cl\/portal\/wp-json\/wp\/v2\/posts"}],"about":[{"href":"https:\/\/eltrabajo.cl\/portal\/wp-json\/wp\/v2\/types\/post"}],"author":[{"embeddable":true,"href":"https:\/\/eltrabajo.cl\/portal\/wp-json\/wp\/v2\/users\/1"}],"replies":[{"embeddable":true,"href":"https:\/\/eltrabajo.cl\/portal\/wp-json\/wp\/v2\/comments?post=79889"}],"version-history":[{"count":0,"href":"https:\/\/eltrabajo.cl\/portal\/wp-json\/wp\/v2\/posts\/79889\/revisions"}],"wp:featuredmedia":[{"embeddable":true,"href":"https:\/\/eltrabajo.cl\/portal\/wp-json\/wp\/v2\/media\/79890"}],"wp:attachment":[{"href":"https:\/\/eltrabajo.cl\/portal\/wp-json\/wp\/v2\/media?parent=79889"}],"wp:term":[{"taxonomy":"category","embeddable":true,"href":"https:\/\/eltrabajo.cl\/portal\/wp-json\/wp\/v2\/categories?post=79889"},{"taxonomy":"post_tag","embeddable":true,"href":"https:\/\/eltrabajo.cl\/portal\/wp-json\/wp\/v2\/tags?post=79889"}],"curies":[{"name":"wp","href":"https:\/\/api.w.org\/{rel}","templated":true}]}}