{"id":79897,"date":"2017-06-29T06:03:15","date_gmt":"2017-06-29T10:03:15","guid":{"rendered":"http:\/\/www.eltrabajo.cl\/2017\/?p=79897"},"modified":"2017-06-29T06:03:15","modified_gmt":"2017-06-29T10:03:15","slug":"con-lleno-total-se-realizo-primer-festival-de-la-voz-canta-mujer-2017","status":"publish","type":"post","link":"https:\/\/eltrabajo.cl\/portal\/con-lleno-total-se-realizo-primer-festival-de-la-voz-canta-mujer-2017\/","title":{"rendered":"Con lleno total se realiz\u00f3 Primer Festival de la Voz \u2018Canta Mujer\u2019 2017"},"content":{"rendered":"<figure id=\"attachment_79899\" aria-describedby=\"caption-attachment-79899\" style=\"width: 580px\" class=\"wp-caption alignnone\"><img data-recalc-dims=\"1\" loading=\"lazy\" decoding=\"async\" class=\"size-full wp-image-79899\" src=\"https:\/\/i0.wp.com\/www.eltrabajo.cl\/2017\/wp-content\/uploads\/2017\/06\/Primer-festival-Canta-Mujer-2017.jpg?resize=580%2C350\" alt=\"Con un amplio marco de p\u00fablico cont\u00f3 el Primer Festival de la Voz \u2018Canta Mujer\u2019 2017, el que apoy\u00f3 a cada una de las ocho concursantes.\" width=\"580\" height=\"350\" srcset=\"https:\/\/i0.wp.com\/eltrabajo.cl\/portal\/wp-content\/uploads\/2017\/06\/Primer-festival-Canta-Mujer-2017.jpg?w=580&amp;ssl=1 580w, https:\/\/i0.wp.com\/eltrabajo.cl\/portal\/wp-content\/uploads\/2017\/06\/Primer-festival-Canta-Mujer-2017.jpg?resize=200%2C121&amp;ssl=1 200w, https:\/\/i0.wp.com\/eltrabajo.cl\/portal\/wp-content\/uploads\/2017\/06\/Primer-festival-Canta-Mujer-2017.jpg?resize=300%2C181&amp;ssl=1 300w, https:\/\/i0.wp.com\/eltrabajo.cl\/portal\/wp-content\/uploads\/2017\/06\/Primer-festival-Canta-Mujer-2017.jpg?resize=249%2C150&amp;ssl=1 249w, https:\/\/i0.wp.com\/eltrabajo.cl\/portal\/wp-content\/uploads\/2017\/06\/Primer-festival-Canta-Mujer-2017.jpg?resize=400%2C241&amp;ssl=1 400w\" sizes=\"auto, (max-width: 580px) 100vw, 580px\" \/><figcaption id=\"caption-attachment-79899\" class=\"wp-caption-text\">Con un amplio marco de p\u00fablico cont\u00f3 el Primer Festival de la Voz \u2018Canta Mujer\u2019 2017, el que apoy\u00f3 a cada una de las ocho concursantes.<\/figcaption><\/figure>\n<ul>\n<li><span style=\"color: #ff0000;\"><strong>Vecina Sandra D\u00edaz se llev\u00f3 el primer lugar de la competencia, que cont\u00f3 con la participaci\u00f3n de ocho concursantes del barrio Las 4 Villas.<\/strong><\/span><\/li>\n<\/ul>\n<p>Con una gran asistencia de p\u00fablico cont\u00f3 la primera versi\u00f3n del Festival de la Canci\u00f3n \u2018Canta Mujer\u2019 2017, realizado el s\u00e1bado en el sal\u00f3n principal de la ex Escuela Hogar de San Felipe.<br \/>\nEn la oportunidad, los asistentes apoyaron la participaci\u00f3n de cada una de las ocho concursantes del evento musical, quienes deslumbraron a los presentes con su voz y puesta en escena.<br \/>\nLuego de una dif\u00edcil definici\u00f3n, el jurado del certamen entreg\u00f3 el primer lugar de la competencia a Sandra D\u00edaz Estay, quien interpret\u00f3 el tema \u2018Si se fue, se fue\u2019, logrando un premio de 100 mil pesos. Mientras que el segundo lugar, con un premio de 60 mil pesos, qued\u00f3 en manos de Jessica Espinoza Navarro, con la canci\u00f3n \u2018No te he robado nada\u2019, y el tercer lugar del festival con 40 mil pesos fue para Brenda Ascui Mu\u00f1oz, con el tema \u2018One night only\u2019.<br \/>\nLa ganadora del festival, Sandra D\u00edaz, agradeci\u00f3 esta oportunidad, pues hasta ahora nunca se hab\u00eda presentado cantando ante un p\u00fablico. \u201cEsta experiencia fue enriquecedora, porque nunca me hab\u00eda subido a un escenario. Hasta ahora s\u00f3lo cantaba en mi casa, con karaoke para desestresarme, pero ahora me sent\u00ed como una artista. Todos so\u00f1amos con el primer lugar, pero con cualquier lugar quedaba conforme, porque ya con la participaci\u00f3n quedaba pagada\u201d, reconoci\u00f3.<br \/>\nEn este sentido, Sandra agradeci\u00f3 los esfuerzos de todos quienes hicieron posible este evento musical, en especial a aquellos profesionales que apoyaron la presentaci\u00f3n de las participantes.<br \/>\n\u201cLa preparaci\u00f3n fue esencial para todas, porque por lo menos yo no ten\u00eda conocimientos en vocalizaci\u00f3n o c\u00f3mo pararme en un escenario, adem\u00e1s no esperaba tanto apoyo de mis vecinas, porque logr\u00e9 enganchar con el p\u00fablico. Ahora espero seguir un curso de canto, me gustar\u00eda perfeccionarme m\u00e1s\u201d, adelant\u00f3.<br \/>\nCabe destacar que la realizaci\u00f3n de este Primer Festival de la Voz \u2018Canta Mujer\u2019 2017, cont\u00f3 con el apoyo de Senda-Previene San Felipe, entidad que organiz\u00f3 este encuentro art\u00edstico en conjunto con el Programa Quiero Mi Barrio, del Ministerio de Vivienda y Urbanismo; adem\u00e1s del Hogar de Cristo, Centro de la Mujer, la Oficina Municipal de la Mujer, el Departamento de Cultura y la participaci\u00f3n de la comunidad del barrio Las 4 Villas.<\/p>\n<figure id=\"attachment_79898\" aria-describedby=\"caption-attachment-79898\" style=\"width: 580px\" class=\"wp-caption alignnone\"><img data-recalc-dims=\"1\" loading=\"lazy\" decoding=\"async\" class=\"size-full wp-image-79898\" src=\"https:\/\/i0.wp.com\/www.eltrabajo.cl\/2017\/wp-content\/uploads\/2017\/06\/festival-sandra-diaz.jpg?resize=580%2C350\" alt=\"Sandra D\u00edaz interpret\u00f3 el tema \u2018Si se fue, se fue\u2019, logrando el primer lugar del festival con un premio de 100 mil pesos.\" width=\"580\" height=\"350\" srcset=\"https:\/\/i0.wp.com\/eltrabajo.cl\/portal\/wp-content\/uploads\/2017\/06\/festival-sandra-diaz.jpg?w=580&amp;ssl=1 580w, https:\/\/i0.wp.com\/eltrabajo.cl\/portal\/wp-content\/uploads\/2017\/06\/festival-sandra-diaz.jpg?resize=200%2C121&amp;ssl=1 200w, https:\/\/i0.wp.com\/eltrabajo.cl\/portal\/wp-content\/uploads\/2017\/06\/festival-sandra-diaz.jpg?resize=300%2C181&amp;ssl=1 300w, https:\/\/i0.wp.com\/eltrabajo.cl\/portal\/wp-content\/uploads\/2017\/06\/festival-sandra-diaz.jpg?resize=249%2C150&amp;ssl=1 249w, https:\/\/i0.wp.com\/eltrabajo.cl\/portal\/wp-content\/uploads\/2017\/06\/festival-sandra-diaz.jpg?resize=400%2C241&amp;ssl=1 400w\" sizes=\"auto, (max-width: 580px) 100vw, 580px\" \/><figcaption id=\"caption-attachment-79898\" class=\"wp-caption-text\">Sandra D\u00edaz interpret\u00f3 el tema \u2018Si se fue, se fue\u2019, logrando el primer lugar del festival con un premio de 100 mil pesos.<\/figcaption><\/figure>\n","protected":false},"excerpt":{"rendered":"<p>Vecina Sandra D\u00edaz se llev\u00f3 el primer lugar de la competencia, que cont\u00f3 con la participaci\u00f3n de ocho concursantes del barrio Las 4 Villas. Con una gran asistencia de p\u00fablico cont\u00f3 la&#8230;<\/p>\n","protected":false},"author":1,"featured_media":79898,"comment_status":"open","ping_status":"open","sticky":false,"template":"","format":"standard","meta":{"advanced_seo_description":"","jetpack_seo_html_title":"","jetpack_seo_noindex":false,"_jetpack_memberships_contains_paid_content":false,"footnotes":""},"categories":[15],"tags":[],"class_list":["post-79897","post","type-post","status-publish","format-standard","has-post-thumbnail","hentry","category-comunidad"],"jetpack_featured_media_url":"https:\/\/i0.wp.com\/eltrabajo.cl\/portal\/wp-content\/uploads\/2017\/06\/festival-sandra-diaz.jpg?fit=580%2C350&ssl=1","jetpack_sharing_enabled":true,"jetpack_likes_enabled":true,"jetpack-related-posts":[],"_links":{"self":[{"href":"https:\/\/eltrabajo.cl\/portal\/wp-json\/wp\/v2\/posts\/79897","targetHints":{"allow":["GET"]}}],"collection":[{"href":"https:\/\/eltrabajo.cl\/portal\/wp-json\/wp\/v2\/posts"}],"about":[{"href":"https:\/\/eltrabajo.cl\/portal\/wp-json\/wp\/v2\/types\/post"}],"author":[{"embeddable":true,"href":"https:\/\/eltrabajo.cl\/portal\/wp-json\/wp\/v2\/users\/1"}],"replies":[{"embeddable":true,"href":"https:\/\/eltrabajo.cl\/portal\/wp-json\/wp\/v2\/comments?post=79897"}],"version-history":[{"count":0,"href":"https:\/\/eltrabajo.cl\/portal\/wp-json\/wp\/v2\/posts\/79897\/revisions"}],"wp:featuredmedia":[{"embeddable":true,"href":"https:\/\/eltrabajo.cl\/portal\/wp-json\/wp\/v2\/media\/79898"}],"wp:attachment":[{"href":"https:\/\/eltrabajo.cl\/portal\/wp-json\/wp\/v2\/media?parent=79897"}],"wp:term":[{"taxonomy":"category","embeddable":true,"href":"https:\/\/eltrabajo.cl\/portal\/wp-json\/wp\/v2\/categories?post=79897"},{"taxonomy":"post_tag","embeddable":true,"href":"https:\/\/eltrabajo.cl\/portal\/wp-json\/wp\/v2\/tags?post=79897"}],"curies":[{"name":"wp","href":"https:\/\/api.w.org\/{rel}","templated":true}]}}