{"id":79915,"date":"2017-06-30T06:02:10","date_gmt":"2017-06-30T10:02:10","guid":{"rendered":"http:\/\/www.eltrabajo.cl\/2017\/?p=79915"},"modified":"2017-06-30T06:02:10","modified_gmt":"2017-06-30T10:02:10","slug":"comite-estafado-hace-15-anos-logro-iniciar-construccion-de-sus-viviendas","status":"publish","type":"post","link":"https:\/\/eltrabajo.cl\/portal\/comite-estafado-hace-15-anos-logro-iniciar-construccion-de-sus-viviendas\/","title":{"rendered":"Comit\u00e9 estafado hace 15 a\u00f1os logr\u00f3 iniciar construcci\u00f3n de sus viviendas"},"content":{"rendered":"<figure id=\"attachment_79916\" aria-describedby=\"caption-attachment-79916\" style=\"width: 580px\" class=\"wp-caption alignnone\"><img data-recalc-dims=\"1\" loading=\"lazy\" decoding=\"async\" class=\"size-full wp-image-79916\" src=\"https:\/\/i0.wp.com\/www.eltrabajo.cl\/2017\/wp-content\/uploads\/2017\/06\/La-Amistad_1.jpg?resize=580%2C350\" alt=\"Autoridades junto a vecinos en la tradicional colocaci\u00f3n de la primera piedra al conjunto habitacional.\" width=\"580\" height=\"350\" srcset=\"https:\/\/i0.wp.com\/eltrabajo.cl\/portal\/wp-content\/uploads\/2017\/06\/La-Amistad_1.jpg?w=580&amp;ssl=1 580w, https:\/\/i0.wp.com\/eltrabajo.cl\/portal\/wp-content\/uploads\/2017\/06\/La-Amistad_1.jpg?resize=200%2C121&amp;ssl=1 200w, https:\/\/i0.wp.com\/eltrabajo.cl\/portal\/wp-content\/uploads\/2017\/06\/La-Amistad_1.jpg?resize=300%2C181&amp;ssl=1 300w, https:\/\/i0.wp.com\/eltrabajo.cl\/portal\/wp-content\/uploads\/2017\/06\/La-Amistad_1.jpg?resize=249%2C150&amp;ssl=1 249w, https:\/\/i0.wp.com\/eltrabajo.cl\/portal\/wp-content\/uploads\/2017\/06\/La-Amistad_1.jpg?resize=400%2C241&amp;ssl=1 400w\" sizes=\"auto, (max-width: 580px) 100vw, 580px\" \/><figcaption id=\"caption-attachment-79916\" class=\"wp-caption-text\">Autoridades junto a vecinos en la tradicional colocaci\u00f3n de la primera piedra al conjunto habitacional.<\/figcaption><\/figure>\n<ul>\n<li><strong><span style=\"color: #ff0000;\">Tras largo tiempo de lucha, luego de ser estafados por la empresa constructora en el a\u00f1o 2002, las 36 familias de Santa Mar\u00eda que componen el Comit\u00e9 de Vivienda \u2018La Amistad\u2019 comienzan a ver hecho realidad el sue\u00f1o de la casa propia, con la colocaci\u00f3n de la primera piedra del proyecto que deber\u00eda entregarse durante el primer semestre del pr\u00f3ximo a\u00f1o.<\/span> <\/strong><\/li>\n<\/ul>\n<p>Con la presencia del Gobernador Provincial, Eduardo Le\u00f3n, y el alcalde de Santa Mar\u00eda, Claudio Zurita, se dio el vamos al anhelado proyecto de vivienda \u2018La Amistad\u2019, el que hab\u00eda quedado en suspenso luego que hace 15 a\u00f1os la empresa constructora \u2018Bravo\u2019 los defraudar\u00e1 con m\u00e1s de 98 millones de pesos, hecho que tras un largo proceso comienzan a dejar atr\u00e1s para esperar los meses que faltan para que sus viviendas definitivas sean entregadas.<br \/>\nAs\u00ed lo reconoci\u00f3 Ver\u00f3nica Herrera, presidenta del Comit\u00e9 de Vivienda, quien se\u00f1al\u00f3 tener \u00abuna mezcla de sentimientos encontrados. Pero estoy muy contenta porque le veo la cara a mis futuros vecinos que est\u00e1n felices, porque pasamos mucho tiempo sufriendo y ver esta primera piedra puesta es un alivio porque se viene la soluci\u00f3n para muchos que estamos pagando arriendo, que estamos endeudados y ahora vamos a estar en lo nuestro, tranquilos y felices\u00bb.<br \/>\nY es que el compromiso adquirido por la Gobernaci\u00f3n de San Felipe y el Municipio de Santa Mar\u00eda fue clave en lograr destrabar el comienzo de la construcci\u00f3n de las viviendas, proyecto que cuenta con un presupuesto de 1.000 millones de pesos y que fue adjudicada a la empresa \u2018San Esteban\u2019, la que cuenta con plena confianza tanto de los vecinos como de las autoridades.<br \/>\n\u00abP\u00fablicamente a nombre del concejo y de este alcalde, dar todo el respaldo al comit\u00e9 que ha esperado tanto tiempo y ahora tenemos la certeza que el pr\u00f3ximo a\u00f1o estar\u00e1n viviendo en sus casas. Es un lindo lugar, es un lindo paraje, les hemos ayudado en otras cosas y estaremos atento a la construcci\u00f3n de estas casas. Confiamos plenamente en la empresa San Esteban que ya est\u00e1 trabajando en otros comit\u00e9s m\u00e1s, desde hoy la empresa empieza a trabajar, a limpiar el terreno, a demoler algunas casas, y a cerrar el per\u00edmetro para que comience la construcci\u00f3n como corresponde\u00bb, precis\u00f3 el alcalde Zurita.<br \/>\nEn tanto, el Gobernador Le\u00f3n destac\u00f3 la voluntad que tuvo la Ministra de Vivienda y Urbanismo, Paulina Saball, \u00aben dar una pronta soluci\u00f3n al Comit\u00e9 de Vivienda \u2018La Amistad\u2019 y favoreciendo a las 36 familias de este sector rural de Santa Mar\u00eda, cumpliendo un compromiso de darle soluci\u00f3n a este comit\u00e9 de vivienda que lleva 15 a\u00f1os esperando producto de una estafa, as\u00ed que nosotros reconocemos la gran gesti\u00f3n del municipio y el compromiso de la Ministra de Vivienda, quien finalmente le ha dado un corte a este asunto y hoy mismo parte la construcci\u00f3n\u00bb, concluy\u00f3.<\/p>\n","protected":false},"excerpt":{"rendered":"<p>Tras largo tiempo de lucha, luego de ser estafados por la empresa constructora en el a\u00f1o 2002, las 36 familias de Santa Mar\u00eda que componen el Comit\u00e9 de Vivienda \u2018La Amistad\u2019 comienzan&#8230;<\/p>\n","protected":false},"author":1,"featured_media":79916,"comment_status":"open","ping_status":"open","sticky":false,"template":"","format":"standard","meta":{"advanced_seo_description":"","jetpack_seo_html_title":"","jetpack_seo_noindex":false,"_jetpack_memberships_contains_paid_content":false,"footnotes":""},"categories":[15],"tags":[],"class_list":["post-79915","post","type-post","status-publish","format-standard","has-post-thumbnail","hentry","category-comunidad"],"jetpack_featured_media_url":"https:\/\/i0.wp.com\/eltrabajo.cl\/portal\/wp-content\/uploads\/2017\/06\/La-Amistad_1.jpg?fit=580%2C350&ssl=1","jetpack_sharing_enabled":true,"jetpack_likes_enabled":true,"jetpack-related-posts":[],"_links":{"self":[{"href":"https:\/\/eltrabajo.cl\/portal\/wp-json\/wp\/v2\/posts\/79915","targetHints":{"allow":["GET"]}}],"collection":[{"href":"https:\/\/eltrabajo.cl\/portal\/wp-json\/wp\/v2\/posts"}],"about":[{"href":"https:\/\/eltrabajo.cl\/portal\/wp-json\/wp\/v2\/types\/post"}],"author":[{"embeddable":true,"href":"https:\/\/eltrabajo.cl\/portal\/wp-json\/wp\/v2\/users\/1"}],"replies":[{"embeddable":true,"href":"https:\/\/eltrabajo.cl\/portal\/wp-json\/wp\/v2\/comments?post=79915"}],"version-history":[{"count":0,"href":"https:\/\/eltrabajo.cl\/portal\/wp-json\/wp\/v2\/posts\/79915\/revisions"}],"wp:featuredmedia":[{"embeddable":true,"href":"https:\/\/eltrabajo.cl\/portal\/wp-json\/wp\/v2\/media\/79916"}],"wp:attachment":[{"href":"https:\/\/eltrabajo.cl\/portal\/wp-json\/wp\/v2\/media?parent=79915"}],"wp:term":[{"taxonomy":"category","embeddable":true,"href":"https:\/\/eltrabajo.cl\/portal\/wp-json\/wp\/v2\/categories?post=79915"},{"taxonomy":"post_tag","embeddable":true,"href":"https:\/\/eltrabajo.cl\/portal\/wp-json\/wp\/v2\/tags?post=79915"}],"curies":[{"name":"wp","href":"https:\/\/api.w.org\/{rel}","templated":true}]}}