{"id":79918,"date":"2017-06-30T06:03:13","date_gmt":"2017-06-30T10:03:13","guid":{"rendered":"http:\/\/www.eltrabajo.cl\/2017\/?p=79918"},"modified":"2017-06-30T06:03:13","modified_gmt":"2017-06-30T10:03:13","slug":"vigas-de-45-toneladas-cada-una-estan-siendo-instaladas-sobre-puente-el-rey","status":"publish","type":"post","link":"https:\/\/eltrabajo.cl\/portal\/vigas-de-45-toneladas-cada-una-estan-siendo-instaladas-sobre-puente-el-rey\/","title":{"rendered":"Vigas de 45 toneladas cada una est\u00e1n siendo instaladas sobre Puente El Rey"},"content":{"rendered":"<figure id=\"attachment_79920\" aria-describedby=\"caption-attachment-79920\" style=\"width: 580px\" class=\"wp-caption alignnone\"><img data-recalc-dims=\"1\" loading=\"lazy\" decoding=\"async\" class=\"size-full wp-image-79920\" src=\"https:\/\/i0.wp.com\/www.eltrabajo.cl\/2017\/wp-content\/uploads\/2017\/06\/Vigas2.jpg?resize=580%2C349\" alt=\"MUCHO PESO.- Estas son vigas huecas o de caj\u00f3n, pesan 45 toneladas cada una, miden 26 metros de largo, 3,40 mts. de ancho.\" width=\"580\" height=\"349\" srcset=\"https:\/\/i0.wp.com\/eltrabajo.cl\/portal\/wp-content\/uploads\/2017\/06\/Vigas2.jpg?w=580&amp;ssl=1 580w, https:\/\/i0.wp.com\/eltrabajo.cl\/portal\/wp-content\/uploads\/2017\/06\/Vigas2.jpg?resize=200%2C120&amp;ssl=1 200w, https:\/\/i0.wp.com\/eltrabajo.cl\/portal\/wp-content\/uploads\/2017\/06\/Vigas2.jpg?resize=300%2C181&amp;ssl=1 300w, https:\/\/i0.wp.com\/eltrabajo.cl\/portal\/wp-content\/uploads\/2017\/06\/Vigas2.jpg?resize=249%2C150&amp;ssl=1 249w, https:\/\/i0.wp.com\/eltrabajo.cl\/portal\/wp-content\/uploads\/2017\/06\/Vigas2.jpg?resize=400%2C241&amp;ssl=1 400w\" sizes=\"auto, (max-width: 580px) 100vw, 580px\" \/><figcaption id=\"caption-attachment-79920\" class=\"wp-caption-text\">MUCHO PESO.- Estas son vigas huecas o de caj\u00f3n, pesan 45 toneladas cada una, miden 26 metros de largo, 3,40 mts. de ancho.<\/figcaption><\/figure>\n<ul>\n<li><span style=\"color: #ff0000;\"><strong>Hoy viernes continuar\u00e1 cerrada la entrada a San Felipe:<\/strong><\/span><\/li>\n<\/ul>\n<p>Aunque ya se ha informado ampliamente, quiz\u00e1s algunos lectores a\u00fan se est\u00e9n preguntando las razones del cierre de Puente El Rey que desde este mi\u00e9rcoles mantiene cerrada la entrada a nuestra ciudad, sin embargo las razones son de peso, de mucho peso. Seg\u00fan lo pudimos comprobar en terreno ayer mismo, la empresa OHL solicit\u00f3 a la Municipalidad de San Felipe tres d\u00edas de cierre para poder montar las pesad\u00edsimas vigas que formar\u00e1n parte del tramo de la nueva carretera 60CH, lo que implica gran peligro para los conductores y peatones.<\/p>\n<p><span style=\"color: #ff0000;\"><strong>MEGAESTRUCTURAS<\/strong><\/span><br \/>\n<strong>Diario<\/strong> El Trabajo habl\u00f3 con el mexicano Tom\u00e1s Garc\u00eda, jefe de la Oficina T\u00e9cnica OHL, quien explic\u00f3 a las autoridades los detalles de estos gigantescos trabajos.<br \/>\n\u00abEsta es la estructura m\u00e1s grande de la Ruta 60, este jueves montamos la segunda viga y lo hicimos de manera coordinada con el Municipio y dem\u00e1s autoridades. Estas son vigas huecas o de caj\u00f3n, pesan 45 toneladas cada una, miden 26 metros de largo, 3,40 mts. de ancho cada una y son tres, las que juntas instaladas medir\u00e1n unos 24 metros de ancho de la ruta, estas vigas son fabricadas 100% en Santiago, las obras ser\u00e1n terminadas en su totalidad en marzo de 2018\u00bb.<\/p>\n<p><span style=\"color: #ff0000;\"><strong>HAY QUE CELEBRAR<\/strong><\/span><br \/>\nEl alcalde Patricio Freire tambi\u00e9n se mostr\u00f3 motivado con los avances de estas obras: \u00abMuy contentos estamos con esta enorme obra, tendremos entonces mayor conectividad, ya los camiones que pasan por Curim\u00f3n pasar\u00e1n por esta nueva ruta (\u2026) en varios sectores de la comuna habr\u00e1 menor flujo vehicular, lo que favorecer\u00e1 al tr\u00e1nsito local, tambi\u00e9n pondremos luminarias a estas vigas, instalaremos rotulaci\u00f3n para dar la bienvenida a nuestra ciudad quienes nos visiten\u00bb.<br \/>\n<strong>Roberto Gonz\u00e1lez Short<\/strong><\/p>\n<figure id=\"attachment_79919\" aria-describedby=\"caption-attachment-79919\" style=\"width: 580px\" class=\"wp-caption alignnone\"><img data-recalc-dims=\"1\" loading=\"lazy\" decoding=\"async\" class=\"size-full wp-image-79919\" src=\"https:\/\/i0.wp.com\/www.eltrabajo.cl\/2017\/wp-content\/uploads\/2017\/06\/Vigas1.jpg?resize=580%2C348\" alt=\"PARA MARZO 2018.- Las autoridades del Municipio visitaron ayer jueves las obras durante la instalaci\u00f3n de la segunda viga sobre Puente El Rey.\" width=\"580\" height=\"348\" srcset=\"https:\/\/i0.wp.com\/eltrabajo.cl\/portal\/wp-content\/uploads\/2017\/06\/Vigas1.jpg?w=580&amp;ssl=1 580w, https:\/\/i0.wp.com\/eltrabajo.cl\/portal\/wp-content\/uploads\/2017\/06\/Vigas1.jpg?resize=200%2C120&amp;ssl=1 200w, https:\/\/i0.wp.com\/eltrabajo.cl\/portal\/wp-content\/uploads\/2017\/06\/Vigas1.jpg?resize=300%2C180&amp;ssl=1 300w, https:\/\/i0.wp.com\/eltrabajo.cl\/portal\/wp-content\/uploads\/2017\/06\/Vigas1.jpg?resize=250%2C150&amp;ssl=1 250w, https:\/\/i0.wp.com\/eltrabajo.cl\/portal\/wp-content\/uploads\/2017\/06\/Vigas1.jpg?resize=400%2C240&amp;ssl=1 400w\" sizes=\"auto, (max-width: 580px) 100vw, 580px\" \/><figcaption id=\"caption-attachment-79919\" class=\"wp-caption-text\">PARA MARZO 2018.- Las autoridades del Municipio visitaron ayer jueves las obras durante la instalaci\u00f3n de la segunda viga sobre Puente El Rey.<\/figcaption><\/figure>\n","protected":false},"excerpt":{"rendered":"<p>Hoy viernes continuar\u00e1 cerrada la entrada a San Felipe: Aunque ya se ha informado ampliamente, quiz\u00e1s algunos lectores a\u00fan se est\u00e9n preguntando las razones del cierre de Puente El Rey que desde&#8230;<\/p>\n","protected":false},"author":1,"featured_media":79920,"comment_status":"open","ping_status":"open","sticky":false,"template":"","format":"standard","meta":{"advanced_seo_description":"","jetpack_seo_html_title":"","jetpack_seo_noindex":false,"_jetpack_memberships_contains_paid_content":false,"footnotes":""},"categories":[1],"tags":[],"class_list":["post-79918","post","type-post","status-publish","format-standard","has-post-thumbnail","hentry","category-cronica"],"jetpack_featured_media_url":"https:\/\/i0.wp.com\/eltrabajo.cl\/portal\/wp-content\/uploads\/2017\/06\/Vigas2.jpg?fit=580%2C349&ssl=1","jetpack_sharing_enabled":true,"jetpack_likes_enabled":true,"jetpack-related-posts":[],"_links":{"self":[{"href":"https:\/\/eltrabajo.cl\/portal\/wp-json\/wp\/v2\/posts\/79918","targetHints":{"allow":["GET"]}}],"collection":[{"href":"https:\/\/eltrabajo.cl\/portal\/wp-json\/wp\/v2\/posts"}],"about":[{"href":"https:\/\/eltrabajo.cl\/portal\/wp-json\/wp\/v2\/types\/post"}],"author":[{"embeddable":true,"href":"https:\/\/eltrabajo.cl\/portal\/wp-json\/wp\/v2\/users\/1"}],"replies":[{"embeddable":true,"href":"https:\/\/eltrabajo.cl\/portal\/wp-json\/wp\/v2\/comments?post=79918"}],"version-history":[{"count":0,"href":"https:\/\/eltrabajo.cl\/portal\/wp-json\/wp\/v2\/posts\/79918\/revisions"}],"wp:featuredmedia":[{"embeddable":true,"href":"https:\/\/eltrabajo.cl\/portal\/wp-json\/wp\/v2\/media\/79920"}],"wp:attachment":[{"href":"https:\/\/eltrabajo.cl\/portal\/wp-json\/wp\/v2\/media?parent=79918"}],"wp:term":[{"taxonomy":"category","embeddable":true,"href":"https:\/\/eltrabajo.cl\/portal\/wp-json\/wp\/v2\/categories?post=79918"},{"taxonomy":"post_tag","embeddable":true,"href":"https:\/\/eltrabajo.cl\/portal\/wp-json\/wp\/v2\/tags?post=79918"}],"curies":[{"name":"wp","href":"https:\/\/api.w.org\/{rel}","templated":true}]}}