{"id":79922,"date":"2017-06-30T06:04:31","date_gmt":"2017-06-30T10:04:31","guid":{"rendered":"http:\/\/www.eltrabajo.cl\/2017\/?p=79922"},"modified":"2017-06-30T06:04:31","modified_gmt":"2017-06-30T10:04:31","slug":"manana-se-inicia-nuevo-sistema-de-cobro-por-estacionamiento-efectivo","status":"publish","type":"post","link":"https:\/\/eltrabajo.cl\/portal\/manana-se-inicia-nuevo-sistema-de-cobro-por-estacionamiento-efectivo\/","title":{"rendered":"Ma\u00f1ana se inicia nuevo sistema de cobro por estacionamiento efectivo"},"content":{"rendered":"<p>&nbsp;<\/p>\n<figure id=\"attachment_79923\" aria-describedby=\"caption-attachment-79923\" style=\"width: 580px\" class=\"wp-caption alignnone\"><img data-recalc-dims=\"1\" loading=\"lazy\" decoding=\"async\" class=\"size-full wp-image-79923\" src=\"https:\/\/i0.wp.com\/www.eltrabajo.cl\/2017\/wp-content\/uploads\/2017\/06\/Operaria-parquimetros.jpg?resize=580%2C349\" alt=\"A partir de este s\u00e1bado el cobro de parqu\u00edmetros ser\u00e1 totalmente distinto, cobr\u00e1ndose una tarifa \u00fanica, sin zonas altas ni bajas, de $18 el minuto efectivamente usado.\" width=\"580\" height=\"349\" srcset=\"https:\/\/i0.wp.com\/eltrabajo.cl\/portal\/wp-content\/uploads\/2017\/06\/Operaria-parquimetros.jpg?w=580&amp;ssl=1 580w, https:\/\/i0.wp.com\/eltrabajo.cl\/portal\/wp-content\/uploads\/2017\/06\/Operaria-parquimetros.jpg?resize=200%2C120&amp;ssl=1 200w, https:\/\/i0.wp.com\/eltrabajo.cl\/portal\/wp-content\/uploads\/2017\/06\/Operaria-parquimetros.jpg?resize=300%2C181&amp;ssl=1 300w, https:\/\/i0.wp.com\/eltrabajo.cl\/portal\/wp-content\/uploads\/2017\/06\/Operaria-parquimetros.jpg?resize=249%2C150&amp;ssl=1 249w, https:\/\/i0.wp.com\/eltrabajo.cl\/portal\/wp-content\/uploads\/2017\/06\/Operaria-parquimetros.jpg?resize=400%2C241&amp;ssl=1 400w\" sizes=\"auto, (max-width: 580px) 100vw, 580px\" \/><figcaption id=\"caption-attachment-79923\" class=\"wp-caption-text\">A partir de este s\u00e1bado el cobro de parqu\u00edmetros ser\u00e1 totalmente distinto, cobr\u00e1ndose una tarifa \u00fanica, sin zonas altas ni bajas, de $18 el minuto efectivamente usado.<\/figcaption><\/figure>\n<ul>\n<li><span style=\"color: #ff0000;\"><strong>Con tarifa de $18 por minuto:<\/strong><\/span><\/li>\n<\/ul>\n<p>El Director Jur\u00eddico de la Municipalidad de San Felipe, Jorge Jara Catal\u00e1n, inform\u00f3 que a contar de ma\u00f1ana s\u00e1bado 1 de julio comenzar\u00e1 el nuevo sistema de cobro de parqu\u00edmetros por minutos efectivamente usados en la ciudad, terminando con el antiguo sistema de cobro por tramos.<br \/>\nAl principio se hab\u00eda dicho que este nuevo sistema de cobro por minuto se iba a comenzar a aplicar a contar de este jueves 29 de junio, sin embargo el abogado Jorge Jara Catal\u00e1n explic\u00f3 el motivo por el cual no se inici\u00f3 este 29 de junio.<br \/>\nAl respecto dijo que era bueno explicarle a la comunidad para que lo tenga claro: \u201cEl nuevo contrato con Jos\u00e9 Hidalgo E.I.R.L comienza el d\u00eda de hoy 29 de junio y tiene una vigencia de treinta y seis meses, el tema es que trat\u00e1ndose de un derecho nuevo\u2026 este derecho de $ 18 por minuto de estacionamiento efectivo es un derecho nuevo y en consecuencia se aplica una disposici\u00f3n de la ley de rentas municipales del Decreto Ley 3.063 del a\u00f1o 1979 que dispone que cuando se trata de derechos nuevos de cobro municipal, contemplado en la ordenanza, en este caso en la n\u00famero 5 sobre derechos, este derecho comienza a regir a partir del primer d\u00eda h\u00e1bil del mes siguiente al de la publicaci\u00f3n de este derecho en un medio, ya sea en un diario local\u2026 regional, diario oficial o en la p\u00e1gina web del municipio, como es el caso, y en consecuencia por esa raz\u00f3n este derecho de $18 por minuto por estacionamiento efectivo empieza a pagarse el 01 de julio que es el pr\u00f3ximo s\u00e1bado\u201d, sostuvo Jara.<\/p>\n<p><span style=\"color: #ff0000;\"><strong>CALZOS PEQUE\u00d1OS<\/strong><\/span><br \/>\nConsultado si manten\u00edan como municipio informaci\u00f3n por el peque\u00f1o espacio de calzos que se han pintado, especialmente en calle Carlos Condell, donde podr\u00eda estacionarse un veh\u00edculo peque\u00f1o, el abogado Jara Catal\u00e1n dijo que no estaba en conocimiento: \u201cFormalmente a la Direcci\u00f3n de Tr\u00e1nsito que es la unidad t\u00e9cnica que tiene que fiscalizar este contrato, tambi\u00e9n la unidad jur\u00eddica por mandato del Concejo Municipal, no tenemos ingresos hasta donde yo tengo conocimiento como director jur\u00eddico que la empresa haya hecho una propuesta sobre la demarcaci\u00f3n de esta calle (Carlos Condell), lo vamos a verificar y se tendr\u00e1 que corregir si es que est\u00e1 mal planteado o mal ejecutado\u201d, indic\u00f3.<br \/>\nOtro punto que dio a conocer el abogado, tiene relaci\u00f3n con el ofrecimiento que ten\u00eda la municipalidad la cantidad de calzos a la empresa, la cual no ocup\u00f3 en toda su extensi\u00f3n; \u201ces decir, por dar una cifra, la municipalidad incluy\u00f3 unos quinientos calzos en la licitaci\u00f3n que termin\u00f3 ayer (mi\u00e9rcoles)\u2026 la empresa no ocup\u00f3 todos los calzos, hay que despejar ese factor tambi\u00e9n, no pueden agregar nuevos calzos sino cuando se eliminen actuales calzos, ese es un procedimiento que la municipalidad de San Felipe forzosamente le va a tener que plantear a la empresa contratista en un momento determinado, cuando comience el proceso de intervenci\u00f3n de ejecuci\u00f3n del proyecto de ciclov\u00edas\u201d, indic\u00f3 Jara.<br \/>\nEl abogado finalmente record\u00f3 que la empresa va a entregar a la Municipalidad de San Felipe la cantidad de 23 millones de pesos mensuales. Adem\u00e1s la empresa debe hacerse cargo de demarcar con pintura reflectante a lo menos cuatro veces al a\u00f1o los cruces que est\u00e1n dentro del damero central, que es el \u00e1rea de vigencia del sistema de parqu\u00edmetros.<\/p>\n","protected":false},"excerpt":{"rendered":"<p>&nbsp; Con tarifa de $18 por minuto: El Director Jur\u00eddico de la Municipalidad de San Felipe, Jorge Jara Catal\u00e1n, inform\u00f3 que a contar de ma\u00f1ana s\u00e1bado 1 de julio comenzar\u00e1 el nuevo&#8230;<\/p>\n","protected":false},"author":1,"featured_media":79923,"comment_status":"open","ping_status":"open","sticky":false,"template":"","format":"standard","meta":{"advanced_seo_description":"","jetpack_seo_html_title":"","jetpack_seo_noindex":false,"_jetpack_memberships_contains_paid_content":false,"footnotes":""},"categories":[1],"tags":[],"class_list":["post-79922","post","type-post","status-publish","format-standard","has-post-thumbnail","hentry","category-cronica"],"jetpack_featured_media_url":"https:\/\/i0.wp.com\/eltrabajo.cl\/portal\/wp-content\/uploads\/2017\/06\/Operaria-parquimetros.jpg?fit=580%2C349&ssl=1","jetpack_sharing_enabled":true,"jetpack_likes_enabled":true,"jetpack-related-posts":[],"_links":{"self":[{"href":"https:\/\/eltrabajo.cl\/portal\/wp-json\/wp\/v2\/posts\/79922","targetHints":{"allow":["GET"]}}],"collection":[{"href":"https:\/\/eltrabajo.cl\/portal\/wp-json\/wp\/v2\/posts"}],"about":[{"href":"https:\/\/eltrabajo.cl\/portal\/wp-json\/wp\/v2\/types\/post"}],"author":[{"embeddable":true,"href":"https:\/\/eltrabajo.cl\/portal\/wp-json\/wp\/v2\/users\/1"}],"replies":[{"embeddable":true,"href":"https:\/\/eltrabajo.cl\/portal\/wp-json\/wp\/v2\/comments?post=79922"}],"version-history":[{"count":0,"href":"https:\/\/eltrabajo.cl\/portal\/wp-json\/wp\/v2\/posts\/79922\/revisions"}],"wp:featuredmedia":[{"embeddable":true,"href":"https:\/\/eltrabajo.cl\/portal\/wp-json\/wp\/v2\/media\/79923"}],"wp:attachment":[{"href":"https:\/\/eltrabajo.cl\/portal\/wp-json\/wp\/v2\/media?parent=79922"}],"wp:term":[{"taxonomy":"category","embeddable":true,"href":"https:\/\/eltrabajo.cl\/portal\/wp-json\/wp\/v2\/categories?post=79922"},{"taxonomy":"post_tag","embeddable":true,"href":"https:\/\/eltrabajo.cl\/portal\/wp-json\/wp\/v2\/tags?post=79922"}],"curies":[{"name":"wp","href":"https:\/\/api.w.org\/{rel}","templated":true}]}}