{"id":79925,"date":"2017-06-30T06:05:45","date_gmt":"2017-06-30T10:05:45","guid":{"rendered":"http:\/\/www.eltrabajo.cl\/2017\/?p=79925"},"modified":"2017-06-30T06:05:45","modified_gmt":"2017-06-30T10:05:45","slug":"con-comidas-y-bailes-celebran-el-ano-nuevo-mapuche-en-la-escuela-renacer","status":"publish","type":"post","link":"https:\/\/eltrabajo.cl\/portal\/con-comidas-y-bailes-celebran-el-ano-nuevo-mapuche-en-la-escuela-renacer\/","title":{"rendered":"Con comidas y bailes celebran el A\u00f1o Nuevo Mapuche en la Escuela Renacer"},"content":{"rendered":"<figure id=\"attachment_79931\" aria-describedby=\"caption-attachment-79931\" style=\"width: 580px\" class=\"wp-caption alignnone\"><img data-recalc-dims=\"1\" loading=\"lazy\" decoding=\"async\" class=\"size-full wp-image-79931\" src=\"https:\/\/i0.wp.com\/www.eltrabajo.cl\/2017\/wp-content\/uploads\/2017\/06\/Mapuches5.jpg?resize=580%2C349\" alt=\"PUEBLOS ORIGINARIOS.- Los Aymaras recorrieron con alegr\u00eda el patio de la escuela, anunciando su alegr\u00eda por este a\u00f1o nuevo.\" width=\"580\" height=\"349\" srcset=\"https:\/\/i0.wp.com\/eltrabajo.cl\/portal\/wp-content\/uploads\/2017\/06\/Mapuches5.jpg?w=580&amp;ssl=1 580w, https:\/\/i0.wp.com\/eltrabajo.cl\/portal\/wp-content\/uploads\/2017\/06\/Mapuches5.jpg?resize=200%2C120&amp;ssl=1 200w, https:\/\/i0.wp.com\/eltrabajo.cl\/portal\/wp-content\/uploads\/2017\/06\/Mapuches5.jpg?resize=300%2C181&amp;ssl=1 300w, https:\/\/i0.wp.com\/eltrabajo.cl\/portal\/wp-content\/uploads\/2017\/06\/Mapuches5.jpg?resize=249%2C150&amp;ssl=1 249w, https:\/\/i0.wp.com\/eltrabajo.cl\/portal\/wp-content\/uploads\/2017\/06\/Mapuches5.jpg?resize=400%2C241&amp;ssl=1 400w\" sizes=\"auto, (max-width: 580px) 100vw, 580px\" \/><figcaption id=\"caption-attachment-79931\" class=\"wp-caption-text\">PUEBLOS ORIGINARIOS.- Los Aymaras recorrieron con alegr\u00eda el patio de la escuela, anunciando su alegr\u00eda por este a\u00f1o nuevo.30<\/figcaption><\/figure>\n<p><strong>PUTAENDO.-<\/strong> Un gran montaje art\u00edstico-cultural fue el que se desarroll\u00f3 en la Escuela Renacer, en Calle Herrera de Putaendo, luego que toda la comunidad educativa celebrara con alegr\u00eda el We Tripantu (A\u00f1o nuevo Mapuche), actividad a la que asistieron exalumnos, autoridades del Daem Putaendo y apoderados del centro educativo.<br \/>\nComo parte del banquete ofrecido, cada curso interpret\u00f3 un baile distinto correspondiente a los pueblos originarios que fueron seleccionados.<br \/>\n\u00abNo solamente queremos celebrar el A\u00f1o Nuevo Mapuche, tambi\u00e9n quisimos rendir homenaje a los dem\u00e1s pueblos originarios de Chile. Esta es tambi\u00e9n una gran oportunidad para resaltar a las seis etnias reconocidas oficialmente por el Gobierno, as\u00ed como tambi\u00e9n a las 17 que existen en nuestro pa\u00eds. Cada curso de nuestra escuela hizo un sorteo para ellos representar a cada pueblo originario con sus comidas t\u00edpicas, vestimentas y bailes propios, entre ellos los Atacame\u00f1os, Aymaras, Collas, Rapa Nui, Mapuches, Selkman y Kaweskar, entre otros\u00bb, coment\u00f3 a Diario El Trabajo el director de la escuela, don Jorge Contreras.<br \/>\nLas c\u00e1maras de Diario El Trabajo tomaron registro de los bailes y representaciones que estos estudiantes ofrecieron a los presentes, ricos bocadillos ancestrales, paneles informativos sobre la historia de cada pueblo, as\u00ed como fotograf\u00edas de los mismos.<br \/>\n<strong>Roberto Gonz\u00e1lez Short<\/strong><\/p>\n<figure id=\"attachment_79926\" aria-describedby=\"caption-attachment-79926\" style=\"width: 580px\" class=\"wp-caption alignnone\"><img data-recalc-dims=\"1\" loading=\"lazy\" decoding=\"async\" class=\"size-full wp-image-79926\" src=\"https:\/\/i0.wp.com\/www.eltrabajo.cl\/2017\/wp-content\/uploads\/2017\/06\/Mapuche1.jpg?resize=580%2C348\" alt=\"BAILES DE ATACAMA.- Aqu\u00ed tenemos los bailes de los atacame\u00f1os, estos estudiantes tambi\u00e9n relataron un cuento originario sobre el c\u00f3ndor y una pastorcita.\" width=\"580\" height=\"348\" srcset=\"https:\/\/i0.wp.com\/eltrabajo.cl\/portal\/wp-content\/uploads\/2017\/06\/Mapuche1.jpg?w=580&amp;ssl=1 580w, https:\/\/i0.wp.com\/eltrabajo.cl\/portal\/wp-content\/uploads\/2017\/06\/Mapuche1.jpg?resize=200%2C120&amp;ssl=1 200w, https:\/\/i0.wp.com\/eltrabajo.cl\/portal\/wp-content\/uploads\/2017\/06\/Mapuche1.jpg?resize=300%2C180&amp;ssl=1 300w, https:\/\/i0.wp.com\/eltrabajo.cl\/portal\/wp-content\/uploads\/2017\/06\/Mapuche1.jpg?resize=250%2C150&amp;ssl=1 250w, https:\/\/i0.wp.com\/eltrabajo.cl\/portal\/wp-content\/uploads\/2017\/06\/Mapuche1.jpg?resize=400%2C240&amp;ssl=1 400w\" sizes=\"auto, (max-width: 580px) 100vw, 580px\" \/><figcaption id=\"caption-attachment-79926\" class=\"wp-caption-text\">BAILES DE ATACAMA.- Aqu\u00ed tenemos los bailes de los atacame\u00f1os, estos estudiantes tambi\u00e9n relataron un cuento originario sobre el c\u00f3ndor y una pastorcita.<\/figcaption><\/figure>\n<figure id=\"attachment_79927\" aria-describedby=\"caption-attachment-79927\" style=\"width: 580px\" class=\"wp-caption alignnone\"><img data-recalc-dims=\"1\" loading=\"lazy\" decoding=\"async\" class=\"size-full wp-image-79927\" src=\"https:\/\/i0.wp.com\/www.eltrabajo.cl\/2017\/wp-content\/uploads\/2017\/06\/Mapuche6.jpg?resize=580%2C349\" alt=\"OCTAVO B\u00c1SICO.- Ellos son los chicos de Octavo B\u00e1sico, quienes lo entregaron todo para que el We Tripantu se desarrollara de la mejor manera.\" width=\"580\" height=\"349\" srcset=\"https:\/\/i0.wp.com\/eltrabajo.cl\/portal\/wp-content\/uploads\/2017\/06\/Mapuche6.jpg?w=580&amp;ssl=1 580w, https:\/\/i0.wp.com\/eltrabajo.cl\/portal\/wp-content\/uploads\/2017\/06\/Mapuche6.jpg?resize=200%2C120&amp;ssl=1 200w, https:\/\/i0.wp.com\/eltrabajo.cl\/portal\/wp-content\/uploads\/2017\/06\/Mapuche6.jpg?resize=300%2C181&amp;ssl=1 300w, https:\/\/i0.wp.com\/eltrabajo.cl\/portal\/wp-content\/uploads\/2017\/06\/Mapuche6.jpg?resize=249%2C150&amp;ssl=1 249w, https:\/\/i0.wp.com\/eltrabajo.cl\/portal\/wp-content\/uploads\/2017\/06\/Mapuche6.jpg?resize=400%2C241&amp;ssl=1 400w\" sizes=\"auto, (max-width: 580px) 100vw, 580px\" \/><figcaption id=\"caption-attachment-79927\" class=\"wp-caption-text\">OCTAVO B\u00c1SICO.- Ellos son los chicos de Octavo B\u00e1sico, quienes lo entregaron todo para que el We Tripantu se desarrollara de la mejor manera.<\/figcaption><\/figure>\n<figure id=\"attachment_79929\" aria-describedby=\"caption-attachment-79929\" style=\"width: 580px\" class=\"wp-caption alignnone\"><img data-recalc-dims=\"1\" loading=\"lazy\" decoding=\"async\" class=\"size-full wp-image-79929\" src=\"https:\/\/i0.wp.com\/www.eltrabajo.cl\/2017\/wp-content\/uploads\/2017\/06\/Mapuches3.jpg?resize=580%2C349\" alt=\"Otros en cambio, corr\u00edan y jugaban al Pal\u00edn, como parte de las ceremonias desarrolladas en la Escuela Renacer.\" width=\"580\" height=\"349\" srcset=\"https:\/\/i0.wp.com\/eltrabajo.cl\/portal\/wp-content\/uploads\/2017\/06\/Mapuches3.jpg?w=580&amp;ssl=1 580w, https:\/\/i0.wp.com\/eltrabajo.cl\/portal\/wp-content\/uploads\/2017\/06\/Mapuches3.jpg?resize=200%2C120&amp;ssl=1 200w, https:\/\/i0.wp.com\/eltrabajo.cl\/portal\/wp-content\/uploads\/2017\/06\/Mapuches3.jpg?resize=300%2C181&amp;ssl=1 300w, https:\/\/i0.wp.com\/eltrabajo.cl\/portal\/wp-content\/uploads\/2017\/06\/Mapuches3.jpg?resize=249%2C150&amp;ssl=1 249w, https:\/\/i0.wp.com\/eltrabajo.cl\/portal\/wp-content\/uploads\/2017\/06\/Mapuches3.jpg?resize=400%2C241&amp;ssl=1 400w\" sizes=\"auto, (max-width: 580px) 100vw, 580px\" \/><figcaption id=\"caption-attachment-79929\" class=\"wp-caption-text\">Otros en cambio, corr\u00edan y jugaban al Pal\u00edn, como parte de las ceremonias desarrolladas en la Escuela Renacer.<\/figcaption><\/figure>\n<figure id=\"attachment_79930\" aria-describedby=\"caption-attachment-79930\" style=\"width: 580px\" class=\"wp-caption alignnone\"><img data-recalc-dims=\"1\" loading=\"lazy\" decoding=\"async\" class=\"size-full wp-image-79930\" src=\"https:\/\/i0.wp.com\/www.eltrabajo.cl\/2017\/wp-content\/uploads\/2017\/06\/Mapuches4.jpg?resize=580%2C350\" alt=\"TODOS CELEBRANDO.- Algunas profesoras tambi\u00e9n se unieron a los bailes originarios en esta celebraci\u00f3n del We Tripantu.\" width=\"580\" height=\"350\" srcset=\"https:\/\/i0.wp.com\/eltrabajo.cl\/portal\/wp-content\/uploads\/2017\/06\/Mapuches4.jpg?w=580&amp;ssl=1 580w, https:\/\/i0.wp.com\/eltrabajo.cl\/portal\/wp-content\/uploads\/2017\/06\/Mapuches4.jpg?resize=200%2C121&amp;ssl=1 200w, https:\/\/i0.wp.com\/eltrabajo.cl\/portal\/wp-content\/uploads\/2017\/06\/Mapuches4.jpg?resize=300%2C181&amp;ssl=1 300w, https:\/\/i0.wp.com\/eltrabajo.cl\/portal\/wp-content\/uploads\/2017\/06\/Mapuches4.jpg?resize=249%2C150&amp;ssl=1 249w, https:\/\/i0.wp.com\/eltrabajo.cl\/portal\/wp-content\/uploads\/2017\/06\/Mapuches4.jpg?resize=400%2C241&amp;ssl=1 400w\" sizes=\"auto, (max-width: 580px) 100vw, 580px\" \/><figcaption id=\"caption-attachment-79930\" class=\"wp-caption-text\">TODOS CELEBRANDO.- Algunas profesoras tambi\u00e9n se unieron a los bailes originarios en esta celebraci\u00f3n del We Tripantu.<\/figcaption><\/figure>\n<figure id=\"attachment_79932\" aria-describedby=\"caption-attachment-79932\" style=\"width: 580px\" class=\"wp-caption alignnone\"><img data-recalc-dims=\"1\" loading=\"lazy\" decoding=\"async\" class=\"size-full wp-image-79932\" src=\"https:\/\/i0.wp.com\/www.eltrabajo.cl\/2017\/wp-content\/uploads\/2017\/06\/Mapuches7.jpg?resize=580%2C350\" alt=\"MULTI\u00c9TNICO.- Esta ni\u00f1a haitiana tambi\u00e9n fue parte de las celebraciones del A\u00f1o Nuevo Mapuche.\" width=\"580\" height=\"350\" srcset=\"https:\/\/i0.wp.com\/eltrabajo.cl\/portal\/wp-content\/uploads\/2017\/06\/Mapuches7.jpg?w=580&amp;ssl=1 580w, https:\/\/i0.wp.com\/eltrabajo.cl\/portal\/wp-content\/uploads\/2017\/06\/Mapuches7.jpg?resize=200%2C121&amp;ssl=1 200w, https:\/\/i0.wp.com\/eltrabajo.cl\/portal\/wp-content\/uploads\/2017\/06\/Mapuches7.jpg?resize=300%2C181&amp;ssl=1 300w, https:\/\/i0.wp.com\/eltrabajo.cl\/portal\/wp-content\/uploads\/2017\/06\/Mapuches7.jpg?resize=249%2C150&amp;ssl=1 249w, https:\/\/i0.wp.com\/eltrabajo.cl\/portal\/wp-content\/uploads\/2017\/06\/Mapuches7.jpg?resize=400%2C241&amp;ssl=1 400w\" sizes=\"auto, (max-width: 580px) 100vw, 580px\" \/><figcaption id=\"caption-attachment-79932\" class=\"wp-caption-text\">MULTI\u00c9TNICO.- Esta ni\u00f1a haitiana tambi\u00e9n fue parte de las celebraciones del A\u00f1o Nuevo Mapuche.<\/figcaption><\/figure>\n","protected":false},"excerpt":{"rendered":"<p>PUTAENDO.- Un gran montaje art\u00edstico-cultural fue el que se desarroll\u00f3 en la Escuela Renacer, en Calle Herrera de Putaendo, luego que toda la comunidad educativa celebrara con alegr\u00eda el We Tripantu (A\u00f1o&#8230;<\/p>\n","protected":false},"author":1,"featured_media":79927,"comment_status":"open","ping_status":"open","sticky":false,"template":"","format":"standard","meta":{"advanced_seo_description":"","jetpack_seo_html_title":"","jetpack_seo_noindex":false,"_jetpack_memberships_contains_paid_content":false,"footnotes":""},"categories":[15],"tags":[],"class_list":["post-79925","post","type-post","status-publish","format-standard","has-post-thumbnail","hentry","category-comunidad"],"jetpack_featured_media_url":"https:\/\/i0.wp.com\/eltrabajo.cl\/portal\/wp-content\/uploads\/2017\/06\/Mapuche6.jpg?fit=580%2C349&ssl=1","jetpack_sharing_enabled":true,"jetpack_likes_enabled":true,"jetpack-related-posts":[],"_links":{"self":[{"href":"https:\/\/eltrabajo.cl\/portal\/wp-json\/wp\/v2\/posts\/79925","targetHints":{"allow":["GET"]}}],"collection":[{"href":"https:\/\/eltrabajo.cl\/portal\/wp-json\/wp\/v2\/posts"}],"about":[{"href":"https:\/\/eltrabajo.cl\/portal\/wp-json\/wp\/v2\/types\/post"}],"author":[{"embeddable":true,"href":"https:\/\/eltrabajo.cl\/portal\/wp-json\/wp\/v2\/users\/1"}],"replies":[{"embeddable":true,"href":"https:\/\/eltrabajo.cl\/portal\/wp-json\/wp\/v2\/comments?post=79925"}],"version-history":[{"count":0,"href":"https:\/\/eltrabajo.cl\/portal\/wp-json\/wp\/v2\/posts\/79925\/revisions"}],"wp:featuredmedia":[{"embeddable":true,"href":"https:\/\/eltrabajo.cl\/portal\/wp-json\/wp\/v2\/media\/79927"}],"wp:attachment":[{"href":"https:\/\/eltrabajo.cl\/portal\/wp-json\/wp\/v2\/media?parent=79925"}],"wp:term":[{"taxonomy":"category","embeddable":true,"href":"https:\/\/eltrabajo.cl\/portal\/wp-json\/wp\/v2\/categories?post=79925"},{"taxonomy":"post_tag","embeddable":true,"href":"https:\/\/eltrabajo.cl\/portal\/wp-json\/wp\/v2\/tags?post=79925"}],"curies":[{"name":"wp","href":"https:\/\/api.w.org\/{rel}","templated":true}]}}