{"id":79939,"date":"2017-06-02T06:02:18","date_gmt":"2017-06-02T10:02:18","guid":{"rendered":"http:\/\/www.eltrabajo.cl\/2017\/?p=79322"},"modified":"2018-12-17T20:00:36","modified_gmt":"2018-12-17T23:00:36","slug":"hoy-al-mediodia-volvera-a-funcionar-la-pileta-de-nuestra-plaza-de-armas","status":"publish","type":"post","link":"https:\/\/eltrabajo.cl\/portal\/hoy-al-mediodia-volvera-a-funcionar-la-pileta-de-nuestra-plaza-de-armas\/","title":{"rendered":"Hoy al mediod\u00eda volver\u00e1 a funcionar la pileta de nuestra Plaza de Armas"},"content":{"rendered":"<figure id=\"attachment_79338\" aria-describedby=\"caption-attachment-79338\" style=\"width: 580px\" class=\"wp-caption alignleft\"><a href=\"http:\/\/www.eltrabajo.cl\/portal\/pileta1-4\/\"><img data-recalc-dims=\"1\" loading=\"lazy\" decoding=\"async\" class=\"size-full wp-image-79338\" src=\"https:\/\/i0.wp.com\/www.eltrabajo.cl\/portal\/wp-content\/uploads\/2017\/06\/Pileta1.jpg?resize=580%2C350\" alt=\"TRAS SIETE MESES.- Ayer fue instalada la nueva bomba de agua en la pileta de nuestra Plaza de Armas, pero hasta hoy viernes al mediod\u00eda la misma estar\u00e1 en perfecto funcionamiento.\" width=\"580\" height=\"350\" srcset=\"https:\/\/i0.wp.com\/eltrabajo.cl\/portal\/wp-content\/uploads\/2017\/06\/Pileta1.jpg?w=580&amp;ssl=1 580w, https:\/\/i0.wp.com\/eltrabajo.cl\/portal\/wp-content\/uploads\/2017\/06\/Pileta1.jpg?resize=200%2C121&amp;ssl=1 200w, https:\/\/i0.wp.com\/eltrabajo.cl\/portal\/wp-content\/uploads\/2017\/06\/Pileta1.jpg?resize=300%2C181&amp;ssl=1 300w, https:\/\/i0.wp.com\/eltrabajo.cl\/portal\/wp-content\/uploads\/2017\/06\/Pileta1.jpg?resize=249%2C150&amp;ssl=1 249w, https:\/\/i0.wp.com\/eltrabajo.cl\/portal\/wp-content\/uploads\/2017\/06\/Pileta1.jpg?resize=400%2C241&amp;ssl=1 400w\" sizes=\"auto, (max-width: 580px) 100vw, 580px\" \/><\/a><figcaption id=\"caption-attachment-79338\" class=\"wp-caption-text\">TRAS SIETE MESES.- Ayer fue instalada la nueva bomba de agua en la pileta de nuestra Plaza de Armas, pero hasta hoy viernes al mediod\u00eda la misma estar\u00e1 en perfecto funcionamiento.<\/figcaption><\/figure>\n<ul>\n<li><span style=\"color: #ff0000;\"><strong>Municipio compr\u00f3 nueva bomba para su funcionamiento:<\/strong><\/span><\/li>\n<\/ul>\n<p>Luego que la pileta de nuestra Plaza de Armas dejara de ofrecer agua para refrescar y embellecer la ciudad en noviembre de 2016, algunos vecinos y hasta las aves que disfrutaban de su funcionalidad empezaron a echar de menos ese necesario recurso urbano. Pues aunque ya la Navidad pas\u00f3 hace m\u00e1s de cinco meses, hasta ayer esta pileta segu\u00eda seca, s\u00f3lo contando con las palomas intentando beber algunas gotas de agua estancada.<\/p>\n<p><strong>HOY ESTAR\u00c1 LISTA<\/strong><br \/>\nEn Diario El Trabajo nos dimos a la tarea de informarnos sobre las razones de esta \u2018sequ\u00eda\u2019 en nuestra pileta, a lo que el Municipio respondi\u00f3 que \u00abla bomba que ven\u00eda funcionando desde hace a\u00f1os para que hubiese agua en la pileta, ya hab\u00eda sido reparada varias veces, hasta que finalmente dej\u00f3 de funcionar, as\u00ed las cosas, licitamos una nueva, todo aprobado, a los d\u00edas el proveedor que gan\u00f3 tal licitaci\u00f3n nos inform\u00f3 que no ten\u00eda stock, lo que nos oblig\u00f3 a volver a licitar, por eso nos atrasamos todo este tiempo, hace tres d\u00edas nos lleg\u00f3 la nueva y hoy (ayer) la estamos instalando. Esperamos que este viernes al mediod\u00eda la bomba est\u00e9 funcionando en perfectas condiciones\u00bb.<br \/>\nLas c\u00e1maras de nuestro medio pudieron tomar registro del trabajo que se hizo hasta el anochecer, mientras que algunos vecinos opinaron sobre el tema en cuesti\u00f3n.<br \/>\nAlejandro \u2018Plumita\u2019 Ch\u00e1vez, payaso: \u00abhasta las palomas tienen sed y aunque hace fr\u00edo, es muy necesaria esta fuente, ojala que pronto la reparen\u00bb.<br \/>\nNelson Herrera, dentista: \u00abSe ve triste nuestra Plaza de Armas, hay que rescatar cuanto antes nuestra pileta, pues es el centro de nuestra ciudad\u00bb.<br \/>\n<strong>Roberto Gonz\u00e1lez Short<\/strong><\/p>\n<figure id=\"attachment_79339\" aria-describedby=\"caption-attachment-79339\" style=\"width: 580px\" class=\"wp-caption alignleft\"><a href=\"http:\/\/www.eltrabajo.cl\/portal\/pileta2\/\"><img data-recalc-dims=\"1\" loading=\"lazy\" decoding=\"async\" class=\"size-full wp-image-79339\" src=\"https:\/\/i0.wp.com\/www.eltrabajo.cl\/portal\/wp-content\/uploads\/2017\/06\/Pileta2.jpg?resize=580%2C349\" alt=\"PALOMAS ESPERAN.- Estas palomas ser\u00e1n las m\u00e1s felices, pues llevan siete meses bebiendo agua sucia de la periferia de la ciudad.\" width=\"580\" height=\"349\" srcset=\"https:\/\/i0.wp.com\/eltrabajo.cl\/portal\/wp-content\/uploads\/2017\/06\/Pileta2.jpg?w=580&amp;ssl=1 580w, https:\/\/i0.wp.com\/eltrabajo.cl\/portal\/wp-content\/uploads\/2017\/06\/Pileta2.jpg?resize=200%2C120&amp;ssl=1 200w, https:\/\/i0.wp.com\/eltrabajo.cl\/portal\/wp-content\/uploads\/2017\/06\/Pileta2.jpg?resize=300%2C181&amp;ssl=1 300w, https:\/\/i0.wp.com\/eltrabajo.cl\/portal\/wp-content\/uploads\/2017\/06\/Pileta2.jpg?resize=249%2C150&amp;ssl=1 249w, https:\/\/i0.wp.com\/eltrabajo.cl\/portal\/wp-content\/uploads\/2017\/06\/Pileta2.jpg?resize=400%2C241&amp;ssl=1 400w\" sizes=\"auto, (max-width: 580px) 100vw, 580px\" \/><\/a><figcaption id=\"caption-attachment-79339\" class=\"wp-caption-text\">PALOMAS ESPERAN.- Estas palomas ser\u00e1n las m\u00e1s felices, pues llevan siete meses bebiendo agua sucia de la periferia de la ciudad.<\/figcaption><\/figure>\n","protected":false},"excerpt":{"rendered":"<p>Municipio compr\u00f3 nueva bomba para su funcionamiento: Luego que la pileta de nuestra Plaza de Armas dejara de ofrecer agua para refrescar y embellecer la ciudad en noviembre de 2016, algunos vecinos&#8230;<\/p>\n","protected":false},"author":1,"featured_media":79339,"comment_status":"open","ping_status":"open","sticky":false,"template":"","format":"standard","meta":{"advanced_seo_description":"","jetpack_seo_html_title":"","jetpack_seo_noindex":false,"_jetpack_memberships_contains_paid_content":false,"footnotes":""},"categories":[15],"tags":[],"class_list":["post-79939","post","type-post","status-publish","format-standard","has-post-thumbnail","hentry","category-comunidad"],"jetpack_featured_media_url":"https:\/\/i0.wp.com\/eltrabajo.cl\/portal\/wp-content\/uploads\/2017\/06\/Pileta2.jpg?fit=580%2C349&ssl=1","jetpack_sharing_enabled":true,"jetpack_likes_enabled":true,"jetpack-related-posts":[],"_links":{"self":[{"href":"https:\/\/eltrabajo.cl\/portal\/wp-json\/wp\/v2\/posts\/79939","targetHints":{"allow":["GET"]}}],"collection":[{"href":"https:\/\/eltrabajo.cl\/portal\/wp-json\/wp\/v2\/posts"}],"about":[{"href":"https:\/\/eltrabajo.cl\/portal\/wp-json\/wp\/v2\/types\/post"}],"author":[{"embeddable":true,"href":"https:\/\/eltrabajo.cl\/portal\/wp-json\/wp\/v2\/users\/1"}],"replies":[{"embeddable":true,"href":"https:\/\/eltrabajo.cl\/portal\/wp-json\/wp\/v2\/comments?post=79939"}],"version-history":[{"count":0,"href":"https:\/\/eltrabajo.cl\/portal\/wp-json\/wp\/v2\/posts\/79939\/revisions"}],"wp:featuredmedia":[{"embeddable":true,"href":"https:\/\/eltrabajo.cl\/portal\/wp-json\/wp\/v2\/media\/79339"}],"wp:attachment":[{"href":"https:\/\/eltrabajo.cl\/portal\/wp-json\/wp\/v2\/media?parent=79939"}],"wp:term":[{"taxonomy":"category","embeddable":true,"href":"https:\/\/eltrabajo.cl\/portal\/wp-json\/wp\/v2\/categories?post=79939"},{"taxonomy":"post_tag","embeddable":true,"href":"https:\/\/eltrabajo.cl\/portal\/wp-json\/wp\/v2\/tags?post=79939"}],"curies":[{"name":"wp","href":"https:\/\/api.w.org\/{rel}","templated":true}]}}