{"id":79940,"date":"2017-06-02T06:03:29","date_gmt":"2017-06-02T10:03:29","guid":{"rendered":"http:\/\/www.eltrabajo.cl\/2017\/?p=79326"},"modified":"2018-12-17T19:57:52","modified_gmt":"2018-12-17T22:57:52","slug":"entretenida-manana-de-cuentos-vivieron-ninos-educadoras-y-papas-de-jardin","status":"publish","type":"post","link":"https:\/\/eltrabajo.cl\/portal\/entretenida-manana-de-cuentos-vivieron-ninos-educadoras-y-papas-de-jardin\/","title":{"rendered":"Entretenida ma\u00f1ana de cuentos vivieron ni\u00f1os, educadoras y pap\u00e1s de Jard\u00edn"},"content":{"rendered":"<figure id=\"attachment_79341\" aria-describedby=\"caption-attachment-79341\" style=\"width: 580px\" class=\"wp-caption alignleft\"><a href=\"http:\/\/www.eltrabajo.cl\/portal\/jardin-rincon-angelitos-2\/\"><img data-recalc-dims=\"1\" loading=\"lazy\" decoding=\"async\" class=\"size-full wp-image-79341\" src=\"https:\/\/i0.wp.com\/www.eltrabajo.cl\/portal\/wp-content\/uploads\/2017\/06\/jardin-rincon-angelitos-2.jpg?resize=580%2C349\" alt=\"La actividad ten\u00eda por objetivo ser un espacio de encuentro entre las educadoras, los peque\u00f1os y sus padres y apoderados.\" width=\"580\" height=\"349\" srcset=\"https:\/\/i0.wp.com\/eltrabajo.cl\/portal\/wp-content\/uploads\/2017\/06\/jardin-rincon-angelitos-2.jpg?w=580&amp;ssl=1 580w, https:\/\/i0.wp.com\/eltrabajo.cl\/portal\/wp-content\/uploads\/2017\/06\/jardin-rincon-angelitos-2.jpg?resize=200%2C120&amp;ssl=1 200w, https:\/\/i0.wp.com\/eltrabajo.cl\/portal\/wp-content\/uploads\/2017\/06\/jardin-rincon-angelitos-2.jpg?resize=300%2C181&amp;ssl=1 300w, https:\/\/i0.wp.com\/eltrabajo.cl\/portal\/wp-content\/uploads\/2017\/06\/jardin-rincon-angelitos-2.jpg?resize=249%2C150&amp;ssl=1 249w, https:\/\/i0.wp.com\/eltrabajo.cl\/portal\/wp-content\/uploads\/2017\/06\/jardin-rincon-angelitos-2.jpg?resize=400%2C241&amp;ssl=1 400w\" sizes=\"auto, (max-width: 580px) 100vw, 580px\" \/><\/a><figcaption id=\"caption-attachment-79341\" class=\"wp-caption-text\">La actividad ten\u00eda por objetivo ser un espacio de encuentro entre las educadoras, los peque\u00f1os y sus padres y apoderados.<\/figcaption><\/figure>\n<ul>\n<li><strong><span style=\"color: #ff0000;\">\u2018El Rinc\u00f3n de los Angelitos\u2019:<\/span> \u00a0Compa\u00f1\u00eda Puro Cuento realiz\u00f3 presentaci\u00f3n para los peque\u00f1os de este establecimiento municipal.<\/strong><\/li>\n<\/ul>\n<p>Una entretenida ma\u00f1ana de cuenta-cuentos, fue la que se vivi\u00f3 en la sede de la Poblaci\u00f3n Juan Pablo II, donde la comunidad educativa del Jard\u00edn Infantil El Rinc\u00f3n de los Angelitos, se reuni\u00f3 para celebrar el D\u00eda de la Familia.<br \/>\nCon el apoyo del departamento de Cultura de la municipalidad, fue posible que se presentara en la ma\u00f1ana del martes la compa\u00f1\u00eda \u2018Puro Cuento\u2019, cuyos integrantes lograron concitar el inter\u00e9s de los peque\u00f1itos, sus padres y las educadoras del establecimiento gracias a los entretenidos cuentos y el uso de la t\u00e9cnica denominada \u2018Kamishibai\u2019.<br \/>\nSeg\u00fan dijo la directora del Jard\u00edn Infantil, Pamela Madariaga, la actividad no s\u00f3lo tiene por finalidad la generaci\u00f3n de un espacio de encuentro entre las educadoras, los peque\u00f1os y sus padres y apoderados; sino tambi\u00e9n favorecer el aprendizaje en relaci\u00f3n a la entrega de conocimiento y valores, a los ni\u00f1os y ni\u00f1as, quienes disfrutaron de principio a fin la presentaci\u00f3n.<br \/>\n\u201cLa idea es que la familia se involucre y haga alianza con nosotros en la labor pedag\u00f3gica de sus ni\u00f1os y ni\u00f1as. Queremos que las mam\u00e1s, pap\u00e1s y apoderados se hagan parte de nuestro jard\u00edn infantil, que atiende a 176 ni\u00f1os y ni\u00f1as; y que por cierto tiene cupos en sala cuna\u201d, se\u00f1al\u00f3 la directora.<br \/>\nExplic\u00f3 que el desarrollo de estas actividades de cuenta-cuento entrega una serie de experiencias educativas, pues permite a los ni\u00f1os aprender, as\u00ed como tambi\u00e9n fomentar la creatividad y la imaginaci\u00f3n.<br \/>\n\u201cUno puede desarrollar tantas experiencias educativas a trav\u00e9s del lenguaje, pero lo m\u00e1s importante es que ellos puedan compartir y que sean felices, que es lo primordial en nuestro jard\u00edn. Estamos enfatizando como pr\u00e1ctica que el ni\u00f1o sea protagonista de sus aprendizajes y un aspecto importante es la integraci\u00f3n y la participaci\u00f3n\u201d, precis\u00f3 Pamela Madariaga.<br \/>\nEn la ocasi\u00f3n, fueron muchos los pap\u00e1s y mam\u00e1s que llegaron a la actividad, donde al cabo de este encuentro la directora les formul\u00f3 una invitaci\u00f3n para continuar participando en este maravilloso proceso de aprendizaje y desarrollo de sus hijos.<\/p>\n<figure id=\"attachment_79340\" aria-describedby=\"caption-attachment-79340\" style=\"width: 580px\" class=\"wp-caption alignleft\"><a href=\"http:\/\/www.eltrabajo.cl\/portal\/jardin-rincon-angelitos-1\/\"><img data-recalc-dims=\"1\" loading=\"lazy\" decoding=\"async\" class=\"wp-image-79340 size-full\" src=\"https:\/\/i0.wp.com\/www.eltrabajo.cl\/portal\/wp-content\/uploads\/2017\/06\/jardin-rincon-angelitos-1.jpg?resize=580%2C349\" alt=\"Los integrantes de la compa\u00f1\u00eda \u2018Puro Cuento\u2019 lograron concitar el inter\u00e9s de los peque\u00f1itos.\" width=\"580\" height=\"349\" srcset=\"https:\/\/i0.wp.com\/eltrabajo.cl\/portal\/wp-content\/uploads\/2017\/06\/jardin-rincon-angelitos-1.jpg?w=580&amp;ssl=1 580w, https:\/\/i0.wp.com\/eltrabajo.cl\/portal\/wp-content\/uploads\/2017\/06\/jardin-rincon-angelitos-1.jpg?resize=200%2C120&amp;ssl=1 200w, https:\/\/i0.wp.com\/eltrabajo.cl\/portal\/wp-content\/uploads\/2017\/06\/jardin-rincon-angelitos-1.jpg?resize=300%2C181&amp;ssl=1 300w, https:\/\/i0.wp.com\/eltrabajo.cl\/portal\/wp-content\/uploads\/2017\/06\/jardin-rincon-angelitos-1.jpg?resize=249%2C150&amp;ssl=1 249w, https:\/\/i0.wp.com\/eltrabajo.cl\/portal\/wp-content\/uploads\/2017\/06\/jardin-rincon-angelitos-1.jpg?resize=400%2C241&amp;ssl=1 400w\" sizes=\"auto, (max-width: 580px) 100vw, 580px\" \/><\/a><figcaption id=\"caption-attachment-79340\" class=\"wp-caption-text\">Los integrantes de la compa\u00f1\u00eda \u2018Puro Cuento\u2019 lograron concitar el inter\u00e9s de los peque\u00f1itos.<\/figcaption><\/figure>\n<div class=\"mceTemp\"><\/div>\n<p>&nbsp;<\/p>\n<p>&nbsp;<\/p>\n","protected":false},"excerpt":{"rendered":"<p>\u2018El Rinc\u00f3n de los Angelitos\u2019: \u00a0Compa\u00f1\u00eda Puro Cuento realiz\u00f3 presentaci\u00f3n para los peque\u00f1os de este establecimiento municipal. Una entretenida ma\u00f1ana de cuenta-cuentos, fue la que se vivi\u00f3 en la sede de la&#8230;<\/p>\n","protected":false},"author":1,"featured_media":79340,"comment_status":"open","ping_status":"open","sticky":false,"template":"","format":"standard","meta":{"advanced_seo_description":"","jetpack_seo_html_title":"","jetpack_seo_noindex":false,"_jetpack_memberships_contains_paid_content":false,"footnotes":""},"categories":[15],"tags":[],"class_list":["post-79940","post","type-post","status-publish","format-standard","has-post-thumbnail","hentry","category-comunidad"],"jetpack_featured_media_url":"https:\/\/i0.wp.com\/eltrabajo.cl\/portal\/wp-content\/uploads\/2017\/06\/jardin-rincon-angelitos-1.jpg?fit=580%2C349&ssl=1","jetpack_sharing_enabled":true,"jetpack_likes_enabled":true,"jetpack-related-posts":[],"_links":{"self":[{"href":"https:\/\/eltrabajo.cl\/portal\/wp-json\/wp\/v2\/posts\/79940","targetHints":{"allow":["GET"]}}],"collection":[{"href":"https:\/\/eltrabajo.cl\/portal\/wp-json\/wp\/v2\/posts"}],"about":[{"href":"https:\/\/eltrabajo.cl\/portal\/wp-json\/wp\/v2\/types\/post"}],"author":[{"embeddable":true,"href":"https:\/\/eltrabajo.cl\/portal\/wp-json\/wp\/v2\/users\/1"}],"replies":[{"embeddable":true,"href":"https:\/\/eltrabajo.cl\/portal\/wp-json\/wp\/v2\/comments?post=79940"}],"version-history":[{"count":0,"href":"https:\/\/eltrabajo.cl\/portal\/wp-json\/wp\/v2\/posts\/79940\/revisions"}],"wp:featuredmedia":[{"embeddable":true,"href":"https:\/\/eltrabajo.cl\/portal\/wp-json\/wp\/v2\/media\/79340"}],"wp:attachment":[{"href":"https:\/\/eltrabajo.cl\/portal\/wp-json\/wp\/v2\/media?parent=79940"}],"wp:term":[{"taxonomy":"category","embeddable":true,"href":"https:\/\/eltrabajo.cl\/portal\/wp-json\/wp\/v2\/categories?post=79940"},{"taxonomy":"post_tag","embeddable":true,"href":"https:\/\/eltrabajo.cl\/portal\/wp-json\/wp\/v2\/tags?post=79940"}],"curies":[{"name":"wp","href":"https:\/\/api.w.org\/{rel}","templated":true}]}}