{"id":79941,"date":"2017-06-02T06:04:17","date_gmt":"2017-06-02T10:04:17","guid":{"rendered":"http:\/\/www.eltrabajo.cl\/2017\/?p=79330"},"modified":"2018-12-17T19:53:40","modified_gmt":"2018-12-17T22:53:40","slug":"municipio-puso-a-funcionar-camaras-de-tele-vigilancia-en-el-damero-central","status":"publish","type":"post","link":"https:\/\/eltrabajo.cl\/portal\/municipio-puso-a-funcionar-camaras-de-tele-vigilancia-en-el-damero-central\/","title":{"rendered":"Municipio puso a funcionar c\u00e1maras de tele vigilancia en el damero central"},"content":{"rendered":"<figure id=\"attachment_79331\" aria-describedby=\"caption-attachment-79331\" style=\"width: 580px\" class=\"wp-caption alignnone\"><img data-recalc-dims=\"1\" loading=\"lazy\" decoding=\"async\" class=\"size-full wp-image-79331\" src=\"https:\/\/i0.wp.com\/www.eltrabajo.cl\/2017\/wp-content\/uploads\/2017\/06\/c%C3%A1mara.jpg?resize=580%2C349\" alt=\"Esta es la c\u00e1mara de tele vigilancia ubicada en la intersecci\u00f3n de las calles Santo Domingo con Coimas, que no estaba funcionando el d\u00eda del asalto al Servi Estado.\" width=\"580\" height=\"349\" \/><figcaption id=\"caption-attachment-79331\" class=\"wp-caption-text\">Esta es la c\u00e1mara de tele vigilancia ubicada en la intersecci\u00f3n de las calles Santo Domingo con Coimas, que no estaba funcionando el d\u00eda del asalto al Servi Estado.<\/figcaption><\/figure>\n<ul>\n<li><span style=\"color: #ff0000;\"><strong>Tras asalto a sucursal Serviestado:<\/strong><\/span><\/li>\n<\/ul>\n<p>Lo dijo el propio Coronel de Carabineros y Prefecto de Aconcagua, Pablo Salgado, que la c\u00e1mara de tele vigilancia ubicada en la intersecci\u00f3n de las calles Santo Domingo con Coimas no estaba funcionando.<br \/>\nPues bien, desde la municipalidad de San Felipe el Director Jur\u00eddico, Abogado Jorge Jara Catal\u00e1n dijo que muy temprano este jueves se realiz\u00f3 una reuni\u00f3n en el gabinete del Alcalde Patricio Freire Canto, donde se analiz\u00f3 el asalto al Servi Estado y en donde el tema de las c\u00e1maras de tele vigilancia fue uno de los puntos centrales. Jara reconoci\u00f3 que efectivamente la c\u00e1mara no estaba en funcionamiento, pero indic\u00f3 que a trav\u00e9s de un sistema de modernizaci\u00f3n, se acaba de poner a funcionar la red de c\u00e1maras que est\u00e1n en el per\u00edmetro del damero central.<br \/>\nReconoce el abogado Jara Catal\u00e1n que tienen que mejorar, no pueden ser autocomplacientes. El tema de las \u2018famosas\u2019 c\u00e1maras de televigilancia fue uno de los puntos centrales de la discusi\u00f3n, sin embargo cree que por muchas c\u00e1maras que se instalen, no van a impedir que en un momento determinado un delincuente cometa un delito.<br \/>\nAdmite que es un elemento de tecnolog\u00eda adecuada, necesario para generar las investigaciones posteriores y son una contribuci\u00f3n importante al esclarecimiento de los il\u00edcitos para perseguir penalmente a los responsables en los tribunales.<br \/>\nAlude tambi\u00e9n a los comentarios que aparecen en redes sociales cuestionando el gasto millonario en c\u00e1maras de tele vigilancia, pero se\u00f1al\u00f3 que es necesario, como tambi\u00e9n es necesario implementar la dotaci\u00f3n policial o modernizar los veh\u00edculos para mejorar los tiempos de respuesta.<br \/>\nAspira que en San Felipe haya una agencia local de una brigada a\u00e9rea para tener un helic\u00f3ptero estacionado en los patios o en las dependencias que decida la Prefectura de Carabineros Aconcagua, porque no es posible que se est\u00e9 dependiendo que llegue un helic\u00f3ptero de la RM, porque cinco minutos es mucho tiempo en una persecuci\u00f3n de un il\u00edcito, imag\u00ednense 20 minutos, y nuevamente reitera que lamentable lo sucedido este mi\u00e9rcoles en el Servi Estado.<br \/>\n<strong>&#8211; \u00bfVan a arreglar la c\u00e1mara que se encuentra mala?<\/strong><br \/>\n&#8211; \u201cS\u00ed, acabamos de poner en funcionamiento a trav\u00e9s de un sistema de modernizaci\u00f3n, la red de c\u00e1maras que est\u00e1 en el per\u00edmetro del damero central. Hay que recordar que cuando ocurri\u00f3 el homicidio de la ni\u00f1a en el archivo municipal, en la esquina de Prat con Traslavi\u00f1a tenemos una c\u00e1mara, pero estaba sin funcionamiento precisamente porque en ese minuto se estaba procediendo al recambio del sistema. Hoy d\u00eda en la ma\u00f1ana est\u00e1bamos discutiendo mejorar los niveles de inspecci\u00f3n t\u00e9cnica de estos elementos tecnol\u00f3gicos, para que no hayan espacios ciegos o muertos cuando una c\u00e1mara est\u00e9 descompuesta\u2026 aunque yo debo se\u00f1alarle que en mi opini\u00f3n y no es por eximir de responsabilidad a nadie, pero estando funcionando esta c\u00e1mara o no a lo mejor igual el il\u00edcito se habr\u00eda cometido, pero para mayor tranquilidad tenemos que apurar el tranco y mejorar nuestra oferta\u201d, finaliz\u00f3 el abogado.<br \/>\nReiterar que el detalle del dinero robado es el siguiente: 46 millones de pesos en efectivo, 22 mil d\u00f3lares y 1800 euros.<br \/>\nLa investigaci\u00f3n de este asalto qued\u00f3 en manos de la BIRO de la PDI.<\/p>\n","protected":false},"excerpt":{"rendered":"<p>Tras asalto a sucursal Serviestado: Lo dijo el propio Coronel de Carabineros y Prefecto de Aconcagua, Pablo Salgado, que la c\u00e1mara de tele vigilancia ubicada en la intersecci\u00f3n de las calles Santo&#8230;<\/p>\n","protected":false},"author":1,"featured_media":79342,"comment_status":"open","ping_status":"open","sticky":false,"template":"","format":"standard","meta":{"advanced_seo_description":"","jetpack_seo_html_title":"","jetpack_seo_noindex":false,"_jetpack_memberships_contains_paid_content":false,"footnotes":""},"categories":[1],"tags":[],"class_list":["post-79941","post","type-post","status-publish","format-standard","has-post-thumbnail","hentry","category-cronica"],"jetpack_featured_media_url":"https:\/\/i0.wp.com\/eltrabajo.cl\/portal\/wp-content\/uploads\/2017\/06\/c%C3%A1mara.jpg?fit=580%2C349&ssl=1","jetpack_sharing_enabled":true,"jetpack_likes_enabled":true,"jetpack-related-posts":[],"_links":{"self":[{"href":"https:\/\/eltrabajo.cl\/portal\/wp-json\/wp\/v2\/posts\/79941","targetHints":{"allow":["GET"]}}],"collection":[{"href":"https:\/\/eltrabajo.cl\/portal\/wp-json\/wp\/v2\/posts"}],"about":[{"href":"https:\/\/eltrabajo.cl\/portal\/wp-json\/wp\/v2\/types\/post"}],"author":[{"embeddable":true,"href":"https:\/\/eltrabajo.cl\/portal\/wp-json\/wp\/v2\/users\/1"}],"replies":[{"embeddable":true,"href":"https:\/\/eltrabajo.cl\/portal\/wp-json\/wp\/v2\/comments?post=79941"}],"version-history":[{"count":0,"href":"https:\/\/eltrabajo.cl\/portal\/wp-json\/wp\/v2\/posts\/79941\/revisions"}],"wp:featuredmedia":[{"embeddable":true,"href":"https:\/\/eltrabajo.cl\/portal\/wp-json\/wp\/v2\/media\/79342"}],"wp:attachment":[{"href":"https:\/\/eltrabajo.cl\/portal\/wp-json\/wp\/v2\/media?parent=79941"}],"wp:term":[{"taxonomy":"category","embeddable":true,"href":"https:\/\/eltrabajo.cl\/portal\/wp-json\/wp\/v2\/categories?post=79941"},{"taxonomy":"post_tag","embeddable":true,"href":"https:\/\/eltrabajo.cl\/portal\/wp-json\/wp\/v2\/tags?post=79941"}],"curies":[{"name":"wp","href":"https:\/\/api.w.org\/{rel}","templated":true}]}}