{"id":79942,"date":"2017-06-05T06:00:29","date_gmt":"2017-06-05T10:00:29","guid":{"rendered":"http:\/\/www.eltrabajo.cl\/2017\/?p=79338"},"modified":"2017-06-05T06:00:29","modified_gmt":"2017-06-05T10:00:29","slug":"investigan-irregularidades-financieras-en-hospital-san-antonio-de-putaendo","status":"publish","type":"post","link":"https:\/\/eltrabajo.cl\/portal\/investigan-irregularidades-financieras-en-hospital-san-antonio-de-putaendo\/","title":{"rendered":"Investigan irregularidades financieras en Hospital San Antonio de Putaendo"},"content":{"rendered":"<figure id=\"attachment_79339\" aria-describedby=\"caption-attachment-79339\" style=\"width: 580px\" class=\"wp-caption alignnone\"><img data-recalc-dims=\"1\" loading=\"lazy\" decoding=\"async\" class=\"size-full wp-image-79339\" src=\"https:\/\/i0.wp.com\/www.eltrabajo.cl\/2017\/wp-content\/uploads\/2017\/06\/Vilma-Olave.jpg?resize=580%2C349\" alt=\"Directora del Servicio de Salud Aconcagua, Vilma Olave.\" width=\"580\" height=\"349\" \/><figcaption id=\"caption-attachment-79339\" class=\"wp-caption-text\">Directora del Servicio de Salud Aconcagua, Vilma Olave.<\/figcaption><\/figure>\n<ul>\n<li><span style=\"color: #ff0000;\"><strong>Servicio de Salud dispuso la instrucci\u00f3n a profundidad:<\/strong><\/span><\/li>\n<\/ul>\n<p>A ra\u00edz de la ejecuci\u00f3n del plan anual de auditor\u00eda sobre recuperaci\u00f3n de ingresos propios, se detect\u00f3 la vulneraci\u00f3n de principios de control interno, lo que atentar\u00eda contra la probidad administrativa provocando un presunto da\u00f1o al patrimonio del hospital San Antonio de Putaendo.<br \/>\nEn consideraci\u00f3n a estos antecedentes y de acuerdo a sus facultades, la directora del Servicio de Salud Aconcagua, Vilma Olave, de inmediato dispuso la instrucci\u00f3n de los procedimientos administrativos respectivos y coloc\u00f3 los antecedentes del caso a disposici\u00f3n de la fiscal\u00eda de esta ciudad.<br \/>\nFinalmente, se reitera que situaciones de esta naturaleza ser\u00e1n investigados en profundidad y que de confirmarse irregularidades con los recursos p\u00fablicos, el Servicio adoptar\u00e1 las medidas administrativas y judiciales que correspondan.<\/p>\n","protected":false},"excerpt":{"rendered":"<p>Servicio de Salud dispuso la instrucci\u00f3n a profundidad: A ra\u00edz de la ejecuci\u00f3n del plan anual de auditor\u00eda sobre recuperaci\u00f3n de ingresos propios, se detect\u00f3 la vulneraci\u00f3n de principios de control interno,&#8230;<\/p>\n","protected":false},"author":1,"featured_media":79339,"comment_status":"open","ping_status":"open","sticky":false,"template":"","format":"standard","meta":{"advanced_seo_description":"","jetpack_seo_html_title":"","jetpack_seo_noindex":false,"_jetpack_memberships_contains_paid_content":false,"footnotes":""},"categories":[1],"tags":[],"class_list":["post-79942","post","type-post","status-publish","format-standard","has-post-thumbnail","hentry","category-cronica"],"jetpack_featured_media_url":"https:\/\/i0.wp.com\/eltrabajo.cl\/portal\/wp-content\/uploads\/2017\/06\/Pileta2.jpg?fit=580%2C349&ssl=1","jetpack_sharing_enabled":true,"jetpack_likes_enabled":true,"jetpack-related-posts":[],"_links":{"self":[{"href":"https:\/\/eltrabajo.cl\/portal\/wp-json\/wp\/v2\/posts\/79942","targetHints":{"allow":["GET"]}}],"collection":[{"href":"https:\/\/eltrabajo.cl\/portal\/wp-json\/wp\/v2\/posts"}],"about":[{"href":"https:\/\/eltrabajo.cl\/portal\/wp-json\/wp\/v2\/types\/post"}],"author":[{"embeddable":true,"href":"https:\/\/eltrabajo.cl\/portal\/wp-json\/wp\/v2\/users\/1"}],"replies":[{"embeddable":true,"href":"https:\/\/eltrabajo.cl\/portal\/wp-json\/wp\/v2\/comments?post=79942"}],"version-history":[{"count":0,"href":"https:\/\/eltrabajo.cl\/portal\/wp-json\/wp\/v2\/posts\/79942\/revisions"}],"wp:featuredmedia":[{"embeddable":true,"href":"https:\/\/eltrabajo.cl\/portal\/wp-json\/wp\/v2\/media\/79339"}],"wp:attachment":[{"href":"https:\/\/eltrabajo.cl\/portal\/wp-json\/wp\/v2\/media?parent=79942"}],"wp:term":[{"taxonomy":"category","embeddable":true,"href":"https:\/\/eltrabajo.cl\/portal\/wp-json\/wp\/v2\/categories?post=79942"},{"taxonomy":"post_tag","embeddable":true,"href":"https:\/\/eltrabajo.cl\/portal\/wp-json\/wp\/v2\/tags?post=79942"}],"curies":[{"name":"wp","href":"https:\/\/api.w.org\/{rel}","templated":true}]}}