{"id":79944,"date":"2017-06-05T06:02:58","date_gmt":"2017-06-05T10:02:58","guid":{"rendered":"http:\/\/www.eltrabajo.cl\/2017\/?p=79344"},"modified":"2017-06-05T06:02:58","modified_gmt":"2017-06-05T10:02:58","slug":"seremi-de-salud-clausura-sala-de-clases-en-el-liceo-corina-urbina","status":"publish","type":"post","link":"https:\/\/eltrabajo.cl\/portal\/seremi-de-salud-clausura-sala-de-clases-en-el-liceo-corina-urbina\/","title":{"rendered":"Seremi de Salud clausura sala de clases en el Liceo Corina Urbina"},"content":{"rendered":"<figure id=\"attachment_79346\" aria-describedby=\"caption-attachment-79346\" style=\"width: 580px\" class=\"wp-caption alignnone\"><img data-recalc-dims=\"1\" loading=\"lazy\" decoding=\"async\" class=\"size-full wp-image-79346\" src=\"https:\/\/i0.wp.com\/www.eltrabajo.cl\/2017\/wp-content\/uploads\/2017\/06\/Corina1.jpg?resize=580%2C349\" alt=\"Seg\u00fan explic\u00f3 Gonz\u00e1lez a Diario El Trabajo, esta misma semana la techumbre del Corina Urbina estar\u00e1 reparada.\" width=\"580\" height=\"349\" \/><figcaption id=\"caption-attachment-79346\" class=\"wp-caption-text\">Seg\u00fan explic\u00f3 Gonz\u00e1lez a Diario El Trabajo, esta misma semana la techumbre del Corina Urbina estar\u00e1 reparada.<\/figcaption><\/figure>\n<ul>\n<li><span style=\"color: #ff0000;\"><strong>Tras denuncia de apoderado por escurrimientos de aguas lluvias:<\/strong><\/span><\/li>\n<\/ul>\n<p>El cierre temporal de una de las salas de clases del Liceo Corina Urbina es el que decret\u00f3 el Seremi de Salud Mario M\u00e9ndez, luego que ellos recepcionaran una denuncia por parte de un apoderado de ese establecimiento, denuncia hecha en virtud de un problema de goteras y mal estado de la techumbre, lo que implica anegamientos e inundaciones en esa sala cuando llueve.<\/p>\n<p><strong>SEREMI CONFIRMA<\/strong><br \/>\nLa informaci\u00f3n la suministr\u00f3 a Diario El Trabajo el propio Mario M\u00e9ndez, jefe de la Serem\u00eda, quien asegur\u00f3 que \u00abefectivamente, a partir de una denuncia realizada a la Autoridad Sanitaria, fiscalizadores de nuestra instituci\u00f3n procedieron a realizar una fiscalizaci\u00f3n al Liceo de Ni\u00f1as de San Felipe, el que se encuentra con una dificultad en la techumbre de una de sus salas de clases, lo que determin\u00f3 una situaci\u00f3n de inundaci\u00f3n, a partir de eso nosotros no hemos clausurado el establecimiento, lo que s\u00ed se hizo fue prohibir el uso de esta sala ante la posibilidad que pueda representar esta situaci\u00f3n en un problema para las alumnas. Ya se tom\u00f3 contacto con el Municipio y se dio un plazo para que se d\u00e9 soluci\u00f3n a este problema, una vez que esto se haga entonces levantaremos la prohibici\u00f3n de uso para esa sala\u00bb, dijo M\u00e9ndez.<\/p>\n<p><strong>NO HAY PELIGRO<\/strong><br \/>\nDiario El Trabajo habl\u00f3 con el administrador municipal de San Felipe, Patricio Gonz\u00e1lez, quien nos asegur\u00f3 que \u00abrevisamos los antecedentes que se\u00f1al\u00f3 la Serem\u00eda de Salud, efectivamente hay un problema de escurrimiento de aguas lluvias, recorrimos el lugar con el director de obras, ambas partes, la Serem\u00eda y nuestro personal coincidimos en que no era tan grave ni significaba un peligro para las ni\u00f1as, sin embargo durante esta semana estaremos sellando y tapando el techo para que se pueda continuar con las clases de manera normal. Tambi\u00e9n aprovecho para que los dem\u00e1s establecimientos se preocupen para destapar las canalas, en verano esperamos hacer reparaciones mayores para revisar a profundidad el ala de esa escuela. Tambi\u00e9n vamos a instalar canalas nuevas, para que no se hagan tacos de hojas y puedan generar futuros problemas. Deseo dejar muy en claro que no hubo ni hay peligro para las ni\u00f1as\u00bb, dijo Gonz\u00e1lez.<br \/>\n<strong>Roberto Gonz\u00e1lez Short<\/strong><\/p>\n<figure id=\"attachment_79345\" aria-describedby=\"caption-attachment-79345\" style=\"width: 580px\" class=\"wp-caption alignnone\"><img data-recalc-dims=\"1\" loading=\"lazy\" decoding=\"async\" class=\"size-full wp-image-79345\" src=\"https:\/\/i0.wp.com\/www.eltrabajo.cl\/2017\/wp-content\/uploads\/2017\/06\/Corina-Patricio-Gonzalez.jpg?resize=580%2C349\" alt=\"Patricio Gonz\u00e1lez, Administrador de la Municipalidad de San Felipe.\" width=\"580\" height=\"349\" \/><figcaption id=\"caption-attachment-79345\" class=\"wp-caption-text\">Patricio Gonz\u00e1lez, Administrador de la Municipalidad de San Felipe.<\/figcaption><\/figure>\n<figure id=\"attachment_79347\" aria-describedby=\"caption-attachment-79347\" style=\"width: 580px\" class=\"wp-caption alignnone\"><img data-recalc-dims=\"1\" loading=\"lazy\" decoding=\"async\" class=\"size-full wp-image-79347\" src=\"https:\/\/i0.wp.com\/www.eltrabajo.cl\/2017\/wp-content\/uploads\/2017\/06\/Corina2.jpg?resize=580%2C348\" alt=\"Tambi\u00e9n las canalas ser\u00e1n reemplazadas, a fin de evitar tapones de hojas.\" width=\"580\" height=\"348\" \/><figcaption id=\"caption-attachment-79347\" class=\"wp-caption-text\">Tambi\u00e9n las canalas ser\u00e1n reemplazadas, a fin de evitar tapones de hojas.<\/figcaption><\/figure>\n","protected":false},"excerpt":{"rendered":"<p>Tras denuncia de apoderado por escurrimientos de aguas lluvias: El cierre temporal de una de las salas de clases del Liceo Corina Urbina es el que decret\u00f3 el Seremi de Salud Mario&#8230;<\/p>\n","protected":false},"author":1,"featured_media":79347,"comment_status":"open","ping_status":"open","sticky":false,"template":"","format":"standard","meta":{"advanced_seo_description":"","jetpack_seo_html_title":"","jetpack_seo_noindex":false,"_jetpack_memberships_contains_paid_content":false,"footnotes":""},"categories":[1],"tags":[],"class_list":["post-79944","post","type-post","status-publish","format-standard","has-post-thumbnail","hentry","category-cronica"],"jetpack_featured_media_url":"https:\/\/i0.wp.com\/eltrabajo.cl\/portal\/wp-content\/uploads\/2017\/06\/Mario-Mendez.jpg?fit=580%2C349&ssl=1","jetpack_sharing_enabled":true,"jetpack_likes_enabled":true,"jetpack-related-posts":[],"_links":{"self":[{"href":"https:\/\/eltrabajo.cl\/portal\/wp-json\/wp\/v2\/posts\/79944","targetHints":{"allow":["GET"]}}],"collection":[{"href":"https:\/\/eltrabajo.cl\/portal\/wp-json\/wp\/v2\/posts"}],"about":[{"href":"https:\/\/eltrabajo.cl\/portal\/wp-json\/wp\/v2\/types\/post"}],"author":[{"embeddable":true,"href":"https:\/\/eltrabajo.cl\/portal\/wp-json\/wp\/v2\/users\/1"}],"replies":[{"embeddable":true,"href":"https:\/\/eltrabajo.cl\/portal\/wp-json\/wp\/v2\/comments?post=79944"}],"version-history":[{"count":0,"href":"https:\/\/eltrabajo.cl\/portal\/wp-json\/wp\/v2\/posts\/79944\/revisions"}],"wp:featuredmedia":[{"embeddable":true,"href":"https:\/\/eltrabajo.cl\/portal\/wp-json\/wp\/v2\/media\/79347"}],"wp:attachment":[{"href":"https:\/\/eltrabajo.cl\/portal\/wp-json\/wp\/v2\/media?parent=79944"}],"wp:term":[{"taxonomy":"category","embeddable":true,"href":"https:\/\/eltrabajo.cl\/portal\/wp-json\/wp\/v2\/categories?post=79944"},{"taxonomy":"post_tag","embeddable":true,"href":"https:\/\/eltrabajo.cl\/portal\/wp-json\/wp\/v2\/tags?post=79944"}],"curies":[{"name":"wp","href":"https:\/\/api.w.org\/{rel}","templated":true}]}}