{"id":79948,"date":"2017-07-03T06:03:05","date_gmt":"2017-07-03T10:03:05","guid":{"rendered":"http:\/\/www.eltrabajo.cl\/2017\/?p=79948"},"modified":"2018-12-17T21:34:42","modified_gmt":"2018-12-18T00:34:42","slug":"almuerzo-solidario-para-casi-250-haitianos-en-la-3a-cia-de-bomberos","status":"publish","type":"post","link":"https:\/\/eltrabajo.cl\/portal\/almuerzo-solidario-para-casi-250-haitianos-en-la-3a-cia-de-bomberos\/","title":{"rendered":"Almuerzo solidario para casi 250 haitianos en la 3\u00aa C\u00eda. de Bomberos"},"content":{"rendered":"<figure id=\"attachment_79960\" aria-describedby=\"caption-attachment-79960\" style=\"width: 580px\" class=\"wp-caption alignleft\"><a href=\"http:\/\/www.eltrabajo.cl\/portal\/haitianos1\/\"><img data-recalc-dims=\"1\" loading=\"lazy\" decoding=\"async\" class=\"size-full wp-image-79960\" src=\"https:\/\/i0.wp.com\/www.eltrabajo.cl\/portal\/wp-content\/uploads\/2017\/07\/haitianos1.jpg?resize=580%2C350\" alt=\"Las Hermanas Videla, junto a Guillermo Lillo y la presidenta de la Junta de Vecinos de Poblaci\u00f3n San Felipe, Marianela Roco.\" width=\"580\" height=\"350\" srcset=\"https:\/\/i0.wp.com\/eltrabajo.cl\/portal\/wp-content\/uploads\/2017\/07\/haitianos1.jpg?w=580&amp;ssl=1 580w, https:\/\/i0.wp.com\/eltrabajo.cl\/portal\/wp-content\/uploads\/2017\/07\/haitianos1.jpg?resize=200%2C121&amp;ssl=1 200w, https:\/\/i0.wp.com\/eltrabajo.cl\/portal\/wp-content\/uploads\/2017\/07\/haitianos1.jpg?resize=300%2C181&amp;ssl=1 300w, https:\/\/i0.wp.com\/eltrabajo.cl\/portal\/wp-content\/uploads\/2017\/07\/haitianos1.jpg?resize=249%2C150&amp;ssl=1 249w, https:\/\/i0.wp.com\/eltrabajo.cl\/portal\/wp-content\/uploads\/2017\/07\/haitianos1.jpg?resize=400%2C241&amp;ssl=1 400w\" sizes=\"auto, (max-width: 580px) 100vw, 580px\" \/><\/a><figcaption id=\"caption-attachment-79960\" class=\"wp-caption-text\">Las Hermanas Videla, junto a Guillermo Lillo y la presidenta de la Junta de Vecinos de Poblaci\u00f3n San Felipe, Marianela Roco.<\/figcaption><\/figure>\n<ul>\n<li><span style=\"color: #ff0000;\"><strong>Iniciativa cont\u00f3 con aportes de distintas poblaciones de San Felipe:<\/strong><\/span><\/li>\n<\/ul>\n<p>Una iniciativa digna de imitar y que se espera trascienda en distintos sectores de San Felipe y el Valle de Aconcagua, fue la que lideraron las hermanas Lissette y Tania Videla, vecinas del sector poniente de la ciudad, quienes organizaron un almuerzo para toda la comunidad haitiana residente en la comuna, congregando a casi 250 inmigrantes en el cuartel de Bomberos de la 3\u00aa Compa\u00f1\u00eda de Bomberos.<br \/>\nLa actividad se desarroll\u00f3 este s\u00e1bado y seg\u00fan cuentan sus impulsoras, cont\u00f3 con el apoyo y la solidaridad de todos los vecinos de las distintas poblaciones del sector (Chorrillos, Villa Departamental, El Esfuerzo, Esperanza, Poblaci\u00f3n San Felipe, Villa San Francisco ex 11 de Septiembre y Villa Santa Teresa, entre otras), quienes con sus aportes individuales lograron reunir alimentos para preparar 300 platos.<\/p>\n<p><span style=\"color: #ff0000;\"><strong>ROTUNDO \u00c9XITO<\/strong><\/span><br \/>\nDe acuerdo a lo manifestado por Lissette, la expectativa fue superada con creces, puesto que, \u00abcon todos los aportes hicimos, cajitas de mercader\u00eda con mi hermana y mi mam\u00e1, pero no pensamos nunca que la gente se iba a portar tan bien, nosotros hab\u00edamos pensado en un almuerzo para 200 personas, pero finalmente nos sali\u00f3 todo para 305 personas\u00bb, afirm\u00f3.<br \/>\nLamentablemente, esta idea surgi\u00f3 a ra\u00edz de la mala pr\u00e1ctica laboral y el abuso ejercido por un profesional chileno, que no respondi\u00f3 con las remuneraciones correspondientes a unos inmigrantes, que necesitaban el sustento para poder subsistir y que se vieron muy apremiados con la irresponsabilidad de este supuesto \u2018jefe\u2019.<br \/>\n\u00abMi esposo trabaja en la construcci\u00f3n, una obra que est\u00e1 al lado de la Universidad Aconcagua, el jefe de obras no se quiso hacer cargo de la deuda que ten\u00eda con cuatro haitianos, a ellos no les pagaroncuando correspond\u00eda, mi marido lleg\u00f3 muy complicado a la casa y me cont\u00f3, y yo le dije \u00bfqu\u00e9 pod\u00edamos hacer?, y ah\u00ed surgi\u00f3 la idea de un almuerzo. Me junt\u00e9 con mi hermana y comenzamos a conversar el tema con mucha gente y muchas personas se motivaron y empezaron a ayudarnos\u00bb, cont\u00f3 Lissette Videla.<\/p>\n<p><span style=\"color: #ff0000;\"><strong>NO + ABUSOS<\/strong><\/span><br \/>\nLas organizadoras de este ejemplar evento aseguran que no s\u00f3lo pretenden que este tipo de actividades se repliquen en el resto de la comuna, sino que tambi\u00e9n, que los vecinos sean solidarios a la hora de encontrarse con personas que quieren abusar de los inmigrantes, denunciando malos tratos y pr\u00e1cticas abusivas que hoy por hoy est\u00e1n a la orden del d\u00eda.<br \/>\n\u00abNuestra idea es contactarnos con las juntas de vecinos para que nos aporten con el sitio y poder seguir desarrollando esto en distintos lugares, nuestra voluntad siempre va a estar, pero tampoco queremos que sigan abusando de esta gente, hay mucho abuso en los trabajos, en los arriendos, ese es un problema que se genera sobre todo ac\u00e1 en las poblaciones perif\u00e9ricas, hay aprovechamiento al m\u00e1ximo, se quiere lucrar con estas personas, cobran 100.000 pesos por una pieza, pero nosotros nos vamos a encargar de denunciar con direcci\u00f3n nombre y apellido, porque esto no puede seguir pasando en San Felipe\u00bb, advirti\u00f3 Videla.<br \/>\nUno de los vecinos haitianos que lleg\u00f3 a almorzar con sus compatriotas este s\u00e1bado, fue Faniel Louis Jeune, quien lleva dos meses en Chile, est\u00e1 cesante y reconoce que ha sido muy complicado no tener un contrato, pero que se siente feliz de sentir cari\u00f1o por parte de los chilenos.<br \/>\n\u00abEste es un gran d\u00eda para los haitianos y para los chilenos, Chile es un pa\u00eds que nos ha recibido muy bien a diferencia de otros lugares, sobre todo por el racismo, esto es s\u00faper necesario y a la comunidad haitiana le gusta reunirse y ser\u00eda s\u00faper bueno continuar con estas instancias\u00bb, declar\u00f3 Jeune.<br \/>\nQuien tambi\u00e9n colabor\u00f3 con esta noble causa, fue Guillermo Lillo, quien fuera candidato a concejal en las \u00faltimas elecciones municipales, y que desde su cercan\u00eda con el Cuerpo de Bomberos, logr\u00f3 gestionar el cuartel para efectuar el almuerzo.<br \/>\n\u00abQueremos decir no a la discriminaci\u00f3n y s\u00ed a la solidaridad, independiente de la nacionalidad que sean, queremos apoyarlos, no darle la espalda a esta gente, nosotros colaboramos con las manos pero ac\u00e1 hay aporte de todas las poblaciones\u00bb, sostuvo. Los organizadores del almuerzo agradecieron tambi\u00e9n el apoyo brindado por el alcalde de San Felipe, Patricio Freire y los concejales de la comuna.<\/p>\n<figure id=\"attachment_79963\" aria-describedby=\"caption-attachment-79963\" style=\"width: 580px\" class=\"wp-caption alignleft\"><a href=\"http:\/\/www.eltrabajo.cl\/portal\/haitianos4\/\"><img data-recalc-dims=\"1\" loading=\"lazy\" decoding=\"async\" class=\"size-full wp-image-79963\" src=\"https:\/\/i0.wp.com\/www.eltrabajo.cl\/portal\/wp-content\/uploads\/2017\/07\/haitianos4.jpg?resize=580%2C350\" alt=\"El alcalde Patricio Freire y algunos concejales participaron tambi\u00e9n en esta jornada de trabajo comunitario.\" width=\"580\" height=\"350\" srcset=\"https:\/\/i0.wp.com\/eltrabajo.cl\/portal\/wp-content\/uploads\/2017\/07\/haitianos4.jpg?w=580&amp;ssl=1 580w, https:\/\/i0.wp.com\/eltrabajo.cl\/portal\/wp-content\/uploads\/2017\/07\/haitianos4.jpg?resize=200%2C121&amp;ssl=1 200w, https:\/\/i0.wp.com\/eltrabajo.cl\/portal\/wp-content\/uploads\/2017\/07\/haitianos4.jpg?resize=300%2C181&amp;ssl=1 300w, https:\/\/i0.wp.com\/eltrabajo.cl\/portal\/wp-content\/uploads\/2017\/07\/haitianos4.jpg?resize=249%2C150&amp;ssl=1 249w, https:\/\/i0.wp.com\/eltrabajo.cl\/portal\/wp-content\/uploads\/2017\/07\/haitianos4.jpg?resize=400%2C241&amp;ssl=1 400w\" sizes=\"auto, (max-width: 580px) 100vw, 580px\" \/><\/a><figcaption id=\"caption-attachment-79963\" class=\"wp-caption-text\">El alcalde Patricio Freire y algunos concejales participaron tambi\u00e9n en esta jornada de trabajo comunitario.<\/figcaption><\/figure>\n<figure id=\"attachment_79962\" aria-describedby=\"caption-attachment-79962\" style=\"width: 580px\" class=\"wp-caption alignleft\"><a href=\"http:\/\/www.eltrabajo.cl\/portal\/haitianos3\/\"><img data-recalc-dims=\"1\" loading=\"lazy\" decoding=\"async\" class=\"size-full wp-image-79962\" src=\"https:\/\/i0.wp.com\/www.eltrabajo.cl\/portal\/wp-content\/uploads\/2017\/07\/haitianos3.jpg?resize=580%2C350\" alt=\"Iniciativa particular reuni\u00f3 a m\u00e1s de 250 haitianos en un almuerzo desarrollado en la Tercera Compa\u00f1\u00eda del Cuerpo de Bomberos de San Felipe.\" width=\"580\" height=\"350\" srcset=\"https:\/\/i0.wp.com\/eltrabajo.cl\/portal\/wp-content\/uploads\/2017\/07\/haitianos3.jpg?w=580&amp;ssl=1 580w, https:\/\/i0.wp.com\/eltrabajo.cl\/portal\/wp-content\/uploads\/2017\/07\/haitianos3.jpg?resize=200%2C121&amp;ssl=1 200w, https:\/\/i0.wp.com\/eltrabajo.cl\/portal\/wp-content\/uploads\/2017\/07\/haitianos3.jpg?resize=300%2C181&amp;ssl=1 300w, https:\/\/i0.wp.com\/eltrabajo.cl\/portal\/wp-content\/uploads\/2017\/07\/haitianos3.jpg?resize=249%2C150&amp;ssl=1 249w, https:\/\/i0.wp.com\/eltrabajo.cl\/portal\/wp-content\/uploads\/2017\/07\/haitianos3.jpg?resize=400%2C241&amp;ssl=1 400w\" sizes=\"auto, (max-width: 580px) 100vw, 580px\" \/><\/a><figcaption id=\"caption-attachment-79962\" class=\"wp-caption-text\">Iniciativa particular reuni\u00f3 a m\u00e1s de 250 haitianos en un almuerzo desarrollado en la Tercera Compa\u00f1\u00eda del Cuerpo de Bomberos de San Felipe.<\/figcaption><\/figure>\n<figure id=\"attachment_79961\" aria-describedby=\"caption-attachment-79961\" style=\"width: 580px\" class=\"wp-caption alignleft\"><a href=\"http:\/\/www.eltrabajo.cl\/portal\/haitianos2\/\"><img data-recalc-dims=\"1\" loading=\"lazy\" decoding=\"async\" class=\"size-full wp-image-79961\" src=\"https:\/\/i0.wp.com\/www.eltrabajo.cl\/portal\/wp-content\/uploads\/2017\/07\/haitianos2.jpg?resize=580%2C558\" alt=\"Faniel Louis Jeune, haitiano que reside en San Felipe desde hace dos meses.\" width=\"580\" height=\"558\" srcset=\"https:\/\/i0.wp.com\/eltrabajo.cl\/portal\/wp-content\/uploads\/2017\/07\/haitianos2.jpg?w=580&amp;ssl=1 580w, https:\/\/i0.wp.com\/eltrabajo.cl\/portal\/wp-content\/uploads\/2017\/07\/haitianos2.jpg?resize=156%2C150&amp;ssl=1 156w, https:\/\/i0.wp.com\/eltrabajo.cl\/portal\/wp-content\/uploads\/2017\/07\/haitianos2.jpg?resize=300%2C289&amp;ssl=1 300w, https:\/\/i0.wp.com\/eltrabajo.cl\/portal\/wp-content\/uploads\/2017\/07\/haitianos2.jpg?resize=400%2C385&amp;ssl=1 400w\" sizes=\"auto, (max-width: 580px) 100vw, 580px\" \/><\/a><figcaption id=\"caption-attachment-79961\" class=\"wp-caption-text\">Faniel Louis Jeune, haitiano que reside en San Felipe desde hace dos meses.<\/figcaption><\/figure>\n<p>&nbsp;<\/p>\n<p>&nbsp;<\/p>\n<p>&nbsp;<\/p>\n<p>&nbsp;<\/p>\n","protected":false},"excerpt":{"rendered":"<p>Iniciativa cont\u00f3 con aportes de distintas poblaciones de San Felipe: Una iniciativa digna de imitar y que se espera trascienda en distintos sectores de San Felipe y el Valle de Aconcagua, fue&#8230;<\/p>\n","protected":false},"author":1,"featured_media":79962,"comment_status":"open","ping_status":"open","sticky":false,"template":"","format":"standard","meta":{"advanced_seo_description":"","jetpack_seo_html_title":"","jetpack_seo_noindex":false,"_jetpack_memberships_contains_paid_content":false,"footnotes":""},"categories":[15],"tags":[],"class_list":["post-79948","post","type-post","status-publish","format-standard","has-post-thumbnail","hentry","category-comunidad"],"jetpack_featured_media_url":"https:\/\/i0.wp.com\/eltrabajo.cl\/portal\/wp-content\/uploads\/2017\/07\/haitianos3.jpg?fit=580%2C350&ssl=1","jetpack_sharing_enabled":true,"jetpack_likes_enabled":true,"jetpack-related-posts":[],"_links":{"self":[{"href":"https:\/\/eltrabajo.cl\/portal\/wp-json\/wp\/v2\/posts\/79948","targetHints":{"allow":["GET"]}}],"collection":[{"href":"https:\/\/eltrabajo.cl\/portal\/wp-json\/wp\/v2\/posts"}],"about":[{"href":"https:\/\/eltrabajo.cl\/portal\/wp-json\/wp\/v2\/types\/post"}],"author":[{"embeddable":true,"href":"https:\/\/eltrabajo.cl\/portal\/wp-json\/wp\/v2\/users\/1"}],"replies":[{"embeddable":true,"href":"https:\/\/eltrabajo.cl\/portal\/wp-json\/wp\/v2\/comments?post=79948"}],"version-history":[{"count":0,"href":"https:\/\/eltrabajo.cl\/portal\/wp-json\/wp\/v2\/posts\/79948\/revisions"}],"wp:featuredmedia":[{"embeddable":true,"href":"https:\/\/eltrabajo.cl\/portal\/wp-json\/wp\/v2\/media\/79962"}],"wp:attachment":[{"href":"https:\/\/eltrabajo.cl\/portal\/wp-json\/wp\/v2\/media?parent=79948"}],"wp:term":[{"taxonomy":"category","embeddable":true,"href":"https:\/\/eltrabajo.cl\/portal\/wp-json\/wp\/v2\/categories?post=79948"},{"taxonomy":"post_tag","embeddable":true,"href":"https:\/\/eltrabajo.cl\/portal\/wp-json\/wp\/v2\/tags?post=79948"}],"curies":[{"name":"wp","href":"https:\/\/api.w.org\/{rel}","templated":true}]}}