{"id":79984,"date":"2017-07-04T06:05:49","date_gmt":"2017-07-04T10:05:49","guid":{"rendered":"http:\/\/www.eltrabajo.cl\/2017\/?p=79984"},"modified":"2017-07-04T06:05:49","modified_gmt":"2017-07-04T10:05:49","slug":"joven-bombera-y-su-hija-luchan-por-su-vida-en-el-hospital-van-buren","status":"publish","type":"post","link":"https:\/\/eltrabajo.cl\/portal\/joven-bombera-y-su-hija-luchan-por-su-vida-en-el-hospital-van-buren\/","title":{"rendered":"Joven bombera y su hija luchan por su vida en el Hospital Van Buren"},"content":{"rendered":"<figure id=\"attachment_79987\" aria-describedby=\"caption-attachment-79987\" style=\"width: 580px\" class=\"wp-caption alignnone\"><img data-recalc-dims=\"1\" loading=\"lazy\" decoding=\"async\" class=\"size-full wp-image-79987\" src=\"https:\/\/i0.wp.com\/www.eltrabajo.cl\/2017\/wp-content\/uploads\/2017\/07\/Maria2.jpg?resize=580%2C531\" alt=\"SIEMPRE LUCHANDO.- Ella siempre luch\u00f3 por los dem\u00e1s, ahora lo hace por ella misma y por su hija.\" width=\"580\" height=\"531\" srcset=\"https:\/\/i0.wp.com\/eltrabajo.cl\/portal\/wp-content\/uploads\/2017\/07\/Maria2.jpg?w=580&amp;ssl=1 580w, https:\/\/i0.wp.com\/eltrabajo.cl\/portal\/wp-content\/uploads\/2017\/07\/Maria2.jpg?resize=164%2C150&amp;ssl=1 164w, https:\/\/i0.wp.com\/eltrabajo.cl\/portal\/wp-content\/uploads\/2017\/07\/Maria2.jpg?resize=300%2C275&amp;ssl=1 300w, https:\/\/i0.wp.com\/eltrabajo.cl\/portal\/wp-content\/uploads\/2017\/07\/Maria2.jpg?resize=400%2C366&amp;ssl=1 400w\" sizes=\"auto, (max-width: 580px) 100vw, 580px\" \/><figcaption id=\"caption-attachment-79987\" class=\"wp-caption-text\">SIEMPRE LUCHANDO.- Ella siempre luch\u00f3 por los dem\u00e1s, ahora lo hace por ella misma y por su hija.<\/figcaption><\/figure>\n<ul>\n<li><strong><span style=\"color: #ff0000;\">Ella con c\u00e1ncer de pulm\u00f3n y la beb\u00e9 con cinco meses de gestaci\u00f3n:\u00a0<\/span>Vecinos han donado m\u00e1s de un mill\u00f3n de pesos tras campa\u00f1a solidaria hecha en Radio y Redes Sociales. Embarazo de la joven fue interrumpido para que el c\u00e1ncer no afectara la beb\u00e9 en gestaci\u00f3n. Reci\u00e9n nacida sobrevive en una incubadora, mientras que su madre sigue sedada. Madre agradece a donantes desde el hospital.<\/strong><\/li>\n<\/ul>\n<p><strong>SANTA MAR\u00cdA.-<\/strong> M\u00e1s que un drama humano, una historia de lucha y de esperanza es la que hoy en Diario El Trabajo queremos compartir con nuestros lectores, pues mientras que una joven madre intenta vencer una mortal enfermedad que le intenta quitar la vida, una guag\u00fcita de apenas cinco meses de gestaci\u00f3n, ahora en una incubadora, tambi\u00e9n lucha por instinto vencer la adversidad para ganar peso y nutrientes.<br \/>\nEste es un caso de madre e hija, hablamos de la joven bombera de 19 a\u00f1os, miembro activa de la 1\u00aa Compa\u00f1\u00eda de Bomberos de Santa Mar\u00eda, Mar\u00eda Isabel Reinoso Montenegro, y de su diminuta hija Alma Mar\u00eda Pascal Reinoso.<br \/>\nEste penoso drama se viene desarrollando desde hace bastante tiempo, luego que la joven Mar\u00eda se incorporara como cadete a Bomberos de Santa Mar\u00eda, ah\u00ed dio sus primeros pasos apagando incendios, incursionando en todos los ejercicios normales de un bombero, pasando luego a incorporarse al cuerpo bomberil de la 1\u00aa Compa\u00f1\u00eda.<\/p>\n<p><span style=\"color: #ff0000;\"><strong>C\u00c1NCER PULMONAR<\/strong><\/span><br \/>\nHace casi dos a\u00f1os a Mar\u00eda le fue detectado un agresivo c\u00e1ncer de pulm\u00f3n. En esa oportunidad este mal le fue extirpado por especialistas m\u00e9dicos y ella habr\u00eda continuado con su vida, hasta que hace unos meses, ya embarazada de su hija y durante uno de los controles prenatales, a Mar\u00eda se le detect\u00f3 de nuevo el c\u00e1ncer, ya ahora con met\u00e1stasis y comprometiendo sus ri\u00f1ones y el coraz\u00f3n, lo que dispar\u00f3 las alertas entre los profesionales que ya conocen su caso.<br \/>\nEl tema esta vez se complic\u00f3 m\u00e1s, pues ya este agresivo mal estaba interactuando con su hija en gestaci\u00f3n, raz\u00f3n por la cual los m\u00e9dicos interrumpieron el embarazo, y remitiendo despu\u00e9s a la peque\u00f1a ni\u00f1a a la UCI del Hospital Carlos Van Buren de Valpara\u00edso, centro m\u00e9dico en el que ambas, Mar\u00eda y Alma, ahora luchan por sus vidas.<\/p>\n<p><span style=\"color: #ff0000;\"><strong>CAMPA\u00d1A SOLIDARIA<\/strong><\/span><br \/>\nEs a ra\u00edz de estos problemas que en Radio Orolonco y Redes Sociales los vecinos de Santa Mar\u00eda empezaron a responder a una campa\u00f1a solidaria para reunir fondos, los que ahora se est\u00e1n utilizando para atender las necesidades de Mar\u00eda y su peque\u00f1a hija.<br \/>\nDiario El Trabajo habl\u00f3 ayer lunes con el comandante del Cuerpo de Bomberos de Santa Mar\u00eda, Rafael Morales Contreras, quien de manera oficial y autorizada por la misma afectada, brind\u00f3 declaraciones en Exclusiva a nuestro medio en relaci\u00f3n a este caso.<br \/>\n\u00abYa este c\u00e1ncer est\u00e1 afectando pulmones, ri\u00f1ones y parte del coraz\u00f3n de Mar\u00eda, fue por eso que los m\u00e9dicos del Hospital San Camilo la remitieron a Valpara\u00edso, luego que no lograran controlar la enfermedad. La ni\u00f1a est\u00e1 viva y dentro de una incubadora en la UCI del Hospital Carlos Van Buren. Quiero destacar que Mar\u00eda siempre ha sido muy entusiasta, siempre atenta para atender las emergencias cuando puede. Dicho esto, por solicitud de ella misma y a t\u00edtulo personal es que quiero dar las gracias tambi\u00e9n, porque gracias al buen coraz\u00f3n de los vecinos y a la campa\u00f1a en Redes Sociales y Radio Orolonco, se logr\u00f3 reunir la suma de $1.025.000, dinero que tambi\u00e9n por solicitud de Mar\u00eda, se le est\u00e1 entregando de a poco a sus familiares a cargo, ella y nosotros estamos muy agradecidos por este apoyo, tambi\u00e9n quiero anunciar que muy pronto estaremos organizando un Bingo Solidario para Mar\u00eda, lo que estaremos anunciando en su momento\u00bb, inform\u00f3 el Comandante Morales.<br \/>\n<strong>Roberto Gonz\u00e1lez Short<\/strong><\/p>\n<figure id=\"attachment_79985\" aria-describedby=\"caption-attachment-79985\" style=\"width: 580px\" class=\"wp-caption alignnone\"><img data-recalc-dims=\"1\" loading=\"lazy\" decoding=\"async\" class=\"size-full wp-image-79985\" src=\"https:\/\/i0.wp.com\/www.eltrabajo.cl\/2017\/wp-content\/uploads\/2017\/07\/Maria_-Rafael-Morales.jpg?resize=580%2C476\" alt=\"Comandante del Cuerpo de Bomberos de Santa Mar\u00eda, Rafael Morales Contreras.\" width=\"580\" height=\"476\" srcset=\"https:\/\/i0.wp.com\/eltrabajo.cl\/portal\/wp-content\/uploads\/2017\/07\/Maria_-Rafael-Morales.jpg?w=580&amp;ssl=1 580w, https:\/\/i0.wp.com\/eltrabajo.cl\/portal\/wp-content\/uploads\/2017\/07\/Maria_-Rafael-Morales.jpg?resize=183%2C150&amp;ssl=1 183w, https:\/\/i0.wp.com\/eltrabajo.cl\/portal\/wp-content\/uploads\/2017\/07\/Maria_-Rafael-Morales.jpg?resize=300%2C246&amp;ssl=1 300w, https:\/\/i0.wp.com\/eltrabajo.cl\/portal\/wp-content\/uploads\/2017\/07\/Maria_-Rafael-Morales.jpg?resize=400%2C328&amp;ssl=1 400w\" sizes=\"auto, (max-width: 580px) 100vw, 580px\" \/><figcaption id=\"caption-attachment-79985\" class=\"wp-caption-text\">Comandante del Cuerpo de Bomberos de Santa Mar\u00eda, Rafael Morales Contreras.<\/figcaption><\/figure>\n<figure id=\"attachment_79986\" aria-describedby=\"caption-attachment-79986\" style=\"width: 580px\" class=\"wp-caption alignnone\"><img data-recalc-dims=\"1\" loading=\"lazy\" decoding=\"async\" class=\"size-full wp-image-79986\" src=\"https:\/\/i0.wp.com\/www.eltrabajo.cl\/2017\/wp-content\/uploads\/2017\/07\/Maria1.jpg?resize=580%2C349\" alt=\"FUERZA MAR\u00cdA.- Ella es la joven bombera de la 1\u00aa Compa\u00f1\u00eda de Bomberos de Santa Mar\u00eda, Mar\u00eda Isabel Reinoso Montenegro.\" width=\"580\" height=\"349\" srcset=\"https:\/\/i0.wp.com\/eltrabajo.cl\/portal\/wp-content\/uploads\/2017\/07\/Maria1.jpg?w=580&amp;ssl=1 580w, https:\/\/i0.wp.com\/eltrabajo.cl\/portal\/wp-content\/uploads\/2017\/07\/Maria1.jpg?resize=200%2C120&amp;ssl=1 200w, https:\/\/i0.wp.com\/eltrabajo.cl\/portal\/wp-content\/uploads\/2017\/07\/Maria1.jpg?resize=300%2C181&amp;ssl=1 300w, https:\/\/i0.wp.com\/eltrabajo.cl\/portal\/wp-content\/uploads\/2017\/07\/Maria1.jpg?resize=249%2C150&amp;ssl=1 249w, https:\/\/i0.wp.com\/eltrabajo.cl\/portal\/wp-content\/uploads\/2017\/07\/Maria1.jpg?resize=400%2C241&amp;ssl=1 400w\" sizes=\"auto, (max-width: 580px) 100vw, 580px\" \/><figcaption id=\"caption-attachment-79986\" class=\"wp-caption-text\">FUERZA MAR\u00cdA.- Ella es la joven bombera de la 1\u00aa Compa\u00f1\u00eda de Bomberos de Santa Mar\u00eda, Mar\u00eda Isabel Reinoso Montenegro.<\/figcaption><\/figure>\n<figure id=\"attachment_79988\" aria-describedby=\"caption-attachment-79988\" style=\"width: 580px\" class=\"wp-caption alignnone\"><img data-recalc-dims=\"1\" loading=\"lazy\" decoding=\"async\" class=\"size-full wp-image-79988\" src=\"https:\/\/i0.wp.com\/www.eltrabajo.cl\/2017\/wp-content\/uploads\/2017\/07\/Maria3.jpg?resize=580%2C350\" alt=\"HAY ESPERANZA.- En una incubadora del Hospital Van Buren, en Valpara\u00edso, permanece la peque\u00f1a ni\u00f1a. (Referencial)\" width=\"580\" height=\"350\" srcset=\"https:\/\/i0.wp.com\/eltrabajo.cl\/portal\/wp-content\/uploads\/2017\/07\/Maria3.jpg?w=580&amp;ssl=1 580w, https:\/\/i0.wp.com\/eltrabajo.cl\/portal\/wp-content\/uploads\/2017\/07\/Maria3.jpg?resize=200%2C121&amp;ssl=1 200w, https:\/\/i0.wp.com\/eltrabajo.cl\/portal\/wp-content\/uploads\/2017\/07\/Maria3.jpg?resize=300%2C181&amp;ssl=1 300w, https:\/\/i0.wp.com\/eltrabajo.cl\/portal\/wp-content\/uploads\/2017\/07\/Maria3.jpg?resize=249%2C150&amp;ssl=1 249w, https:\/\/i0.wp.com\/eltrabajo.cl\/portal\/wp-content\/uploads\/2017\/07\/Maria3.jpg?resize=400%2C241&amp;ssl=1 400w\" sizes=\"auto, (max-width: 580px) 100vw, 580px\" \/><figcaption id=\"caption-attachment-79988\" class=\"wp-caption-text\">HAY ESPERANZA.- En una incubadora del Hospital Van Buren, en Valpara\u00edso, permanece la peque\u00f1a ni\u00f1a. (Referencial)<\/figcaption><\/figure>\n","protected":false},"excerpt":{"rendered":"<p>Ella con c\u00e1ncer de pulm\u00f3n y la beb\u00e9 con cinco meses de gestaci\u00f3n:\u00a0Vecinos han donado m\u00e1s de un mill\u00f3n de pesos tras campa\u00f1a solidaria hecha en Radio y Redes Sociales. Embarazo de&#8230;<\/p>\n","protected":false},"author":1,"featured_media":79986,"comment_status":"open","ping_status":"open","sticky":false,"template":"","format":"standard","meta":{"advanced_seo_description":"","jetpack_seo_html_title":"","jetpack_seo_noindex":false,"_jetpack_memberships_contains_paid_content":false,"footnotes":""},"categories":[15],"tags":[],"class_list":["post-79984","post","type-post","status-publish","format-standard","has-post-thumbnail","hentry","category-comunidad"],"jetpack_featured_media_url":"https:\/\/i0.wp.com\/eltrabajo.cl\/portal\/wp-content\/uploads\/2017\/07\/Maria1.jpg?fit=580%2C349&ssl=1","jetpack_sharing_enabled":true,"jetpack_likes_enabled":true,"jetpack-related-posts":[],"_links":{"self":[{"href":"https:\/\/eltrabajo.cl\/portal\/wp-json\/wp\/v2\/posts\/79984","targetHints":{"allow":["GET"]}}],"collection":[{"href":"https:\/\/eltrabajo.cl\/portal\/wp-json\/wp\/v2\/posts"}],"about":[{"href":"https:\/\/eltrabajo.cl\/portal\/wp-json\/wp\/v2\/types\/post"}],"author":[{"embeddable":true,"href":"https:\/\/eltrabajo.cl\/portal\/wp-json\/wp\/v2\/users\/1"}],"replies":[{"embeddable":true,"href":"https:\/\/eltrabajo.cl\/portal\/wp-json\/wp\/v2\/comments?post=79984"}],"version-history":[{"count":0,"href":"https:\/\/eltrabajo.cl\/portal\/wp-json\/wp\/v2\/posts\/79984\/revisions"}],"wp:featuredmedia":[{"embeddable":true,"href":"https:\/\/eltrabajo.cl\/portal\/wp-json\/wp\/v2\/media\/79986"}],"wp:attachment":[{"href":"https:\/\/eltrabajo.cl\/portal\/wp-json\/wp\/v2\/media?parent=79984"}],"wp:term":[{"taxonomy":"category","embeddable":true,"href":"https:\/\/eltrabajo.cl\/portal\/wp-json\/wp\/v2\/categories?post=79984"},{"taxonomy":"post_tag","embeddable":true,"href":"https:\/\/eltrabajo.cl\/portal\/wp-json\/wp\/v2\/tags?post=79984"}],"curies":[{"name":"wp","href":"https:\/\/api.w.org\/{rel}","templated":true}]}}