{"id":79991,"date":"2017-07-05T06:00:36","date_gmt":"2017-07-05T10:00:36","guid":{"rendered":"http:\/\/www.eltrabajo.cl\/2017\/?p=79991"},"modified":"2017-07-05T06:00:36","modified_gmt":"2017-07-05T10:00:36","slug":"este-viernes-la-banda-droste-hara-temblar-el-teatro-municipal","status":"publish","type":"post","link":"https:\/\/eltrabajo.cl\/portal\/este-viernes-la-banda-droste-hara-temblar-el-teatro-municipal\/","title":{"rendered":"Este viernes la Banda Droste har\u00e1 temblar el Teatro Municipal"},"content":{"rendered":"<figure id=\"attachment_79993\" aria-describedby=\"caption-attachment-79993\" style=\"width: 580px\" class=\"wp-caption alignnone\"><img data-recalc-dims=\"1\" loading=\"lazy\" decoding=\"async\" class=\"size-full wp-image-79993\" src=\"https:\/\/i0.wp.com\/www.eltrabajo.cl\/2017\/wp-content\/uploads\/2017\/07\/Droste1.jpg?resize=580%2C349\" alt=\"EL VIERNES REGRESAN.- Aqu\u00ed tenemos a estos j\u00f3venes m\u00fasicos sanfelipe\u00f1os haciendo de las suyas con su rock instrumental.\" width=\"580\" height=\"349\" srcset=\"https:\/\/i0.wp.com\/eltrabajo.cl\/portal\/wp-content\/uploads\/2017\/07\/Droste1.jpg?w=580&amp;ssl=1 580w, https:\/\/i0.wp.com\/eltrabajo.cl\/portal\/wp-content\/uploads\/2017\/07\/Droste1.jpg?resize=200%2C120&amp;ssl=1 200w, https:\/\/i0.wp.com\/eltrabajo.cl\/portal\/wp-content\/uploads\/2017\/07\/Droste1.jpg?resize=300%2C181&amp;ssl=1 300w, https:\/\/i0.wp.com\/eltrabajo.cl\/portal\/wp-content\/uploads\/2017\/07\/Droste1.jpg?resize=249%2C150&amp;ssl=1 249w, https:\/\/i0.wp.com\/eltrabajo.cl\/portal\/wp-content\/uploads\/2017\/07\/Droste1.jpg?resize=400%2C241&amp;ssl=1 400w\" sizes=\"auto, (max-width: 580px) 100vw, 580px\" \/><figcaption id=\"caption-attachment-79993\" class=\"wp-caption-text\">EL VIERNES REGRESAN.- Aqu\u00ed tenemos a estos j\u00f3venes m\u00fasicos sanfelipe\u00f1os haciendo de las suyas con su rock instrumental.<\/figcaption><\/figure>\n<ul>\n<li><span style=\"color: #ff0000;\"><strong>M\u00fasicos sanfelipe\u00f1os prometen algunas sorpresas:<\/strong><\/span><\/li>\n<\/ul>\n<p>Este viernes 7 de julio a las 19:30 horas en el Teatro Municipal de San Felipe, en el marco del Ciclo Porque amamos lo nuestro 2017, en conjunto con la Agrupaci\u00f3n de M\u00fasicos de Aconcagua, departamento de Cultura y el sello local Experimentos Rurales, la Banda Droste estar\u00e1 retornando a las andadas ofreciendo un potente concierto, ya que estuvo de vacaciones y tambi\u00e9n preparando nuevo material.<br \/>\n\u00abVienen algunas sorpresas durante el concierto, desde hace meses que est\u00e1bamos prepar\u00e1ndonos para este reencuentro con nuestros seguidores y amantes de nuestra m\u00fasica, estamos trabajando duro con nuevas propuestas originales\u00bb, coment\u00f3 a Diario El Trabajo el joven Pablo Barra, guitarrista de Droste.<br \/>\nEsta banda sanfelipe\u00f1a tiene un CD grabado en el que expone estilos como el stoner; el post rock; el shoegaze y el rock progresivo.<br \/>\n<strong>&#8211; \u00bfQu\u00e9 significa el nombre Droste?<\/strong><br \/>\n&#8211; Esa palabra tiene relaci\u00f3n con el concepto de puesta en el abismo, es como verse al espejo frente a otro espejo, as\u00ed ver\u00e1s muchas copias de ti mismo, se llama el Efecto Droste.<br \/>\n<strong>&#8211; \u00bfCu\u00e1l es la esencia de su propuesta?<\/strong><br \/>\n&#8211; Queremos seguir presentando una cr\u00edtica al mundo actual, un mundo ajetreado y sumergido en el consumismo, en el que se pierden de vista los detalles peque\u00f1os, nuestra banda naci\u00f3 el pasado a\u00f1o como un proyecto instrumental que busca experimentar con nuevos sonidos, utilizando los t\u00edpicos instrumentos de una banda de rock.<br \/>\n<strong>&#8211; \u00bfQui\u00e9nes conforman esta agrupaci\u00f3n?<\/strong><br \/>\n&#8211; Yo Pablo Barra (guitarra); Rodrigo Contreras (guitarra); Ignacio Cabrera (bater\u00eda) y Nicole G\u00f3mez (bajo el\u00e9ctrico); nosotros unidos logramos crear atm\u00f3sferas tranquilas que en un segundo pueden cambiar a potentes sonidos.<br \/>\n<strong>&#8211; \u00bfEs verdad que ustedes mismos tienen su propio Sello discogr\u00e1fico?<\/strong><br \/>\n&#8211; S\u00ed, as\u00ed es. De hecho lanzamos el a\u00f1o pasado nuestro primer disco bajo el alero del sello independiente Experimentos Rurales.<br \/>\n<strong>Roberto Gonz\u00e1lez Short<\/strong><\/p>\n<figure id=\"attachment_79992\" aria-describedby=\"caption-attachment-79992\" style=\"width: 580px\" class=\"wp-caption alignnone\"><img data-recalc-dims=\"1\" loading=\"lazy\" decoding=\"async\" class=\"size-full wp-image-79992\" src=\"https:\/\/i0.wp.com\/www.eltrabajo.cl\/2017\/wp-content\/uploads\/2017\/07\/Droste_Pablo-Barra.jpg?resize=580%2C526\" alt=\"Pablo Barra, guitarrista de Droste.\" width=\"580\" height=\"526\" srcset=\"https:\/\/i0.wp.com\/eltrabajo.cl\/portal\/wp-content\/uploads\/2017\/07\/Droste_Pablo-Barra.jpg?w=580&amp;ssl=1 580w, https:\/\/i0.wp.com\/eltrabajo.cl\/portal\/wp-content\/uploads\/2017\/07\/Droste_Pablo-Barra.jpg?resize=165%2C150&amp;ssl=1 165w, https:\/\/i0.wp.com\/eltrabajo.cl\/portal\/wp-content\/uploads\/2017\/07\/Droste_Pablo-Barra.jpg?resize=300%2C272&amp;ssl=1 300w, https:\/\/i0.wp.com\/eltrabajo.cl\/portal\/wp-content\/uploads\/2017\/07\/Droste_Pablo-Barra.jpg?resize=400%2C363&amp;ssl=1 400w\" sizes=\"auto, (max-width: 580px) 100vw, 580px\" \/><figcaption id=\"caption-attachment-79992\" class=\"wp-caption-text\">Pablo Barra, guitarrista de Droste.<\/figcaption><\/figure>\n<figure id=\"attachment_79994\" aria-describedby=\"caption-attachment-79994\" style=\"width: 580px\" class=\"wp-caption alignnone\"><img data-recalc-dims=\"1\" loading=\"lazy\" decoding=\"async\" class=\"size-full wp-image-79994\" src=\"https:\/\/i0.wp.com\/www.eltrabajo.cl\/2017\/wp-content\/uploads\/2017\/07\/Droste2.jpg?resize=580%2C349\" alt=\"VIENEN SORPRESAS.- Esta banda sanfelipe\u00f1a tiene un CD grabado, en el que expone estilos como el stoner; el post rock; el shoegaze y el rock progresivo. \" width=\"580\" height=\"349\" srcset=\"https:\/\/i0.wp.com\/eltrabajo.cl\/portal\/wp-content\/uploads\/2017\/07\/Droste2.jpg?w=580&amp;ssl=1 580w, https:\/\/i0.wp.com\/eltrabajo.cl\/portal\/wp-content\/uploads\/2017\/07\/Droste2.jpg?resize=200%2C120&amp;ssl=1 200w, https:\/\/i0.wp.com\/eltrabajo.cl\/portal\/wp-content\/uploads\/2017\/07\/Droste2.jpg?resize=300%2C181&amp;ssl=1 300w, https:\/\/i0.wp.com\/eltrabajo.cl\/portal\/wp-content\/uploads\/2017\/07\/Droste2.jpg?resize=249%2C150&amp;ssl=1 249w, https:\/\/i0.wp.com\/eltrabajo.cl\/portal\/wp-content\/uploads\/2017\/07\/Droste2.jpg?resize=400%2C241&amp;ssl=1 400w\" sizes=\"auto, (max-width: 580px) 100vw, 580px\" \/><figcaption id=\"caption-attachment-79994\" class=\"wp-caption-text\">VIENEN SORPRESAS.- Esta banda sanfelipe\u00f1a tiene un CD grabado, en el que expone estilos como el stoner; el post rock; el shoegaze y el rock progresivo.<\/figcaption><\/figure>\n","protected":false},"excerpt":{"rendered":"<p>M\u00fasicos sanfelipe\u00f1os prometen algunas sorpresas: Este viernes 7 de julio a las 19:30 horas en el Teatro Municipal de San Felipe, en el marco del Ciclo Porque amamos lo nuestro 2017, en&#8230;<\/p>\n","protected":false},"author":1,"featured_media":79994,"comment_status":"open","ping_status":"open","sticky":false,"template":"","format":"standard","meta":{"advanced_seo_description":"","jetpack_seo_html_title":"","jetpack_seo_noindex":false,"_jetpack_memberships_contains_paid_content":false,"footnotes":""},"categories":[20],"tags":[],"class_list":["post-79991","post","type-post","status-publish","format-standard","has-post-thumbnail","hentry","category-arte-y-cultura"],"jetpack_featured_media_url":"https:\/\/i0.wp.com\/eltrabajo.cl\/portal\/wp-content\/uploads\/2017\/07\/Droste2.jpg?fit=580%2C349&ssl=1","jetpack_sharing_enabled":true,"jetpack_likes_enabled":true,"jetpack-related-posts":[],"_links":{"self":[{"href":"https:\/\/eltrabajo.cl\/portal\/wp-json\/wp\/v2\/posts\/79991","targetHints":{"allow":["GET"]}}],"collection":[{"href":"https:\/\/eltrabajo.cl\/portal\/wp-json\/wp\/v2\/posts"}],"about":[{"href":"https:\/\/eltrabajo.cl\/portal\/wp-json\/wp\/v2\/types\/post"}],"author":[{"embeddable":true,"href":"https:\/\/eltrabajo.cl\/portal\/wp-json\/wp\/v2\/users\/1"}],"replies":[{"embeddable":true,"href":"https:\/\/eltrabajo.cl\/portal\/wp-json\/wp\/v2\/comments?post=79991"}],"version-history":[{"count":0,"href":"https:\/\/eltrabajo.cl\/portal\/wp-json\/wp\/v2\/posts\/79991\/revisions"}],"wp:featuredmedia":[{"embeddable":true,"href":"https:\/\/eltrabajo.cl\/portal\/wp-json\/wp\/v2\/media\/79994"}],"wp:attachment":[{"href":"https:\/\/eltrabajo.cl\/portal\/wp-json\/wp\/v2\/media?parent=79991"}],"wp:term":[{"taxonomy":"category","embeddable":true,"href":"https:\/\/eltrabajo.cl\/portal\/wp-json\/wp\/v2\/categories?post=79991"},{"taxonomy":"post_tag","embeddable":true,"href":"https:\/\/eltrabajo.cl\/portal\/wp-json\/wp\/v2\/tags?post=79991"}],"curies":[{"name":"wp","href":"https:\/\/api.w.org\/{rel}","templated":true}]}}