{"id":79996,"date":"2017-07-05T06:01:39","date_gmt":"2017-07-05T10:01:39","guid":{"rendered":"http:\/\/www.eltrabajo.cl\/2017\/?p=79996"},"modified":"2017-07-05T06:01:39","modified_gmt":"2017-07-05T10:01:39","slug":"el-uni-ya-tiene-fecha-y-hora-confirmadas-en-el-estadio-de-quillota-para-el-debut","status":"publish","type":"post","link":"https:\/\/eltrabajo.cl\/portal\/el-uni-ya-tiene-fecha-y-hora-confirmadas-en-el-estadio-de-quillota-para-el-debut\/","title":{"rendered":"El Un\u00ed ya tiene fecha y hora confirmadas en el estadio de Quillota para el debut"},"content":{"rendered":"<figure id=\"attachment_79997\" aria-describedby=\"caption-attachment-79997\" style=\"width: 580px\" class=\"wp-caption alignnone\"><img data-recalc-dims=\"1\" loading=\"lazy\" decoding=\"async\" class=\"size-full wp-image-79997\" src=\"https:\/\/i0.wp.com\/www.eltrabajo.cl\/2017\/wp-content\/uploads\/2017\/07\/uni-uni.jpg?resize=580%2C348\" alt=\"El domingo 30 de julio ser\u00e1 el debut del Un\u00ed en el torneo de Transici\u00f3n de la Primera B.\" width=\"580\" height=\"348\" srcset=\"https:\/\/i0.wp.com\/eltrabajo.cl\/portal\/wp-content\/uploads\/2017\/07\/uni-uni.jpg?w=580&amp;ssl=1 580w, https:\/\/i0.wp.com\/eltrabajo.cl\/portal\/wp-content\/uploads\/2017\/07\/uni-uni.jpg?resize=200%2C120&amp;ssl=1 200w, https:\/\/i0.wp.com\/eltrabajo.cl\/portal\/wp-content\/uploads\/2017\/07\/uni-uni.jpg?resize=300%2C180&amp;ssl=1 300w, https:\/\/i0.wp.com\/eltrabajo.cl\/portal\/wp-content\/uploads\/2017\/07\/uni-uni.jpg?resize=250%2C150&amp;ssl=1 250w, https:\/\/i0.wp.com\/eltrabajo.cl\/portal\/wp-content\/uploads\/2017\/07\/uni-uni.jpg?resize=400%2C240&amp;ssl=1 400w\" sizes=\"auto, (max-width: 580px) 100vw, 580px\" \/><figcaption id=\"caption-attachment-79997\" class=\"wp-caption-text\">El domingo 30 de julio ser\u00e1 el debut del Un\u00ed en el torneo de Transici\u00f3n de la Primera B.<\/figcaption><\/figure>\n<p>Para el domingo 30 de julio a las 20:30 horas fue programado el partido de Uni\u00f3n San Felipe y Cobreloa, pleito que ya tiene como recinto confirmado el estadio Lucio Fari\u00f1a de Quillota, reducto en que el Un\u00ed har\u00e1 de anfitri\u00f3n mientras terminan las obras del nuevo estadio Municipal de Santa Mar\u00eda.<br \/>\nEl lance entre sanfelipe\u00f1os ser\u00e1 el encargado de poner fin a la fecha de estreno del certamen de la serie de plata del f\u00fatbol chileno, y los hinchas que no puedan viajar hasta Quillota tendr\u00e1n como premio de consuelo la posibilidad de verlo por TV, ya que ser\u00e1 transmitido por el CDF.<\/p>\n<p><span style=\"color: #ff0000;\"><strong>Programaci\u00f3n 1\u00aa Fecha<\/strong><\/span><br \/>\nS\u00e1bado 29 de julio<br \/>\n15:00 horas, Santiago Morning \u2013 Magallanes<br \/>\n18:00 horas, Puerto Montt \u2013 Rangers<br \/>\n19:00 horas, La Serena \u2013 Iberia<\/p>\n<p>Domingo 30 de julio<br \/>\n15:30 horas, \u00d1ublense \u2013 Deportes Copiap\u00f3<br \/>\n15:30 horas, Valdivia \u2013 Coquimbo Unido<br \/>\n15:30 horas, Cobresal \u2013 Uni\u00f3n La Calera<br \/>\n16:00 horas, San Marcos \u2013 Barnechea<br \/>\n20:30 horas, Uni\u00f3n San Felipe \u2013 Cobreloa<\/p>\n","protected":false},"excerpt":{"rendered":"<p>Para el domingo 30 de julio a las 20:30 horas fue programado el partido de Uni\u00f3n San Felipe y Cobreloa, pleito que ya tiene como recinto confirmado el estadio Lucio Fari\u00f1a de&#8230;<\/p>\n","protected":false},"author":1,"featured_media":79997,"comment_status":"open","ping_status":"open","sticky":false,"template":"","format":"standard","meta":{"advanced_seo_description":"","jetpack_seo_html_title":"","jetpack_seo_noindex":false,"_jetpack_memberships_contains_paid_content":false,"footnotes":""},"categories":[19],"tags":[],"class_list":["post-79996","post","type-post","status-publish","format-standard","has-post-thumbnail","hentry","category-deportes"],"jetpack_featured_media_url":"https:\/\/i0.wp.com\/eltrabajo.cl\/portal\/wp-content\/uploads\/2017\/07\/uni-uni.jpg?fit=580%2C348&ssl=1","jetpack_sharing_enabled":true,"jetpack_likes_enabled":true,"jetpack-related-posts":[],"_links":{"self":[{"href":"https:\/\/eltrabajo.cl\/portal\/wp-json\/wp\/v2\/posts\/79996","targetHints":{"allow":["GET"]}}],"collection":[{"href":"https:\/\/eltrabajo.cl\/portal\/wp-json\/wp\/v2\/posts"}],"about":[{"href":"https:\/\/eltrabajo.cl\/portal\/wp-json\/wp\/v2\/types\/post"}],"author":[{"embeddable":true,"href":"https:\/\/eltrabajo.cl\/portal\/wp-json\/wp\/v2\/users\/1"}],"replies":[{"embeddable":true,"href":"https:\/\/eltrabajo.cl\/portal\/wp-json\/wp\/v2\/comments?post=79996"}],"version-history":[{"count":0,"href":"https:\/\/eltrabajo.cl\/portal\/wp-json\/wp\/v2\/posts\/79996\/revisions"}],"wp:featuredmedia":[{"embeddable":true,"href":"https:\/\/eltrabajo.cl\/portal\/wp-json\/wp\/v2\/media\/79997"}],"wp:attachment":[{"href":"https:\/\/eltrabajo.cl\/portal\/wp-json\/wp\/v2\/media?parent=79996"}],"wp:term":[{"taxonomy":"category","embeddable":true,"href":"https:\/\/eltrabajo.cl\/portal\/wp-json\/wp\/v2\/categories?post=79996"},{"taxonomy":"post_tag","embeddable":true,"href":"https:\/\/eltrabajo.cl\/portal\/wp-json\/wp\/v2\/tags?post=79996"}],"curies":[{"name":"wp","href":"https:\/\/api.w.org\/{rel}","templated":true}]}}