{"id":79999,"date":"2017-07-05T06:02:52","date_gmt":"2017-07-05T10:02:52","guid":{"rendered":"http:\/\/www.eltrabajo.cl\/2017\/?p=79999"},"modified":"2017-07-05T06:02:52","modified_gmt":"2017-07-05T10:02:52","slug":"inauguran-primer-mercado-campesino-de-la-provincia-de-los-andes","status":"publish","type":"post","link":"https:\/\/eltrabajo.cl\/portal\/inauguran-primer-mercado-campesino-de-la-provincia-de-los-andes\/","title":{"rendered":"Inauguran primer mercado campesino de la provincia de Los Andes"},"content":{"rendered":"<figure id=\"attachment_80000\" aria-describedby=\"caption-attachment-80000\" style=\"width: 580px\" class=\"wp-caption alignnone\"><img data-recalc-dims=\"1\" loading=\"lazy\" decoding=\"async\" class=\"size-full wp-image-80000\" src=\"https:\/\/i0.wp.com\/www.eltrabajo.cl\/2017\/wp-content\/uploads\/2017\/07\/feria-productores2.jpg?resize=580%2C350\" alt=\"Tal comoestaba anunciado, este martes fue inaugurado el Primer Mercado Campesino de la Provincia de Los Andes, una muestra de productos campesinos de la zona, artesan\u00eda, cact\u00e1ceas adem\u00e1s de una exposici\u00f3n de vestigios de antiguas culturas que habitaron el sector.\" width=\"580\" height=\"350\" srcset=\"https:\/\/i0.wp.com\/eltrabajo.cl\/portal\/wp-content\/uploads\/2017\/07\/feria-productores2.jpg?w=580&amp;ssl=1 580w, https:\/\/i0.wp.com\/eltrabajo.cl\/portal\/wp-content\/uploads\/2017\/07\/feria-productores2.jpg?resize=200%2C121&amp;ssl=1 200w, https:\/\/i0.wp.com\/eltrabajo.cl\/portal\/wp-content\/uploads\/2017\/07\/feria-productores2.jpg?resize=300%2C181&amp;ssl=1 300w, https:\/\/i0.wp.com\/eltrabajo.cl\/portal\/wp-content\/uploads\/2017\/07\/feria-productores2.jpg?resize=249%2C150&amp;ssl=1 249w, https:\/\/i0.wp.com\/eltrabajo.cl\/portal\/wp-content\/uploads\/2017\/07\/feria-productores2.jpg?resize=400%2C241&amp;ssl=1 400w\" sizes=\"auto, (max-width: 580px) 100vw, 580px\" \/><figcaption id=\"caption-attachment-80000\" class=\"wp-caption-text\">Tal comoestaba anunciado, este martes fue inaugurado el Primer Mercado Campesino de la Provincia de Los Andes, una muestra de productos campesinos de la zona, artesan\u00eda, cact\u00e1ceas adem\u00e1s de una exposici\u00f3n de vestigios de antiguas culturas que habitaron el sector.<\/figcaption><\/figure>\n<ul>\n<li><span style=\"color: #ff0000;\"><strong>Adem\u00e1s Indap hizo entrega de incentivos para favorecer la peque\u00f1a agricultura por m\u00e1s de 21 millones de pesos.<\/strong><\/span><\/li>\n<\/ul>\n<p><strong>LOS ANDES.-<\/strong> Este martes a partir de las 11,30 horas fue inaugurado el Primer Mercado Campesino de la Provincia de Los Andes, actividad que se realiz\u00f3 en el hall de la ex estaci\u00f3n de ferrocarriles, en Avenida Carlos D\u00edaz 47, a un costado del terminal de buses.<br \/>\nSe trata de una muestra de productos campesinos de la zona, artesan\u00eda, cact\u00e1ceas y una exposici\u00f3n de vestigios de antiguas culturas que habitaron el sector.<br \/>\nEn la oportunidad adem\u00e1s se llev\u00f3 a cabo la entrega de 120 incentivos para peque\u00f1os agricultores.<br \/>\nSobre esta iniciativa, el Director Regional de Indap, Marcelo Herrera, dijo que se trata de un plan estrat\u00e9gico de circuitos cortos que permitir\u00e1n a los peque\u00f1os agricultores llegar al consumidor final y de esa manera se puede aumentar la rentabilidad dejando de lado a los intermediarios.<br \/>\nEste evento ferial cont\u00f3 con la participaci\u00f3n de 16 usuarios Prodesal y SAT de las comunas de Calle Larga, Rinconada, San Esteban y Los Andes en rubros como mermeladas y conservas; aceite de oliva; flores de corte; limones; naranjas, hortalizas; kaki; frambuesas org\u00e1nicas; plantas ornamentales, huevos de codorniz, pasta de merk\u00e9n; frutos secos, entre otros.<br \/>\n\u00abCuando hablamos de rentabilidad de un negocio, se habla de bajar costos, pero ellos ya m\u00e1s abajo no pueden llegar porque no pueden producir grandes vol\u00famenes y solo nos queda poder aumentar el precio y eso se consigue mediante la eliminaci\u00f3n de los intermediarios, entonces como Indap trabajamos una l\u00ednea especial y es por eso, por mandato de la Presidenta, que a partir de 2018 los proveedores de Junji tendr\u00e1n que comprar el 15% de sus productos por obligaci\u00f3n a la agricultura familiar campesina\u00bb, se\u00f1al\u00f3 el director regional de Indap.<br \/>\nPor su parte, la Presidenta del Comit\u00e9 Asesor Campesino de Indap para la provincia, Amelia Mu\u00f1oz, destac\u00f3 que este trabajo ha sido muy positivo por el apoyo recibido en todo \u00e1mbito, \u00abpero ahora nos est\u00e1n ayudando en el tema de la comercializaci\u00f3n, ya que hay muy buenos productos en la zona y nos faltaban estos espacios como el Mercado Campesino, ya que tenemos productos de primera calidad y no ten\u00edamos donde venderlos\u00bb.<br \/>\nAgreg\u00f3 que por existir mucho intermediarios les cancelan muy poco por sus productos, y que no se condice con la calidad que ellos entregan, \u00aby por eso agradecemos mucho la realizaci\u00f3n de esta feria y el apoyo que recibimos del gobierno\u00bb.<br \/>\nA su vez, el Gobernador Provincial de Los Andes, Daniel Zamorano, valor\u00f3 la realizaci\u00f3n de esta muestra porque demuestra el compromiso del Gobierno de la Presidenta Bachelet con la peque\u00f1a agricultura familiar campesina, \u00absobre todo para que los productos cuenten con sello de origen y le den un mayor valor agregado\u00bb.<br \/>\nRemarc\u00f3 que en base a ello se les entrega un incentivo para poder mantener la producci\u00f3n y a la vez mediante estas ferias puedan comercializarlos de manera directa y generar mejores ingresos.<\/p>\n","protected":false},"excerpt":{"rendered":"<p>Adem\u00e1s Indap hizo entrega de incentivos para favorecer la peque\u00f1a agricultura por m\u00e1s de 21 millones de pesos. LOS ANDES.- Este martes a partir de las 11,30 horas fue inaugurado el Primer&#8230;<\/p>\n","protected":false},"author":1,"featured_media":80000,"comment_status":"open","ping_status":"open","sticky":false,"template":"","format":"standard","meta":{"advanced_seo_description":"","jetpack_seo_html_title":"","jetpack_seo_noindex":false,"_jetpack_memberships_contains_paid_content":false,"footnotes":""},"categories":[15],"tags":[],"class_list":["post-79999","post","type-post","status-publish","format-standard","has-post-thumbnail","hentry","category-comunidad"],"jetpack_featured_media_url":"https:\/\/i0.wp.com\/eltrabajo.cl\/portal\/wp-content\/uploads\/2017\/07\/feria-productores2.jpg?fit=580%2C350&ssl=1","jetpack_sharing_enabled":true,"jetpack_likes_enabled":true,"jetpack-related-posts":[],"_links":{"self":[{"href":"https:\/\/eltrabajo.cl\/portal\/wp-json\/wp\/v2\/posts\/79999","targetHints":{"allow":["GET"]}}],"collection":[{"href":"https:\/\/eltrabajo.cl\/portal\/wp-json\/wp\/v2\/posts"}],"about":[{"href":"https:\/\/eltrabajo.cl\/portal\/wp-json\/wp\/v2\/types\/post"}],"author":[{"embeddable":true,"href":"https:\/\/eltrabajo.cl\/portal\/wp-json\/wp\/v2\/users\/1"}],"replies":[{"embeddable":true,"href":"https:\/\/eltrabajo.cl\/portal\/wp-json\/wp\/v2\/comments?post=79999"}],"version-history":[{"count":0,"href":"https:\/\/eltrabajo.cl\/portal\/wp-json\/wp\/v2\/posts\/79999\/revisions"}],"wp:featuredmedia":[{"embeddable":true,"href":"https:\/\/eltrabajo.cl\/portal\/wp-json\/wp\/v2\/media\/80000"}],"wp:attachment":[{"href":"https:\/\/eltrabajo.cl\/portal\/wp-json\/wp\/v2\/media?parent=79999"}],"wp:term":[{"taxonomy":"category","embeddable":true,"href":"https:\/\/eltrabajo.cl\/portal\/wp-json\/wp\/v2\/categories?post=79999"},{"taxonomy":"post_tag","embeddable":true,"href":"https:\/\/eltrabajo.cl\/portal\/wp-json\/wp\/v2\/tags?post=79999"}],"curies":[{"name":"wp","href":"https:\/\/api.w.org\/{rel}","templated":true}]}}