{"id":80002,"date":"2017-07-05T06:03:26","date_gmt":"2017-07-05T10:03:26","guid":{"rendered":"http:\/\/www.eltrabajo.cl\/2017\/?p=80002"},"modified":"2017-07-05T06:03:26","modified_gmt":"2017-07-05T10:03:26","slug":"cursaran-infraccion-a-dueno-de-predio-que-autorizo-antena-ilegal","status":"publish","type":"post","link":"https:\/\/eltrabajo.cl\/portal\/cursaran-infraccion-a-dueno-de-predio-que-autorizo-antena-ilegal\/","title":{"rendered":"Cursar\u00e1n infracci\u00f3n a due\u00f1o de predio que autoriz\u00f3 antena ilegal"},"content":{"rendered":"<figure id=\"attachment_80007\" aria-describedby=\"caption-attachment-80007\" style=\"width: 580px\" class=\"wp-caption alignnone\"><img data-recalc-dims=\"1\" loading=\"lazy\" decoding=\"async\" class=\"size-full wp-image-80007\" src=\"https:\/\/i0.wp.com\/www.eltrabajo.cl\/2017\/wp-content\/uploads\/2017\/07\/Antena2.jpg?resize=580%2C350\" alt=\"CONCEJO INVESTIGA.- El alcalde Patricio Freire prometi\u00f3 \u2018Mano Dura\u2019 tras confirmarse que la instalaci\u00f3n de la antena se hizo de manera ilegal y de noche.\" width=\"580\" height=\"350\" srcset=\"https:\/\/i0.wp.com\/eltrabajo.cl\/portal\/wp-content\/uploads\/2017\/07\/Antena2.jpg?w=580&amp;ssl=1 580w, https:\/\/i0.wp.com\/eltrabajo.cl\/portal\/wp-content\/uploads\/2017\/07\/Antena2.jpg?resize=200%2C121&amp;ssl=1 200w, https:\/\/i0.wp.com\/eltrabajo.cl\/portal\/wp-content\/uploads\/2017\/07\/Antena2.jpg?resize=300%2C181&amp;ssl=1 300w, https:\/\/i0.wp.com\/eltrabajo.cl\/portal\/wp-content\/uploads\/2017\/07\/Antena2.jpg?resize=249%2C150&amp;ssl=1 249w, https:\/\/i0.wp.com\/eltrabajo.cl\/portal\/wp-content\/uploads\/2017\/07\/Antena2.jpg?resize=400%2C241&amp;ssl=1 400w\" sizes=\"auto, (max-width: 580px) 100vw, 580px\" \/><figcaption id=\"caption-attachment-80007\" class=\"wp-caption-text\">CONCEJO INVESTIGA.- El alcalde Patricio Freire prometi\u00f3 \u2018Mano Dura\u2019 tras confirmarse que la instalaci\u00f3n de la antena se hizo de manera ilegal y de noche.<\/figcaption><\/figure>\n<ul>\n<li><strong><span style=\"color: #ff0000;\">Municipio amenaza con demolerla si no acatan la ley:\u00a0<\/span>Vecinos de San Rafael se hicieron escuchar ayer martes en la Direcci\u00f3n de Obras, en reclamo de una antena instalada ilegalmente en su barrio.<\/strong><\/li>\n<\/ul>\n<p>Luego que en Diario El Trabajo hici\u00e9ramos p\u00fablico este lunes el caso de una antena de telefon\u00eda celular que durante las noches una empresa ha instalado en Callej\u00f3n El Molino, paradero 20 de San Rafael, en una propiedad de un vecino del sector, la ma\u00f1ana de ayer martes varios de los vecinos que aseguran sentirse afectados fueron atendidos por Claudio D\u00edaz, Director de Obras de la Municipalidad de San Felipe, quien por m\u00e1s de una hora atendi\u00f3 las quejas de estos vecinos de San Rafael.<br \/>\nEl malestar es expresado por los pobladores de San Rafael, luego que sin solicitar permiso alguno al Concejo Municipal, el due\u00f1o del terreno donde se instalaron las antenas, procedi\u00f3 a permitir la instalaci\u00f3n de la misma, ya que en su propiedad hay dos, una legal, instalada antes de la nueva Ley de Antenas, pero esta otra, la que fue montada la semana anterior, la que carece de permisos municipales y de la Subtel.<br \/>\n<strong>&#8211; \u00bfC\u00f3mo se desarroll\u00f3 esta reuni\u00f3n con los vecinos de San Rafael?<\/strong><br \/>\n&#8211; A partir de la denuncia de estos vecinos, hemos establecido que existe una antena instalada en San Rafael, la que no estar\u00eda cumpliendo con los estatutos de la Ley de Urbanismo y Construcci\u00f3n para lo que tiene que ver con la autorizaci\u00f3n de la base de esa antena, as\u00ed como la revisi\u00f3n de requisitos generales del distanciamiento a los vecinos, m\u00e1s todo un procedimiento previo entre el interesado y sus vecinos.<br \/>\n<strong>&#8211; \u00bfEs normal que un proyecto irregular como \u00e9ste, pueda terminar aprob\u00e1ndose?<\/strong><br \/>\n&#8211; Es imposible lograr un buen resultado con un procedimiento irregular. Aqu\u00ed lo que pasa es que anteriormente, para instalar una antena de \u00e9stas, no ameritaban sacar permisos a nadie. Lo que pas\u00f3 es que luego, con la modificaci\u00f3n del art\u00edculo 116 de la Ley de Urbanismo y Construcci\u00f3n, ya nadie puede instalar una antena de manera irregular; quien lo haga as\u00ed se encontrar\u00e1 de seguro con que el Municipio no le autorice la instalaci\u00f3n.<br \/>\n<strong>&#8211; \u00bfC\u00f3mo y contra qui\u00e9n proceder\u00e1 ahora el Municipio en este caso?<\/strong><br \/>\n&#8211; El Municipio ahora proceder\u00e1 a realizar una inspecci\u00f3n en esa propiedad, al parecer este vecino no cuenta con los permisos necesarios (\u2026) lo que corresponde derechamente es cursar una infracci\u00f3n como corresponde ante el Juzgado de Polic\u00eda Local, y que este Juzgado revise la sanci\u00f3n que deba aplicar al propietario, nosotros como Municipio proceder\u00edamos a no aprobar el funcionamiento de esta antena (\u2026) Si luego de estos tr\u00e1mites ocurriera que la antena sigue instalada, tendr\u00edamos que proceder con medidas m\u00e1s concretas, como buscar la forma de desmantelarla por completo (\u2026) De momento no es la empresa Entel la que se est\u00e1 cuestionando aqu\u00ed, es al propietario del terreno, porque a veces son terceras empresas las que instalan las antenas, luego salen a promocionarlas a las empresas interesadas.<\/p>\n<p><span style=\"color: #ff0000;\"><strong>VECINOS OPINAN<\/strong><\/span><br \/>\nEugenio Ponce, vecino de San Rafael, coment\u00f3 a Diario El Trabajo que \u00abestamos muy contentos tras la reuni\u00f3n con don Claudio D\u00edaz, esperamos que el Municipio meta mano dura y nos quiten esta antena del sector, ya que aparte de que afecta nuestra salud, la misma est\u00e1 instalada de forma ilegal\u00bb. Asimismo otra de las vecinas afectadas, Mar\u00eda Ang\u00e9lica Hern\u00e1ndez, indic\u00f3 a nuestro medio que \u00abla reuni\u00f3n con don Claudio fue m\u00e1s que satisfactoria, seguiremos los conductos regulares para que esta queja no quede en el aire, llegaremos hasta las \u00faltimas consecuencias para que esta antena sea desinstalada de San Rafael\u00bb.<br \/>\nEl alcalde Patricio Freire por su parte, se\u00f1al\u00f3 su inconformidad con la instalaci\u00f3n de este dispositivo en San Rafael: \u00abNi yo ni este Concejo vamos a permitir que se instalen antenas de telefon\u00eda a espaldas del Municipio y contra la voluntad de los vecinos, en ese sector ni en otra parte, he solicitado un detallado informe, si hay que poner multas, pues que as\u00ed se haga, y estoy de acuerdo con lo dicho por Claudio D\u00edaz, si se debiera demoler esa construcci\u00f3n, pues tambi\u00e9n proceder\u00edamos en ese sentido\u00bb.<br \/>\n<strong>Roberto Gonz\u00e1lez Short<\/strong><\/p>\n<figure id=\"attachment_80003\" aria-describedby=\"caption-attachment-80003\" style=\"width: 580px\" class=\"wp-caption alignnone\"><img data-recalc-dims=\"1\" loading=\"lazy\" decoding=\"async\" class=\"size-full wp-image-80003\" src=\"https:\/\/i0.wp.com\/www.eltrabajo.cl\/2017\/wp-content\/uploads\/2017\/07\/Antena_Angelica-Hernandez.jpg?resize=580%2C557\" alt=\"Ang\u00e9lica Hern\u00e1ndez, vecina afectada.\" width=\"580\" height=\"557\" srcset=\"https:\/\/i0.wp.com\/eltrabajo.cl\/portal\/wp-content\/uploads\/2017\/07\/Antena_Angelica-Hernandez.jpg?w=580&amp;ssl=1 580w, https:\/\/i0.wp.com\/eltrabajo.cl\/portal\/wp-content\/uploads\/2017\/07\/Antena_Angelica-Hernandez.jpg?resize=156%2C150&amp;ssl=1 156w, https:\/\/i0.wp.com\/eltrabajo.cl\/portal\/wp-content\/uploads\/2017\/07\/Antena_Angelica-Hernandez.jpg?resize=300%2C288&amp;ssl=1 300w, https:\/\/i0.wp.com\/eltrabajo.cl\/portal\/wp-content\/uploads\/2017\/07\/Antena_Angelica-Hernandez.jpg?resize=400%2C384&amp;ssl=1 400w\" sizes=\"auto, (max-width: 580px) 100vw, 580px\" \/><figcaption id=\"caption-attachment-80003\" class=\"wp-caption-text\">Ang\u00e9lica Hern\u00e1ndez, vecina afectada.<\/figcaption><\/figure>\n<figure id=\"attachment_80004\" aria-describedby=\"caption-attachment-80004\" style=\"width: 580px\" class=\"wp-caption alignnone\"><img data-recalc-dims=\"1\" loading=\"lazy\" decoding=\"async\" class=\"size-full wp-image-80004\" src=\"https:\/\/i0.wp.com\/www.eltrabajo.cl\/2017\/wp-content\/uploads\/2017\/07\/Antena_Claudio-Diaz.jpg?resize=580%2C551\" alt=\"Claudio D\u00edaz, Director de Obras de la Municipalidad de San Felipe.\" width=\"580\" height=\"551\" srcset=\"https:\/\/i0.wp.com\/eltrabajo.cl\/portal\/wp-content\/uploads\/2017\/07\/Antena_Claudio-Diaz.jpg?w=580&amp;ssl=1 580w, https:\/\/i0.wp.com\/eltrabajo.cl\/portal\/wp-content\/uploads\/2017\/07\/Antena_Claudio-Diaz.jpg?resize=158%2C150&amp;ssl=1 158w, https:\/\/i0.wp.com\/eltrabajo.cl\/portal\/wp-content\/uploads\/2017\/07\/Antena_Claudio-Diaz.jpg?resize=300%2C285&amp;ssl=1 300w, https:\/\/i0.wp.com\/eltrabajo.cl\/portal\/wp-content\/uploads\/2017\/07\/Antena_Claudio-Diaz.jpg?resize=400%2C380&amp;ssl=1 400w\" sizes=\"auto, (max-width: 580px) 100vw, 580px\" \/><figcaption id=\"caption-attachment-80004\" class=\"wp-caption-text\">Claudio D\u00edaz, Director de Obras de la Municipalidad de San Felipe.<\/figcaption><\/figure>\n<figure id=\"attachment_80005\" aria-describedby=\"caption-attachment-80005\" style=\"width: 580px\" class=\"wp-caption alignnone\"><img data-recalc-dims=\"1\" loading=\"lazy\" decoding=\"async\" class=\"size-full wp-image-80005\" src=\"https:\/\/i0.wp.com\/www.eltrabajo.cl\/2017\/wp-content\/uploads\/2017\/07\/Antena_Eugenio-Ponce.jpg?resize=580%2C566\" alt=\"Eugenio Ponce, vecino tambi\u00e9n afectado.\" width=\"580\" height=\"566\" srcset=\"https:\/\/i0.wp.com\/eltrabajo.cl\/portal\/wp-content\/uploads\/2017\/07\/Antena_Eugenio-Ponce.jpg?w=580&amp;ssl=1 580w, https:\/\/i0.wp.com\/eltrabajo.cl\/portal\/wp-content\/uploads\/2017\/07\/Antena_Eugenio-Ponce.jpg?resize=154%2C150&amp;ssl=1 154w, https:\/\/i0.wp.com\/eltrabajo.cl\/portal\/wp-content\/uploads\/2017\/07\/Antena_Eugenio-Ponce.jpg?resize=300%2C293&amp;ssl=1 300w, https:\/\/i0.wp.com\/eltrabajo.cl\/portal\/wp-content\/uploads\/2017\/07\/Antena_Eugenio-Ponce.jpg?resize=400%2C390&amp;ssl=1 400w\" sizes=\"auto, (max-width: 580px) 100vw, 580px\" \/><figcaption id=\"caption-attachment-80005\" class=\"wp-caption-text\">Eugenio Ponce, vecino tambi\u00e9n afectado.<\/figcaption><\/figure>\n<figure id=\"attachment_80006\" aria-describedby=\"caption-attachment-80006\" style=\"width: 580px\" class=\"wp-caption alignnone\"><img data-recalc-dims=\"1\" loading=\"lazy\" decoding=\"async\" class=\"size-full wp-image-80006\" src=\"https:\/\/i0.wp.com\/www.eltrabajo.cl\/2017\/wp-content\/uploads\/2017\/07\/Antena1-1.jpg?resize=580%2C349\" alt=\"VECINOS SATISFECHOS.- Ellos son parte de los vecinos de San Rafael que ayer fueron atendidos en el Municipio para pedir la intervenci\u00f3n en este caso de la antena recientemente instalada en su barrio.\" width=\"580\" height=\"349\" srcset=\"https:\/\/i0.wp.com\/eltrabajo.cl\/portal\/wp-content\/uploads\/2017\/07\/Antena1-1.jpg?w=580&amp;ssl=1 580w, https:\/\/i0.wp.com\/eltrabajo.cl\/portal\/wp-content\/uploads\/2017\/07\/Antena1-1.jpg?resize=200%2C120&amp;ssl=1 200w, https:\/\/i0.wp.com\/eltrabajo.cl\/portal\/wp-content\/uploads\/2017\/07\/Antena1-1.jpg?resize=300%2C181&amp;ssl=1 300w, https:\/\/i0.wp.com\/eltrabajo.cl\/portal\/wp-content\/uploads\/2017\/07\/Antena1-1.jpg?resize=249%2C150&amp;ssl=1 249w, https:\/\/i0.wp.com\/eltrabajo.cl\/portal\/wp-content\/uploads\/2017\/07\/Antena1-1.jpg?resize=400%2C241&amp;ssl=1 400w\" sizes=\"auto, (max-width: 580px) 100vw, 580px\" \/><figcaption id=\"caption-attachment-80006\" class=\"wp-caption-text\">VECINOS SATISFECHOS.- Ellos son parte de los vecinos de San Rafael que ayer fueron atendidos en el Municipio para pedir la intervenci\u00f3n en este caso de la antena recientemente instalada en su barrio.<\/figcaption><\/figure>\n<figure id=\"attachment_80008\" aria-describedby=\"caption-attachment-80008\" style=\"width: 580px\" class=\"wp-caption alignnone\"><img data-recalc-dims=\"1\" loading=\"lazy\" decoding=\"async\" class=\"size-full wp-image-80008\" src=\"https:\/\/i0.wp.com\/www.eltrabajo.cl\/2017\/wp-content\/uploads\/2017\/07\/Antena3.jpg?resize=580%2C837\" alt=\"POL\u00c9MICAS ANTENAS.- Do\u00f1a Joisy Contreras muestra a Diario El Trabajo las antenas que est\u00e1n casi sobre su casa.\" width=\"580\" height=\"837\" srcset=\"https:\/\/i0.wp.com\/eltrabajo.cl\/portal\/wp-content\/uploads\/2017\/07\/Antena3.jpg?w=580&amp;ssl=1 580w, https:\/\/i0.wp.com\/eltrabajo.cl\/portal\/wp-content\/uploads\/2017\/07\/Antena3.jpg?resize=104%2C150&amp;ssl=1 104w, https:\/\/i0.wp.com\/eltrabajo.cl\/portal\/wp-content\/uploads\/2017\/07\/Antena3.jpg?resize=208%2C300&amp;ssl=1 208w, https:\/\/i0.wp.com\/eltrabajo.cl\/portal\/wp-content\/uploads\/2017\/07\/Antena3.jpg?resize=400%2C577&amp;ssl=1 400w\" sizes=\"auto, (max-width: 580px) 100vw, 580px\" \/><figcaption id=\"caption-attachment-80008\" class=\"wp-caption-text\">POL\u00c9MICAS ANTENAS.- Do\u00f1a Joisy Contreras muestra a Diario El Trabajo las antenas que est\u00e1n casi sobre su casa.<\/figcaption><\/figure>\n<figure id=\"attachment_80009\" aria-describedby=\"caption-attachment-80009\" style=\"width: 580px\" class=\"wp-caption alignnone\"><img data-recalc-dims=\"1\" loading=\"lazy\" decoding=\"async\" class=\"size-full wp-image-80009\" src=\"https:\/\/i0.wp.com\/www.eltrabajo.cl\/2017\/wp-content\/uploads\/2017\/07\/Antenas4-1.jpg?resize=580%2C349\" alt=\"ANTENA DE LA DISCORDIA.- Esta es la antena que est\u00e1 generando gran pol\u00e9mica en San Rafael, luego que la misma fuera instalada sin los permisos correspondientes.\" width=\"580\" height=\"349\" srcset=\"https:\/\/i0.wp.com\/eltrabajo.cl\/portal\/wp-content\/uploads\/2017\/07\/Antenas4-1.jpg?w=580&amp;ssl=1 580w, https:\/\/i0.wp.com\/eltrabajo.cl\/portal\/wp-content\/uploads\/2017\/07\/Antenas4-1.jpg?resize=200%2C120&amp;ssl=1 200w, https:\/\/i0.wp.com\/eltrabajo.cl\/portal\/wp-content\/uploads\/2017\/07\/Antenas4-1.jpg?resize=300%2C181&amp;ssl=1 300w, https:\/\/i0.wp.com\/eltrabajo.cl\/portal\/wp-content\/uploads\/2017\/07\/Antenas4-1.jpg?resize=249%2C150&amp;ssl=1 249w, https:\/\/i0.wp.com\/eltrabajo.cl\/portal\/wp-content\/uploads\/2017\/07\/Antenas4-1.jpg?resize=400%2C241&amp;ssl=1 400w\" sizes=\"auto, (max-width: 580px) 100vw, 580px\" \/><figcaption id=\"caption-attachment-80009\" class=\"wp-caption-text\">ANTENA DE LA DISCORDIA.- Esta es la antena que est\u00e1 generando gran pol\u00e9mica en San Rafael, luego que la misma fuera instalada sin los permisos correspondientes.<\/figcaption><\/figure>\n","protected":false},"excerpt":{"rendered":"<p>Municipio amenaza con demolerla si no acatan la ley:\u00a0Vecinos de San Rafael se hicieron escuchar ayer martes en la Direcci\u00f3n de Obras, en reclamo de una antena instalada ilegalmente en su barrio&#8230;.<\/p>\n","protected":false},"author":1,"featured_media":80006,"comment_status":"open","ping_status":"open","sticky":false,"template":"","format":"standard","meta":{"advanced_seo_description":"","jetpack_seo_html_title":"","jetpack_seo_noindex":false,"_jetpack_memberships_contains_paid_content":false,"footnotes":""},"categories":[15],"tags":[],"class_list":["post-80002","post","type-post","status-publish","format-standard","has-post-thumbnail","hentry","category-comunidad"],"jetpack_featured_media_url":"https:\/\/i0.wp.com\/eltrabajo.cl\/portal\/wp-content\/uploads\/2017\/07\/Antena1-1.jpg?fit=580%2C349&ssl=1","jetpack_sharing_enabled":true,"jetpack_likes_enabled":true,"jetpack-related-posts":[],"_links":{"self":[{"href":"https:\/\/eltrabajo.cl\/portal\/wp-json\/wp\/v2\/posts\/80002","targetHints":{"allow":["GET"]}}],"collection":[{"href":"https:\/\/eltrabajo.cl\/portal\/wp-json\/wp\/v2\/posts"}],"about":[{"href":"https:\/\/eltrabajo.cl\/portal\/wp-json\/wp\/v2\/types\/post"}],"author":[{"embeddable":true,"href":"https:\/\/eltrabajo.cl\/portal\/wp-json\/wp\/v2\/users\/1"}],"replies":[{"embeddable":true,"href":"https:\/\/eltrabajo.cl\/portal\/wp-json\/wp\/v2\/comments?post=80002"}],"version-history":[{"count":0,"href":"https:\/\/eltrabajo.cl\/portal\/wp-json\/wp\/v2\/posts\/80002\/revisions"}],"wp:featuredmedia":[{"embeddable":true,"href":"https:\/\/eltrabajo.cl\/portal\/wp-json\/wp\/v2\/media\/80006"}],"wp:attachment":[{"href":"https:\/\/eltrabajo.cl\/portal\/wp-json\/wp\/v2\/media?parent=80002"}],"wp:term":[{"taxonomy":"category","embeddable":true,"href":"https:\/\/eltrabajo.cl\/portal\/wp-json\/wp\/v2\/categories?post=80002"},{"taxonomy":"post_tag","embeddable":true,"href":"https:\/\/eltrabajo.cl\/portal\/wp-json\/wp\/v2\/tags?post=80002"}],"curies":[{"name":"wp","href":"https:\/\/api.w.org\/{rel}","templated":true}]}}