{"id":80011,"date":"2017-07-05T06:04:59","date_gmt":"2017-07-05T10:04:59","guid":{"rendered":"http:\/\/www.eltrabajo.cl\/2017\/?p=80011"},"modified":"2017-07-05T06:04:59","modified_gmt":"2017-07-05T10:04:59","slug":"este-domingo-en-san-felipe-se-realiza-ceremonia-de-juramento-a-la-bandera","status":"publish","type":"post","link":"https:\/\/eltrabajo.cl\/portal\/este-domingo-en-san-felipe-se-realiza-ceremonia-de-juramento-a-la-bandera\/","title":{"rendered":"Este domingo en San Felipe se realiza ceremonia de Juramento a la Bandera"},"content":{"rendered":"<figure id=\"attachment_80012\" aria-describedby=\"caption-attachment-80012\" style=\"width: 580px\" class=\"wp-caption alignnone\"><img data-recalc-dims=\"1\" loading=\"lazy\" decoding=\"async\" class=\"size-full wp-image-80012\" src=\"https:\/\/i0.wp.com\/www.eltrabajo.cl\/2017\/wp-content\/uploads\/2017\/07\/juramento-a-la-bandera.jpg?resize=580%2C349\" alt=\"Este domingo se realizar\u00e1 el Juramento a la Bandera en la Plaza de Armas de San Felipe, ceremonia a la que est\u00e1 invitada toda la comunidad aconcag\u00fcina.\" width=\"580\" height=\"349\" srcset=\"https:\/\/i0.wp.com\/eltrabajo.cl\/portal\/wp-content\/uploads\/2017\/07\/juramento-a-la-bandera.jpg?w=580&amp;ssl=1 580w, https:\/\/i0.wp.com\/eltrabajo.cl\/portal\/wp-content\/uploads\/2017\/07\/juramento-a-la-bandera.jpg?resize=200%2C120&amp;ssl=1 200w, https:\/\/i0.wp.com\/eltrabajo.cl\/portal\/wp-content\/uploads\/2017\/07\/juramento-a-la-bandera.jpg?resize=300%2C181&amp;ssl=1 300w, https:\/\/i0.wp.com\/eltrabajo.cl\/portal\/wp-content\/uploads\/2017\/07\/juramento-a-la-bandera.jpg?resize=249%2C150&amp;ssl=1 249w, https:\/\/i0.wp.com\/eltrabajo.cl\/portal\/wp-content\/uploads\/2017\/07\/juramento-a-la-bandera.jpg?resize=400%2C241&amp;ssl=1 400w\" sizes=\"auto, (max-width: 580px) 100vw, 580px\" \/><figcaption id=\"caption-attachment-80012\" class=\"wp-caption-text\">Este domingo se realizar\u00e1 el Juramento a la Bandera en la Plaza de Armas de San Felipe, ceremonia a la que est\u00e1 invitada toda la comunidad aconcag\u00fcina.<\/figcaption><\/figure>\n<p>Este domingo 9 de julio a partir de las 11.00 horas, en la Plaza de Armas, se estar\u00e1 llevando a efecto la hasta hace alg\u00fan tiempo tradicional Ceremonia de Juramento a la Bandera en la ciudad de San Felipe, ceremonia que sencillamente desapareci\u00f3 luego del traslado del ex Regimiento N\u00ba3 \u2018Yungay\u2019 a la ciudad de Los Andes.<br \/>\nLa actividad comenzar\u00e1 con un recorrido de los soldados desde el Supermercado Tottus, lugar donde se ubicaba el ex regimiento.<br \/>\nAs\u00ed lo informaron desde la Oficina de Relaciones P\u00fablicas del Destacamento de Monta\u00f1a N\u00b0 3 \u2018Yungay\u2019, quienes extendieron una invitaci\u00f3n abierta a toda la ciudadan\u00eda, a ser part\u00edcipes de esta solemne ceremonia.<\/p>\n<p><span style=\"color: #ff0000;\"><strong>ALGO DE HISTORIA<\/strong><\/span><br \/>\nEl 09 y 10 de julio de 1882, en el pueblo de la Concepci\u00f3n, en la sierra peruana, 77 valientes chilenos al mando del Capit\u00e1n Ignacio Carrera Pinto rindieron la vida por su Patria, en uno de los hechos m\u00e1s cruentos de la historia militar, en donde queda demostrado la gallard\u00eda de la raza chilena.<br \/>\nConsiderado la haza\u00f1a m\u00e1s heroica de la historia militar de Chile, dejando un importante legado a las actuales generaciones de soldados, y en homenaje a la valent\u00eda y arrojo de los 77 h\u00e9roes de la Concepci\u00f3n, miles de j\u00f3venes en todo Chile, juran a la bandera y se comprometen con la Patria hasta rendir la vida si fuese necesario.<\/p>\n","protected":false},"excerpt":{"rendered":"<p>Este domingo 9 de julio a partir de las 11.00 horas, en la Plaza de Armas, se estar\u00e1 llevando a efecto la hasta hace alg\u00fan tiempo tradicional Ceremonia de Juramento a la&#8230;<\/p>\n","protected":false},"author":1,"featured_media":80012,"comment_status":"open","ping_status":"open","sticky":false,"template":"","format":"standard","meta":{"advanced_seo_description":"","jetpack_seo_html_title":"","jetpack_seo_noindex":false,"_jetpack_memberships_contains_paid_content":false,"footnotes":""},"categories":[1],"tags":[],"class_list":["post-80011","post","type-post","status-publish","format-standard","has-post-thumbnail","hentry","category-cronica"],"jetpack_featured_media_url":"https:\/\/i0.wp.com\/eltrabajo.cl\/portal\/wp-content\/uploads\/2017\/07\/juramento-a-la-bandera.jpg?fit=580%2C349&ssl=1","jetpack_sharing_enabled":true,"jetpack_likes_enabled":true,"jetpack-related-posts":[],"_links":{"self":[{"href":"https:\/\/eltrabajo.cl\/portal\/wp-json\/wp\/v2\/posts\/80011","targetHints":{"allow":["GET"]}}],"collection":[{"href":"https:\/\/eltrabajo.cl\/portal\/wp-json\/wp\/v2\/posts"}],"about":[{"href":"https:\/\/eltrabajo.cl\/portal\/wp-json\/wp\/v2\/types\/post"}],"author":[{"embeddable":true,"href":"https:\/\/eltrabajo.cl\/portal\/wp-json\/wp\/v2\/users\/1"}],"replies":[{"embeddable":true,"href":"https:\/\/eltrabajo.cl\/portal\/wp-json\/wp\/v2\/comments?post=80011"}],"version-history":[{"count":0,"href":"https:\/\/eltrabajo.cl\/portal\/wp-json\/wp\/v2\/posts\/80011\/revisions"}],"wp:featuredmedia":[{"embeddable":true,"href":"https:\/\/eltrabajo.cl\/portal\/wp-json\/wp\/v2\/media\/80012"}],"wp:attachment":[{"href":"https:\/\/eltrabajo.cl\/portal\/wp-json\/wp\/v2\/media?parent=80011"}],"wp:term":[{"taxonomy":"category","embeddable":true,"href":"https:\/\/eltrabajo.cl\/portal\/wp-json\/wp\/v2\/categories?post=80011"},{"taxonomy":"post_tag","embeddable":true,"href":"https:\/\/eltrabajo.cl\/portal\/wp-json\/wp\/v2\/tags?post=80011"}],"curies":[{"name":"wp","href":"https:\/\/api.w.org\/{rel}","templated":true}]}}