{"id":80056,"date":"2017-07-07T06:02:44","date_gmt":"2017-07-07T10:02:44","guid":{"rendered":"http:\/\/www.eltrabajo.cl\/2017\/?p=80056"},"modified":"2017-07-07T06:02:44","modified_gmt":"2017-07-07T10:02:44","slug":"encuentro-anual-de-la-juventud-2017-se-desarrollara-en-san-felipe","status":"publish","type":"post","link":"https:\/\/eltrabajo.cl\/portal\/encuentro-anual-de-la-juventud-2017-se-desarrollara-en-san-felipe\/","title":{"rendered":"Encuentro Anual de la Juventud 2017 se desarrollar\u00e1 en San Felipe"},"content":{"rendered":"<figure id=\"attachment_80058\" aria-describedby=\"caption-attachment-80058\" style=\"width: 580px\" class=\"wp-caption alignnone\"><img data-recalc-dims=\"1\" loading=\"lazy\" decoding=\"async\" class=\"size-full wp-image-80058\" src=\"https:\/\/i0.wp.com\/www.eltrabajo.cl\/2017\/wp-content\/uploads\/2017\/07\/Josafat1.jpg?resize=580%2C350\" alt=\"LA JUVENTUD IMPONE.- Cientos de j\u00f3venes de todo Chile llegar\u00e1n la pr\u00f3xima semana a San Felipe para vivir el Encuentro Regional de la Juventud 2017.\" width=\"580\" height=\"350\" srcset=\"https:\/\/i0.wp.com\/eltrabajo.cl\/portal\/wp-content\/uploads\/2017\/07\/Josafat1.jpg?w=580&amp;ssl=1 580w, https:\/\/i0.wp.com\/eltrabajo.cl\/portal\/wp-content\/uploads\/2017\/07\/Josafat1.jpg?resize=200%2C121&amp;ssl=1 200w, https:\/\/i0.wp.com\/eltrabajo.cl\/portal\/wp-content\/uploads\/2017\/07\/Josafat1.jpg?resize=300%2C181&amp;ssl=1 300w, https:\/\/i0.wp.com\/eltrabajo.cl\/portal\/wp-content\/uploads\/2017\/07\/Josafat1.jpg?resize=249%2C150&amp;ssl=1 249w, https:\/\/i0.wp.com\/eltrabajo.cl\/portal\/wp-content\/uploads\/2017\/07\/Josafat1.jpg?resize=400%2C241&amp;ssl=1 400w\" sizes=\"auto, (max-width: 580px) 100vw, 580px\" \/><figcaption id=\"caption-attachment-80058\" class=\"wp-caption-text\">LA JUVENTUD IMPONE.- Cientos de j\u00f3venes de todo Chile llegar\u00e1n la pr\u00f3xima semana a San Felipe para vivir el Encuentro Regional de la Juventud 2017.<\/figcaption><\/figure>\n<ul>\n<li><span style=\"color: #ff0000;\"><strong>Organizado por el Centro Cultural Josafat el 14 y 15 de julio:<\/strong><\/span><\/li>\n<\/ul>\n<p>Un fenomenal encuentro regional de juventudes es el que se desarrollar\u00e1 durante el viernes 14 y s\u00e1bado 15 de julio en San Felipe, cuando el Centro Cultural Josafat reciba a m\u00e1s de 300 j\u00f3venes de varias partes del pa\u00eds, quienes llegar\u00e1n a nuestra comuna para desarrollar el Encuentro Anual de la Juventud 2017.<br \/>\n\u00abSon j\u00f3venes de San Felipe, Los Andes, Copiap\u00f3, Valpara\u00edso, Arica, Santiago, La Calera y de otras partes de Chile, los que se estar\u00e1n hospedando en la Casa de Retiro y tambi\u00e9n los que presentar\u00e1n m\u00fasica urbana, teatro infantil, talleres sobre educaci\u00f3n sexual y de rescate de valores familiares; espacio para ni\u00f1os con juegos inflables y pinta-caritas en la Plaza de Armas, entre otras actividades\u00bb, inform\u00f3 a Diario El Trabajo la presidenta de la ONG Centro Cultural Josafat, de San Felipe, Carla Castillo Vega.<br \/>\nEste evento masivo, a diferencia de los conciertos musicales tradicionales, se diferencia porque no hay consumo de licor ni se fuma durante las actividades, por el contrario, la salud es uno de los ejes centrales sobre los que se basa la jornada, plantear cambios de paradigmas entre la juventud del pa\u00eds. Este centro cultural cuenta con unos 30 socios y desde hace tres a\u00f1os viene operando en nuestra comuna.<br \/>\n<strong>Roberto Gonz\u00e1lez Short<\/strong><\/p>\n<figure id=\"attachment_80057\" aria-describedby=\"caption-attachment-80057\" style=\"width: 579px\" class=\"wp-caption alignnone\"><img data-recalc-dims=\"1\" loading=\"lazy\" decoding=\"async\" class=\"size-full wp-image-80057\" src=\"https:\/\/i0.wp.com\/www.eltrabajo.cl\/2017\/wp-content\/uploads\/2017\/07\/Josafat_Carla-Castillo.jpg?resize=579%2C552\" alt=\"Presidenta de la ONG Centro Cultural Josafat, de San Felipe, Carla Castillo Vega.\" width=\"579\" height=\"552\" srcset=\"https:\/\/i0.wp.com\/eltrabajo.cl\/portal\/wp-content\/uploads\/2017\/07\/Josafat_Carla-Castillo.jpg?w=579&amp;ssl=1 579w, https:\/\/i0.wp.com\/eltrabajo.cl\/portal\/wp-content\/uploads\/2017\/07\/Josafat_Carla-Castillo.jpg?resize=157%2C150&amp;ssl=1 157w, https:\/\/i0.wp.com\/eltrabajo.cl\/portal\/wp-content\/uploads\/2017\/07\/Josafat_Carla-Castillo.jpg?resize=300%2C286&amp;ssl=1 300w, https:\/\/i0.wp.com\/eltrabajo.cl\/portal\/wp-content\/uploads\/2017\/07\/Josafat_Carla-Castillo.jpg?resize=400%2C381&amp;ssl=1 400w\" sizes=\"auto, (max-width: 579px) 100vw, 579px\" \/><figcaption id=\"caption-attachment-80057\" class=\"wp-caption-text\">Presidenta de la ONG Centro Cultural Josafat, de San Felipe, Carla Castillo Vega.<\/figcaption><\/figure>\n<figure id=\"attachment_80060\" aria-describedby=\"caption-attachment-80060\" style=\"width: 580px\" class=\"wp-caption alignnone\"><img data-recalc-dims=\"1\" loading=\"lazy\" decoding=\"async\" class=\"size-full wp-image-80060\" src=\"https:\/\/i0.wp.com\/www.eltrabajo.cl\/2017\/wp-content\/uploads\/2017\/07\/Josafat3.jpg?resize=580%2C349\" alt=\"LOS ORGANIZADORES.- Ellos son parte del equipo organizador del Centro Cultural Josafat, de San Felipe.\" width=\"580\" height=\"349\" srcset=\"https:\/\/i0.wp.com\/eltrabajo.cl\/portal\/wp-content\/uploads\/2017\/07\/Josafat3.jpg?w=580&amp;ssl=1 580w, https:\/\/i0.wp.com\/eltrabajo.cl\/portal\/wp-content\/uploads\/2017\/07\/Josafat3.jpg?resize=200%2C120&amp;ssl=1 200w, https:\/\/i0.wp.com\/eltrabajo.cl\/portal\/wp-content\/uploads\/2017\/07\/Josafat3.jpg?resize=300%2C181&amp;ssl=1 300w, https:\/\/i0.wp.com\/eltrabajo.cl\/portal\/wp-content\/uploads\/2017\/07\/Josafat3.jpg?resize=249%2C150&amp;ssl=1 249w, https:\/\/i0.wp.com\/eltrabajo.cl\/portal\/wp-content\/uploads\/2017\/07\/Josafat3.jpg?resize=400%2C241&amp;ssl=1 400w\" sizes=\"auto, (max-width: 580px) 100vw, 580px\" \/><figcaption id=\"caption-attachment-80060\" class=\"wp-caption-text\">LOS ORGANIZADORES.- Ellos son parte del equipo organizador del Centro Cultural Josafat, de San Felipe.<\/figcaption><\/figure>\n","protected":false},"excerpt":{"rendered":"<p>Organizado por el Centro Cultural Josafat el 14 y 15 de julio: Un fenomenal encuentro regional de juventudes es el que se desarrollar\u00e1 durante el viernes 14 y s\u00e1bado 15 de julio&#8230;<\/p>\n","protected":false},"author":1,"featured_media":80060,"comment_status":"open","ping_status":"open","sticky":false,"template":"","format":"standard","meta":{"advanced_seo_description":"","jetpack_seo_html_title":"","jetpack_seo_noindex":false,"_jetpack_memberships_contains_paid_content":false,"footnotes":""},"categories":[15],"tags":[],"class_list":["post-80056","post","type-post","status-publish","format-standard","has-post-thumbnail","hentry","category-comunidad"],"jetpack_featured_media_url":"https:\/\/i0.wp.com\/eltrabajo.cl\/portal\/wp-content\/uploads\/2017\/07\/Josafat3.jpg?fit=580%2C349&ssl=1","jetpack_sharing_enabled":true,"jetpack_likes_enabled":true,"jetpack-related-posts":[],"_links":{"self":[{"href":"https:\/\/eltrabajo.cl\/portal\/wp-json\/wp\/v2\/posts\/80056","targetHints":{"allow":["GET"]}}],"collection":[{"href":"https:\/\/eltrabajo.cl\/portal\/wp-json\/wp\/v2\/posts"}],"about":[{"href":"https:\/\/eltrabajo.cl\/portal\/wp-json\/wp\/v2\/types\/post"}],"author":[{"embeddable":true,"href":"https:\/\/eltrabajo.cl\/portal\/wp-json\/wp\/v2\/users\/1"}],"replies":[{"embeddable":true,"href":"https:\/\/eltrabajo.cl\/portal\/wp-json\/wp\/v2\/comments?post=80056"}],"version-history":[{"count":0,"href":"https:\/\/eltrabajo.cl\/portal\/wp-json\/wp\/v2\/posts\/80056\/revisions"}],"wp:featuredmedia":[{"embeddable":true,"href":"https:\/\/eltrabajo.cl\/portal\/wp-json\/wp\/v2\/media\/80060"}],"wp:attachment":[{"href":"https:\/\/eltrabajo.cl\/portal\/wp-json\/wp\/v2\/media?parent=80056"}],"wp:term":[{"taxonomy":"category","embeddable":true,"href":"https:\/\/eltrabajo.cl\/portal\/wp-json\/wp\/v2\/categories?post=80056"},{"taxonomy":"post_tag","embeddable":true,"href":"https:\/\/eltrabajo.cl\/portal\/wp-json\/wp\/v2\/tags?post=80056"}],"curies":[{"name":"wp","href":"https:\/\/api.w.org\/{rel}","templated":true}]}}