{"id":80062,"date":"2017-07-07T06:03:27","date_gmt":"2017-07-07T10:03:27","guid":{"rendered":"http:\/\/www.eltrabajo.cl\/2017\/?p=80062"},"modified":"2017-07-07T06:03:27","modified_gmt":"2017-07-07T10:03:27","slug":"a-pedalear-en-bellavista-cicletada-familiar-se-realizara-manana-sabado","status":"publish","type":"post","link":"https:\/\/eltrabajo.cl\/portal\/a-pedalear-en-bellavista-cicletada-familiar-se-realizara-manana-sabado\/","title":{"rendered":"\u00a1A pedalear en Bellavista! Cicletada familiar se realizar\u00e1 ma\u00f1ana s\u00e1bado"},"content":{"rendered":"<figure id=\"attachment_80063\" aria-describedby=\"caption-attachment-80063\" style=\"width: 580px\" class=\"wp-caption alignnone\"><img data-recalc-dims=\"1\" loading=\"lazy\" decoding=\"async\" class=\"size-full wp-image-80063\" src=\"https:\/\/i0.wp.com\/www.eltrabajo.cl\/2017\/wp-content\/uploads\/2017\/07\/Cicletada-anterior-en-Bellavista-1.jpg?resize=580%2C349\" alt=\"La anterior cicletada realizada en Bellavista involucr\u00f3 a numerosas personas de todas las edades.\" width=\"580\" height=\"349\" srcset=\"https:\/\/i0.wp.com\/eltrabajo.cl\/portal\/wp-content\/uploads\/2017\/07\/Cicletada-anterior-en-Bellavista-1.jpg?w=580&amp;ssl=1 580w, https:\/\/i0.wp.com\/eltrabajo.cl\/portal\/wp-content\/uploads\/2017\/07\/Cicletada-anterior-en-Bellavista-1.jpg?resize=200%2C120&amp;ssl=1 200w, https:\/\/i0.wp.com\/eltrabajo.cl\/portal\/wp-content\/uploads\/2017\/07\/Cicletada-anterior-en-Bellavista-1.jpg?resize=300%2C181&amp;ssl=1 300w, https:\/\/i0.wp.com\/eltrabajo.cl\/portal\/wp-content\/uploads\/2017\/07\/Cicletada-anterior-en-Bellavista-1.jpg?resize=249%2C150&amp;ssl=1 249w, https:\/\/i0.wp.com\/eltrabajo.cl\/portal\/wp-content\/uploads\/2017\/07\/Cicletada-anterior-en-Bellavista-1.jpg?resize=400%2C241&amp;ssl=1 400w\" sizes=\"auto, (max-width: 580px) 100vw, 580px\" \/><figcaption id=\"caption-attachment-80063\" class=\"wp-caption-text\">La anterior cicletada realizada en Bellavista involucr\u00f3 a numerosas personas de todas las edades.<\/figcaption><\/figure>\n<ul>\n<li><span style=\"color: #ff0000;\"><strong>Ocho son las cicletadas que se realizar\u00e1n en diversos sectores rurales, gracias al proyecto que se adjudic\u00f3 la Mesa de Promoci\u00f3n de la Salud.<\/strong><\/span><\/li>\n<\/ul>\n<p>A pedalear por Bellavista es la invitaci\u00f3n para este s\u00e1bado 8 de julio, d\u00eda en que se llevar\u00e1 a cabo la primera cicletada familiar-rural en dicha localidad. La actividad, cuyo inicio est\u00e1 programado para las 11:00 horas, es organizada por el departamento de Deportes y Actividad F\u00edsica de la Municipalidad de San Felipe, en conjunto con la Mesa de Promoci\u00f3n de la Salud, la cual es una entidad que agrupa a diversas oficinas municipales y otras organizaciones como Cesfam, universidades, entre otros, con el objetivo de gestar y desarrollar actividades que promuevan h\u00e1bitos de vida saludable y, por ende, una mejor calidad de vida en la comunidad sanfelipe\u00f1a.<br \/>\nLa cicletada, la primera de ocho que se realizar\u00e1n en diversos sectores rurales de la comuna, corresponde a un proyecto que se adjudic\u00f3 la Mesa de Promoci\u00f3n de la Salud, seg\u00fan lo se\u00f1al\u00f3 Danilo Pe\u00f1a, coordinador del departamento de Deportes y Actividad F\u00edsica municipal.<br \/>\n\u00abA trav\u00e9s de la Mesa de Promoci\u00f3n de la Salud, se postul\u00f3 a un proyecto -Loreto Olgu\u00edn, coordinadora de la Mesa de Promoci\u00f3n, hizo un trabajo precioso all\u00ed- en el que nos hemos adjudicado para nuestra comuna, espec\u00edficamente en los sectores rurales, ocho cicletadas que vamos a desarrollar entre este 8 de julio hasta el mes de diciembre\u00bb.<br \/>\nAsimismo, la segunda fecha se llevar\u00e1 a cabo a fines de julio en la localidad de San Rafael, por lo que el coordinador de Deportes hizo un llamado a participar de la actividad, informando algunas de las caracter\u00edsticas que tendr\u00e1.<br \/>\n\u00abEst\u00e1n todos cordialmente invitados, es una actividad familiar, no es competitiva y la largada\/meta va a estar ubicada en la escuela del mismo sector\u00b7 (Escuela Carolina Ocampo).<\/p>\n","protected":false},"excerpt":{"rendered":"<p>Ocho son las cicletadas que se realizar\u00e1n en diversos sectores rurales, gracias al proyecto que se adjudic\u00f3 la Mesa de Promoci\u00f3n de la Salud. A pedalear por Bellavista es la invitaci\u00f3n para&#8230;<\/p>\n","protected":false},"author":1,"featured_media":80063,"comment_status":"open","ping_status":"open","sticky":false,"template":"","format":"standard","meta":{"advanced_seo_description":"","jetpack_seo_html_title":"","jetpack_seo_noindex":false,"_jetpack_memberships_contains_paid_content":false,"footnotes":""},"categories":[1],"tags":[],"class_list":["post-80062","post","type-post","status-publish","format-standard","has-post-thumbnail","hentry","category-cronica"],"jetpack_featured_media_url":"https:\/\/i0.wp.com\/eltrabajo.cl\/portal\/wp-content\/uploads\/2017\/07\/Cicletada-anterior-en-Bellavista-1.jpg?fit=580%2C349&ssl=1","jetpack_sharing_enabled":true,"jetpack_likes_enabled":true,"jetpack-related-posts":[],"_links":{"self":[{"href":"https:\/\/eltrabajo.cl\/portal\/wp-json\/wp\/v2\/posts\/80062","targetHints":{"allow":["GET"]}}],"collection":[{"href":"https:\/\/eltrabajo.cl\/portal\/wp-json\/wp\/v2\/posts"}],"about":[{"href":"https:\/\/eltrabajo.cl\/portal\/wp-json\/wp\/v2\/types\/post"}],"author":[{"embeddable":true,"href":"https:\/\/eltrabajo.cl\/portal\/wp-json\/wp\/v2\/users\/1"}],"replies":[{"embeddable":true,"href":"https:\/\/eltrabajo.cl\/portal\/wp-json\/wp\/v2\/comments?post=80062"}],"version-history":[{"count":0,"href":"https:\/\/eltrabajo.cl\/portal\/wp-json\/wp\/v2\/posts\/80062\/revisions"}],"wp:featuredmedia":[{"embeddable":true,"href":"https:\/\/eltrabajo.cl\/portal\/wp-json\/wp\/v2\/media\/80063"}],"wp:attachment":[{"href":"https:\/\/eltrabajo.cl\/portal\/wp-json\/wp\/v2\/media?parent=80062"}],"wp:term":[{"taxonomy":"category","embeddable":true,"href":"https:\/\/eltrabajo.cl\/portal\/wp-json\/wp\/v2\/categories?post=80062"},{"taxonomy":"post_tag","embeddable":true,"href":"https:\/\/eltrabajo.cl\/portal\/wp-json\/wp\/v2\/tags?post=80062"}],"curies":[{"name":"wp","href":"https:\/\/api.w.org\/{rel}","templated":true}]}}