{"id":80068,"date":"2017-07-07T06:01:35","date_gmt":"2017-07-07T10:01:35","guid":{"rendered":"http:\/\/www.eltrabajo.cl\/2017\/?p=80068"},"modified":"2017-07-07T06:01:35","modified_gmt":"2017-07-07T10:01:35","slug":"complejo-las-tres-canchas-a-un-paso-de-pasar-a-manos-de-la-municipalidad","status":"publish","type":"post","link":"https:\/\/eltrabajo.cl\/portal\/complejo-las-tres-canchas-a-un-paso-de-pasar-a-manos-de-la-municipalidad\/","title":{"rendered":"Complejo Las Tres Canchas a un paso de pasar a manos de la municipalidad"},"content":{"rendered":"<figure id=\"attachment_80069\" aria-describedby=\"caption-attachment-80069\" style=\"width: 580px\" class=\"wp-caption alignnone\"><img data-recalc-dims=\"1\" loading=\"lazy\" decoding=\"async\" class=\"size-full wp-image-80069\" src=\"https:\/\/i0.wp.com\/www.eltrabajo.cl\/2017\/wp-content\/uploads\/2017\/07\/CRISTIAN-IBACETA.jpg?resize=580%2C349\" alt=\"El presidente de Arfa Quinta Regi\u00f3n, Cristian Ibaceta, confirm\u00f3 que el usufructo por Las Tres Canchas est\u00e1 punto de firmarse.\" width=\"580\" height=\"349\" srcset=\"https:\/\/i0.wp.com\/eltrabajo.cl\/portal\/wp-content\/uploads\/2017\/07\/CRISTIAN-IBACETA.jpg?w=580&amp;ssl=1 580w, https:\/\/i0.wp.com\/eltrabajo.cl\/portal\/wp-content\/uploads\/2017\/07\/CRISTIAN-IBACETA.jpg?resize=200%2C120&amp;ssl=1 200w, https:\/\/i0.wp.com\/eltrabajo.cl\/portal\/wp-content\/uploads\/2017\/07\/CRISTIAN-IBACETA.jpg?resize=300%2C181&amp;ssl=1 300w, https:\/\/i0.wp.com\/eltrabajo.cl\/portal\/wp-content\/uploads\/2017\/07\/CRISTIAN-IBACETA.jpg?resize=249%2C150&amp;ssl=1 249w, https:\/\/i0.wp.com\/eltrabajo.cl\/portal\/wp-content\/uploads\/2017\/07\/CRISTIAN-IBACETA.jpg?resize=400%2C241&amp;ssl=1 400w\" sizes=\"auto, (max-width: 580px) 100vw, 580px\" \/><figcaption id=\"caption-attachment-80069\" class=\"wp-caption-text\">El presidente de Arfa Quinta Regi\u00f3n, Cristian Ibaceta, confirm\u00f3 que el usufructo por Las Tres Canchas est\u00e1 punto de firmarse.<\/figcaption><\/figure>\n<p>Un paso decisivo y que de manera definitiva significa un punto de no retorno se dio hace 48 horas, cuando el presidente de la Asociaci\u00f3n Regional de F\u00fatbol Amateur de la Quinta Regi\u00f3n (Arfa Quinta), Cristian Ibaceta, entreg\u00f3 al municipio sanfelipe\u00f1o el acuerdo marco para que se firme el usufructo del Complejo Anfa. \u201cYa se est\u00e1 en la etapa final de todo este proceso y solo restan detalles para que ese centro deportivo pase a administraci\u00f3n municipal por los pr\u00f3ximos 12 a\u00f1os\u201d, inform\u00f3 el m\u00e1ximo directivo del balompi\u00e9 aficionado de la regi\u00f3n de Valpara\u00edso.<br \/>\nCon esto ya es un hecho que Las Tres Canchas podr\u00e1n ser mejoradas, y los arreglos partir\u00edan por el cierre perimetral para posteriormente avanzar en lo que respecta a su infraestructura b\u00e1sica, como lo son sus camarines y el c\u00e9sped, algo que es un sue\u00f1o muy deseado por el balompi\u00e9 amateur sanfelipe\u00f1o. \u201cEstamos felices porque al fin se podr\u00e1 concretar el usufructo y con ello el mejoramiento de ese complejo deportivo\u201d, declar\u00f3 Ra\u00fal Reinoso, presidente de la Asociaci\u00f3n de F\u00fatbol de San Felipe.<br \/>\nUn punto en que Ibaceta no dej\u00f3 el m\u00ednimo espacio para la duda o dobles interpretaciones, es el referente al tiempo de duraci\u00f3n del usufructo. \u201cSer\u00e1 a 12 a\u00f1os no renovables; luego de ese tiempo el Complejo volver\u00e1 a manos de Anfa, es decir la Asociaci\u00f3n sanfelipe\u00f1a deber\u00e1 administrarlo y mantenerlo\u201d, afirm\u00f3 Ibaceta, quien agreg\u00f3 adem\u00e1s un dato no menor y preocupante: \u201cEn lo personal no tengo idea de ning\u00fan proyecto concreto para ese lugar, sino que solo buenas intenciones, y si me la jugu\u00e9 para que pudiera suscribirse el usufructo es solamente porque soy de la zona y solo me queda confiar en que se har\u00e1n mejoras en ese recinto, ya que en otras comunas de la regi\u00f3n, para poder llegar a acuerdos como \u00e9ste, exig\u00ed proyectos concretos\u201d, finaliz\u00f3 de manera categ\u00f3rica el m\u00e1ximo directivo regional del Deporte Rey amateur.<\/p>\n","protected":false},"excerpt":{"rendered":"<p>Un paso decisivo y que de manera definitiva significa un punto de no retorno se dio hace 48 horas, cuando el presidente de la Asociaci\u00f3n Regional de F\u00fatbol Amateur de la Quinta&#8230;<\/p>\n","protected":false},"author":1,"featured_media":80069,"comment_status":"open","ping_status":"open","sticky":false,"template":"","format":"standard","meta":{"advanced_seo_description":"","jetpack_seo_html_title":"","jetpack_seo_noindex":false,"_jetpack_memberships_contains_paid_content":false,"footnotes":""},"categories":[19],"tags":[],"class_list":["post-80068","post","type-post","status-publish","format-standard","has-post-thumbnail","hentry","category-deportes"],"jetpack_featured_media_url":"https:\/\/i0.wp.com\/eltrabajo.cl\/portal\/wp-content\/uploads\/2017\/07\/CRISTIAN-IBACETA.jpg?fit=580%2C349&ssl=1","jetpack_sharing_enabled":true,"jetpack_likes_enabled":true,"jetpack-related-posts":[],"_links":{"self":[{"href":"https:\/\/eltrabajo.cl\/portal\/wp-json\/wp\/v2\/posts\/80068","targetHints":{"allow":["GET"]}}],"collection":[{"href":"https:\/\/eltrabajo.cl\/portal\/wp-json\/wp\/v2\/posts"}],"about":[{"href":"https:\/\/eltrabajo.cl\/portal\/wp-json\/wp\/v2\/types\/post"}],"author":[{"embeddable":true,"href":"https:\/\/eltrabajo.cl\/portal\/wp-json\/wp\/v2\/users\/1"}],"replies":[{"embeddable":true,"href":"https:\/\/eltrabajo.cl\/portal\/wp-json\/wp\/v2\/comments?post=80068"}],"version-history":[{"count":0,"href":"https:\/\/eltrabajo.cl\/portal\/wp-json\/wp\/v2\/posts\/80068\/revisions"}],"wp:featuredmedia":[{"embeddable":true,"href":"https:\/\/eltrabajo.cl\/portal\/wp-json\/wp\/v2\/media\/80069"}],"wp:attachment":[{"href":"https:\/\/eltrabajo.cl\/portal\/wp-json\/wp\/v2\/media?parent=80068"}],"wp:term":[{"taxonomy":"category","embeddable":true,"href":"https:\/\/eltrabajo.cl\/portal\/wp-json\/wp\/v2\/categories?post=80068"},{"taxonomy":"post_tag","embeddable":true,"href":"https:\/\/eltrabajo.cl\/portal\/wp-json\/wp\/v2\/tags?post=80068"}],"curies":[{"name":"wp","href":"https:\/\/api.w.org\/{rel}","templated":true}]}}