{"id":80071,"date":"2017-07-07T06:05:33","date_gmt":"2017-07-07T10:05:33","guid":{"rendered":"http:\/\/www.eltrabajo.cl\/2017\/?p=80071"},"modified":"2017-07-07T06:05:33","modified_gmt":"2017-07-07T10:05:33","slug":"este-sabado-sera-el-primer-desfile-de-modas-inclusivo-2017","status":"publish","type":"post","link":"https:\/\/eltrabajo.cl\/portal\/este-sabado-sera-el-primer-desfile-de-modas-inclusivo-2017\/","title":{"rendered":"Este s\u00e1bado ser\u00e1 el primer Desfile de Modas Inclusivo 2017"},"content":{"rendered":"<figure id=\"attachment_80072\" aria-describedby=\"caption-attachment-80072\" style=\"width: 579px\" class=\"wp-caption alignnone\"><img data-recalc-dims=\"1\" loading=\"lazy\" decoding=\"async\" class=\"size-full wp-image-80072\" src=\"https:\/\/i0.wp.com\/www.eltrabajo.cl\/2017\/wp-content\/uploads\/2017\/07\/Modelaje_Anabel-Moraga.jpg?resize=579%2C610\" alt=\"Anabel Moraga Sandoval, presidenta de Promoviendo Inclusi\u00f3n.\" width=\"579\" height=\"610\" srcset=\"https:\/\/i0.wp.com\/eltrabajo.cl\/portal\/wp-content\/uploads\/2017\/07\/Modelaje_Anabel-Moraga.jpg?w=579&amp;ssl=1 579w, https:\/\/i0.wp.com\/eltrabajo.cl\/portal\/wp-content\/uploads\/2017\/07\/Modelaje_Anabel-Moraga.jpg?resize=142%2C150&amp;ssl=1 142w, https:\/\/i0.wp.com\/eltrabajo.cl\/portal\/wp-content\/uploads\/2017\/07\/Modelaje_Anabel-Moraga.jpg?resize=285%2C300&amp;ssl=1 285w, https:\/\/i0.wp.com\/eltrabajo.cl\/portal\/wp-content\/uploads\/2017\/07\/Modelaje_Anabel-Moraga.jpg?resize=400%2C421&amp;ssl=1 400w\" sizes=\"auto, (max-width: 579px) 100vw, 579px\" \/><figcaption id=\"caption-attachment-80072\" class=\"wp-caption-text\">Anabel Moraga Sandoval, presidenta de Promoviendo Inclusi\u00f3n.<\/figcaption><\/figure>\n<ul>\n<li><span style=\"color: #ff0000;\"><strong>A las 18:00 horas en la C\u00e1mara de Comercio:<\/strong><\/span><\/li>\n<\/ul>\n<p>A partir de las 18:00 horas de este s\u00e1bado 8 de julio, en la C\u00e1mara de Comercio de San Felipe, la ONG Promoviendo Inclusi\u00f3n realizar\u00e1 un desfile de modas inclusivo, cuya misi\u00f3n ser\u00e1 integrar a ni\u00f1os con autismo y otras capacidades distintas. Esta actividad se desarrollar\u00e1 tambi\u00e9n con la participaci\u00f3n de modelos profesionales y tiene por finalidad \u00faltimo reunir fondos para un centro de atenci\u00f3n para ni\u00f1os autistas.<br \/>\n\u00abLa idea de este desfile es masificar y divulgar la condici\u00f3n de personas que no est\u00e1n en la luz p\u00fablica. Las personas que asistan a dicho evento ver\u00e1n que estas personas, de todas las edades, son importantes y tienen algo que aportar. Queremos tambi\u00e9n seguir enriqueciendo y estimulando con herramientas a los ni\u00f1os con cada tipo de autismo, adem\u00e1s de ni\u00f1os con otras capacidades distintas, porque dentro de esta sociedad ellos tienen algo que decir y aportar, as\u00ed como impactar y decir que para estos ni\u00f1os existen puertas abiertas en los proyectos de nuestra ONG\u00bb, coment\u00f3 a nuestro medio Anabel Moraga Sandoval, presidenta de Promoviendo Inclusi\u00f3n.<br \/>\nSeg\u00fan inform\u00f3 Moraga a Diario El Trabajo, durante este show habr\u00e1 presentaci\u00f3n de Tango, interpretaci\u00f3n de pasarelas con personajes de Cine y de la Televisi\u00f3n, como el Osito Gominola y Darth Vader, entre otros. El evento contar\u00e1 con la presencia de modelos profesionales de la agencia de modelos Jessica Arcaya Dahmen, adem\u00e1s participar\u00e1n los ni\u00f1os con distintas capacidades. El DJ Pablito Morales estar\u00e1 a cargo del ritmo, y mientras cada chico haga su presentaci\u00f3n, se explicar\u00e1 a los presentes las caracter\u00edsticas de las distintas condiciones que definen la incapacidad del o de la modelo. El valor de la entrada ser\u00e1 de $3.000 por persona, desde los 12 a\u00f1os. Quienes quieran contactar a los organizadores pueden llamar a Maglio Henr\u00edquez al 982657012.<br \/>\n<strong>Roberto Gonz\u00e1lez Short<\/strong><\/p>\n<figure id=\"attachment_80073\" aria-describedby=\"caption-attachment-80073\" style=\"width: 579px\" class=\"wp-caption alignnone\"><img data-recalc-dims=\"1\" loading=\"lazy\" decoding=\"async\" class=\"size-full wp-image-80073\" src=\"https:\/\/i0.wp.com\/www.eltrabajo.cl\/2017\/wp-content\/uploads\/2017\/07\/Modelaje1.jpg?resize=579%2C724\" alt=\"LAS MAMITAS TAMBI\u00c9N.- Daniela Salinas es la mam\u00e1 de Diego, un ni\u00f1o autista, ella tambi\u00e9n ser\u00e1 una de las bellas modelos de este evento.\" width=\"579\" height=\"724\" srcset=\"https:\/\/i0.wp.com\/eltrabajo.cl\/portal\/wp-content\/uploads\/2017\/07\/Modelaje1.jpg?w=579&amp;ssl=1 579w, https:\/\/i0.wp.com\/eltrabajo.cl\/portal\/wp-content\/uploads\/2017\/07\/Modelaje1.jpg?resize=120%2C150&amp;ssl=1 120w, https:\/\/i0.wp.com\/eltrabajo.cl\/portal\/wp-content\/uploads\/2017\/07\/Modelaje1.jpg?resize=240%2C300&amp;ssl=1 240w, https:\/\/i0.wp.com\/eltrabajo.cl\/portal\/wp-content\/uploads\/2017\/07\/Modelaje1.jpg?resize=400%2C500&amp;ssl=1 400w\" sizes=\"auto, (max-width: 579px) 100vw, 579px\" \/><figcaption id=\"caption-attachment-80073\" class=\"wp-caption-text\">LAS MAMITAS TAMBI\u00c9N.- Daniela Salinas es la mam\u00e1 de Diego, un ni\u00f1o autista, ella tambi\u00e9n ser\u00e1 una de las bellas modelos de este evento.<\/figcaption><\/figure>\n<figure id=\"attachment_80074\" aria-describedby=\"caption-attachment-80074\" style=\"width: 580px\" class=\"wp-caption alignnone\"><img data-recalc-dims=\"1\" loading=\"lazy\" decoding=\"async\" class=\"size-full wp-image-80074\" src=\"https:\/\/i0.wp.com\/www.eltrabajo.cl\/2017\/wp-content\/uploads\/2017\/07\/Modelaje2.jpg?resize=580%2C350\" alt=\"REGALONES MODELOS.- Oscar Carvajal y Javierita Vargas, son dos de los chicos que modelar\u00e1n sus prendas y personajes en este primer Desfile de Modas Inclusivo 2017.\" width=\"580\" height=\"350\" srcset=\"https:\/\/i0.wp.com\/eltrabajo.cl\/portal\/wp-content\/uploads\/2017\/07\/Modelaje2.jpg?w=580&amp;ssl=1 580w, https:\/\/i0.wp.com\/eltrabajo.cl\/portal\/wp-content\/uploads\/2017\/07\/Modelaje2.jpg?resize=200%2C121&amp;ssl=1 200w, https:\/\/i0.wp.com\/eltrabajo.cl\/portal\/wp-content\/uploads\/2017\/07\/Modelaje2.jpg?resize=300%2C181&amp;ssl=1 300w, https:\/\/i0.wp.com\/eltrabajo.cl\/portal\/wp-content\/uploads\/2017\/07\/Modelaje2.jpg?resize=249%2C150&amp;ssl=1 249w, https:\/\/i0.wp.com\/eltrabajo.cl\/portal\/wp-content\/uploads\/2017\/07\/Modelaje2.jpg?resize=400%2C241&amp;ssl=1 400w\" sizes=\"auto, (max-width: 580px) 100vw, 580px\" \/><figcaption id=\"caption-attachment-80074\" class=\"wp-caption-text\">REGALONES MODELOS.- Oscar Carvajal y Javierita Vargas, son dos de los chicos que modelar\u00e1n sus prendas y personajes en este primer Desfile de Modas Inclusivo 2017.<\/figcaption><\/figure>\n","protected":false},"excerpt":{"rendered":"<p>A las 18:00 horas en la C\u00e1mara de Comercio: A partir de las 18:00 horas de este s\u00e1bado 8 de julio, en la C\u00e1mara de Comercio de San Felipe, la ONG Promoviendo&#8230;<\/p>\n","protected":false},"author":1,"featured_media":80074,"comment_status":"open","ping_status":"open","sticky":false,"template":"","format":"standard","meta":{"advanced_seo_description":"","jetpack_seo_html_title":"","jetpack_seo_noindex":false,"_jetpack_memberships_contains_paid_content":false,"footnotes":""},"categories":[15],"tags":[],"class_list":["post-80071","post","type-post","status-publish","format-standard","has-post-thumbnail","hentry","category-comunidad"],"jetpack_featured_media_url":"https:\/\/i0.wp.com\/eltrabajo.cl\/portal\/wp-content\/uploads\/2017\/07\/Modelaje2.jpg?fit=580%2C350&ssl=1","jetpack_sharing_enabled":true,"jetpack_likes_enabled":true,"jetpack-related-posts":[],"_links":{"self":[{"href":"https:\/\/eltrabajo.cl\/portal\/wp-json\/wp\/v2\/posts\/80071","targetHints":{"allow":["GET"]}}],"collection":[{"href":"https:\/\/eltrabajo.cl\/portal\/wp-json\/wp\/v2\/posts"}],"about":[{"href":"https:\/\/eltrabajo.cl\/portal\/wp-json\/wp\/v2\/types\/post"}],"author":[{"embeddable":true,"href":"https:\/\/eltrabajo.cl\/portal\/wp-json\/wp\/v2\/users\/1"}],"replies":[{"embeddable":true,"href":"https:\/\/eltrabajo.cl\/portal\/wp-json\/wp\/v2\/comments?post=80071"}],"version-history":[{"count":0,"href":"https:\/\/eltrabajo.cl\/portal\/wp-json\/wp\/v2\/posts\/80071\/revisions"}],"wp:featuredmedia":[{"embeddable":true,"href":"https:\/\/eltrabajo.cl\/portal\/wp-json\/wp\/v2\/media\/80074"}],"wp:attachment":[{"href":"https:\/\/eltrabajo.cl\/portal\/wp-json\/wp\/v2\/media?parent=80071"}],"wp:term":[{"taxonomy":"category","embeddable":true,"href":"https:\/\/eltrabajo.cl\/portal\/wp-json\/wp\/v2\/categories?post=80071"},{"taxonomy":"post_tag","embeddable":true,"href":"https:\/\/eltrabajo.cl\/portal\/wp-json\/wp\/v2\/tags?post=80071"}],"curies":[{"name":"wp","href":"https:\/\/api.w.org\/{rel}","templated":true}]}}