{"id":80079,"date":"2017-07-10T06:00:54","date_gmt":"2017-07-10T10:00:54","guid":{"rendered":"http:\/\/www.eltrabajo.cl\/2017\/?p=80079"},"modified":"2017-07-10T06:00:54","modified_gmt":"2017-07-10T10:00:54","slug":"poblacion-hacienda-de-quilpue-cumplio-22-anos-de-existencia","status":"publish","type":"post","link":"https:\/\/eltrabajo.cl\/portal\/poblacion-hacienda-de-quilpue-cumplio-22-anos-de-existencia\/","title":{"rendered":"Poblaci\u00f3n Hacienda de Quilpu\u00e9 cumpli\u00f3 22 a\u00f1os de existencia"},"content":{"rendered":"<figure id=\"attachment_80083\" aria-describedby=\"caption-attachment-80083\" style=\"width: 580px\" class=\"wp-caption alignnone\"><img data-recalc-dims=\"1\" loading=\"lazy\" decoding=\"async\" class=\"size-full wp-image-80083\" src=\"https:\/\/i0.wp.com\/www.eltrabajo.cl\/2017\/wp-content\/uploads\/2017\/07\/Quilpue2.jpg?resize=580%2C350\" alt=\"LAS COCINERAS.- Ellas son las vecinas que dieron sabor y calidad a esta fiesta de aniversario, pues se encargaron de la cocina y de las ricas comidas.\" width=\"580\" height=\"350\" srcset=\"https:\/\/i0.wp.com\/eltrabajo.cl\/portal\/wp-content\/uploads\/2017\/07\/Quilpue2.jpg?w=580&amp;ssl=1 580w, https:\/\/i0.wp.com\/eltrabajo.cl\/portal\/wp-content\/uploads\/2017\/07\/Quilpue2.jpg?resize=200%2C121&amp;ssl=1 200w, https:\/\/i0.wp.com\/eltrabajo.cl\/portal\/wp-content\/uploads\/2017\/07\/Quilpue2.jpg?resize=300%2C181&amp;ssl=1 300w, https:\/\/i0.wp.com\/eltrabajo.cl\/portal\/wp-content\/uploads\/2017\/07\/Quilpue2.jpg?resize=249%2C150&amp;ssl=1 249w, https:\/\/i0.wp.com\/eltrabajo.cl\/portal\/wp-content\/uploads\/2017\/07\/Quilpue2.jpg?resize=400%2C241&amp;ssl=1 400w\" sizes=\"auto, (max-width: 580px) 100vw, 580px\" \/><figcaption id=\"caption-attachment-80083\" class=\"wp-caption-text\">LAS COCINERAS.- Ellas son las vecinas que dieron sabor y calidad a esta fiesta de aniversario, pues se encargaron de la cocina y de las ricas comidas.<\/figcaption><\/figure>\n<p>M\u00e1s que un fest\u00edn comunitario fue el que hicieron los vecinos de Poblaci\u00f3n Hacienda Quilpu\u00e9 la noche del s\u00e1bado para celebrar en grande sus 22 a\u00f1os de existencia como poblaci\u00f3n, ya que en la sede vecinal de ese sector hubo de todo: Vino, pollo asado, bebidas, la contagiante alegr\u00eda de Jazm\u00edn Lazcano y la felicidad de todos los vecinos.<br \/>\n\u00abOficialmente nuestro aniversario es cada 28 de junio, pero los vecinos decidimos celebrarlo este s\u00e1bado. Quiero agradecer a las autoridades del Municipio, al diputado Gaspar Rivas y a todos mis vecinos, por gran apoyo que me han dado durante estos a\u00f1os a su servicio, y tambi\u00e9n por haberme reelegido como su presidenta vecinal\u00bb, dijo la presidenta de la junta vecinal de esa poblaci\u00f3n sanfelipe\u00f1a, do\u00f1a Erna N\u00fa\u00f1ez Carre\u00f1o a Diario El Trabajo.<br \/>\nPero estos m\u00e1s de 500 vecinos, los que viven en las 82 viviendas que conforman la poblaci\u00f3n, tienen tambi\u00e9n otra raz\u00f3n para estar celebrando, ya que el Concejo Municipal eligi\u00f3 a esta dirigente comunitaria con el galard\u00f3n Dirigente Destacada 2017, el que le ser\u00e1 entregado el pr\u00f3ximo 3 de agosto, fecha del aniversario 277\u00ba aniversario de nuestra comuna.<br \/>\nAl evento asistieron vecinos de la poblaci\u00f3n, el concejal Mario Villanueva y el Jefe de Gabinete del alcalde Patricio Freire en su representaci\u00f3n, Juan Guti\u00e9rrez, quienes ofrecieron una enorme torta cumplea\u00f1era a los presentes.<br \/>\n<strong>Roberto Gonz\u00e1lez Short<\/strong><\/p>\n<figure id=\"attachment_80080\" aria-describedby=\"caption-attachment-80080\" style=\"width: 580px\" class=\"wp-caption alignnone\"><img data-recalc-dims=\"1\" loading=\"lazy\" decoding=\"async\" class=\"size-full wp-image-80080\" src=\"https:\/\/i0.wp.com\/www.eltrabajo.cl\/2017\/wp-content\/uploads\/2017\/07\/Quilpue_Erna-Nunez.jpg?resize=580%2C349\" alt=\"Presidenta junta vecinal de esa poblaci\u00f3n sanfelipe\u00f1a, do\u00f1a Erna N\u00fa\u00f1ez Carre\u00f1o.\" width=\"580\" height=\"349\" srcset=\"https:\/\/i0.wp.com\/eltrabajo.cl\/portal\/wp-content\/uploads\/2017\/07\/Quilpue_Erna-Nunez.jpg?w=580&amp;ssl=1 580w, https:\/\/i0.wp.com\/eltrabajo.cl\/portal\/wp-content\/uploads\/2017\/07\/Quilpue_Erna-Nunez.jpg?resize=200%2C120&amp;ssl=1 200w, https:\/\/i0.wp.com\/eltrabajo.cl\/portal\/wp-content\/uploads\/2017\/07\/Quilpue_Erna-Nunez.jpg?resize=300%2C181&amp;ssl=1 300w, https:\/\/i0.wp.com\/eltrabajo.cl\/portal\/wp-content\/uploads\/2017\/07\/Quilpue_Erna-Nunez.jpg?resize=249%2C150&amp;ssl=1 249w, https:\/\/i0.wp.com\/eltrabajo.cl\/portal\/wp-content\/uploads\/2017\/07\/Quilpue_Erna-Nunez.jpg?resize=400%2C241&amp;ssl=1 400w\" sizes=\"auto, (max-width: 580px) 100vw, 580px\" \/><figcaption id=\"caption-attachment-80080\" class=\"wp-caption-text\">Presidenta junta vecinal de esa poblaci\u00f3n sanfelipe\u00f1a, do\u00f1a Erna N\u00fa\u00f1ez Carre\u00f1o.<\/figcaption><\/figure>\n<figure id=\"attachment_80081\" aria-describedby=\"caption-attachment-80081\" style=\"width: 580px\" class=\"wp-caption alignnone\"><img data-recalc-dims=\"1\" loading=\"lazy\" decoding=\"async\" class=\"size-full wp-image-80081\" src=\"https:\/\/i0.wp.com\/www.eltrabajo.cl\/2017\/wp-content\/uploads\/2017\/07\/Quilpue_Jazmin-Lazcano.jpg?resize=580%2C350\" alt=\"REGALONA CANTANTE.- Ella es nuestra morenaza del valle, el talento y figura de Jazm\u00edn Lazcano, quien cant\u00f3 a los presentes.\" width=\"580\" height=\"350\" srcset=\"https:\/\/i0.wp.com\/eltrabajo.cl\/portal\/wp-content\/uploads\/2017\/07\/Quilpue_Jazmin-Lazcano.jpg?w=580&amp;ssl=1 580w, https:\/\/i0.wp.com\/eltrabajo.cl\/portal\/wp-content\/uploads\/2017\/07\/Quilpue_Jazmin-Lazcano.jpg?resize=200%2C121&amp;ssl=1 200w, https:\/\/i0.wp.com\/eltrabajo.cl\/portal\/wp-content\/uploads\/2017\/07\/Quilpue_Jazmin-Lazcano.jpg?resize=300%2C181&amp;ssl=1 300w, https:\/\/i0.wp.com\/eltrabajo.cl\/portal\/wp-content\/uploads\/2017\/07\/Quilpue_Jazmin-Lazcano.jpg?resize=249%2C150&amp;ssl=1 249w, https:\/\/i0.wp.com\/eltrabajo.cl\/portal\/wp-content\/uploads\/2017\/07\/Quilpue_Jazmin-Lazcano.jpg?resize=400%2C241&amp;ssl=1 400w\" sizes=\"auto, (max-width: 580px) 100vw, 580px\" \/><figcaption id=\"caption-attachment-80081\" class=\"wp-caption-text\">REGALONA CANTANTE.- Ella es nuestra morenaza del valle, el talento y figura de Jazm\u00edn Lazcano, quien cant\u00f3 a los presentes.<\/figcaption><\/figure>\n<figure id=\"attachment_80082\" aria-describedby=\"caption-attachment-80082\" style=\"width: 580px\" class=\"wp-caption alignnone\"><img data-recalc-dims=\"1\" loading=\"lazy\" decoding=\"async\" class=\"size-full wp-image-80082\" src=\"https:\/\/i0.wp.com\/www.eltrabajo.cl\/2017\/wp-content\/uploads\/2017\/07\/Quilpue1.jpg?resize=580%2C349\" alt=\"TORTA CUMPLEA\u00d1ERA.- Aqu\u00ed tenemos a la presidenta de la junta vecinal, respaldada por los vecinos de Poblaci\u00f3n Hacienda Quilpu\u00e9, mientras cantaba el Cumplea\u00f1os Feliz a sus vecinos. En la foto tambi\u00e9n el concejal Mario Villanueva y el Jefe de Gabinete del alcalde Patricio Freire en su representaci\u00f3n, Juan Guti\u00e9rrez.\" width=\"580\" height=\"349\" srcset=\"https:\/\/i0.wp.com\/eltrabajo.cl\/portal\/wp-content\/uploads\/2017\/07\/Quilpue1.jpg?w=580&amp;ssl=1 580w, https:\/\/i0.wp.com\/eltrabajo.cl\/portal\/wp-content\/uploads\/2017\/07\/Quilpue1.jpg?resize=200%2C120&amp;ssl=1 200w, https:\/\/i0.wp.com\/eltrabajo.cl\/portal\/wp-content\/uploads\/2017\/07\/Quilpue1.jpg?resize=300%2C181&amp;ssl=1 300w, https:\/\/i0.wp.com\/eltrabajo.cl\/portal\/wp-content\/uploads\/2017\/07\/Quilpue1.jpg?resize=249%2C150&amp;ssl=1 249w, https:\/\/i0.wp.com\/eltrabajo.cl\/portal\/wp-content\/uploads\/2017\/07\/Quilpue1.jpg?resize=400%2C241&amp;ssl=1 400w\" sizes=\"auto, (max-width: 580px) 100vw, 580px\" \/><figcaption id=\"caption-attachment-80082\" class=\"wp-caption-text\">TORTA CUMPLEA\u00d1ERA.- Aqu\u00ed tenemos a la presidenta de la junta vecinal, respaldada por los vecinos de Poblaci\u00f3n Hacienda Quilpu\u00e9, mientras cantaba el Cumplea\u00f1os Feliz a sus vecinos. En la foto tambi\u00e9n el concejal Mario Villanueva y el Jefe de Gabinete del alcalde Patricio Freire en su representaci\u00f3n, Juan Guti\u00e9rrez.<\/figcaption><\/figure>\n<figure id=\"attachment_80084\" aria-describedby=\"caption-attachment-80084\" style=\"width: 580px\" class=\"wp-caption alignnone\"><img data-recalc-dims=\"1\" loading=\"lazy\" decoding=\"async\" class=\"size-full wp-image-80084\" src=\"https:\/\/i0.wp.com\/www.eltrabajo.cl\/2017\/wp-content\/uploads\/2017\/07\/Quilpue3.jpg?resize=580%2C350\" alt=\"VECINOS CONTENTOS.- Peques y grandes lo pasaron muy bien durante la actividad, pues la camarader\u00eda y delicias estaban en su mejor punto.\" width=\"580\" height=\"350\" srcset=\"https:\/\/i0.wp.com\/eltrabajo.cl\/portal\/wp-content\/uploads\/2017\/07\/Quilpue3.jpg?w=580&amp;ssl=1 580w, https:\/\/i0.wp.com\/eltrabajo.cl\/portal\/wp-content\/uploads\/2017\/07\/Quilpue3.jpg?resize=200%2C121&amp;ssl=1 200w, https:\/\/i0.wp.com\/eltrabajo.cl\/portal\/wp-content\/uploads\/2017\/07\/Quilpue3.jpg?resize=300%2C181&amp;ssl=1 300w, https:\/\/i0.wp.com\/eltrabajo.cl\/portal\/wp-content\/uploads\/2017\/07\/Quilpue3.jpg?resize=249%2C150&amp;ssl=1 249w, https:\/\/i0.wp.com\/eltrabajo.cl\/portal\/wp-content\/uploads\/2017\/07\/Quilpue3.jpg?resize=400%2C241&amp;ssl=1 400w\" sizes=\"auto, (max-width: 580px) 100vw, 580px\" \/><figcaption id=\"caption-attachment-80084\" class=\"wp-caption-text\">VECINOS CONTENTOS.- Peques y grandes lo pasaron muy bien durante la actividad, pues la camarader\u00eda y delicias estaban en su mejor punto.<\/figcaption><\/figure>\n<figure id=\"attachment_80085\" aria-describedby=\"caption-attachment-80085\" style=\"width: 580px\" class=\"wp-caption alignnone\"><img data-recalc-dims=\"1\" loading=\"lazy\" decoding=\"async\" class=\"size-full wp-image-80085\" src=\"https:\/\/i0.wp.com\/www.eltrabajo.cl\/2017\/wp-content\/uploads\/2017\/07\/Quilpue4.jpg?resize=580%2C349\" alt=\"CALOR HUMANO.- Esta fotograf\u00eda es el fiel reflejo del sentimiento de los vecinos, amor y cari\u00f1o puro entre familias y vecinos.\" width=\"580\" height=\"349\" srcset=\"https:\/\/i0.wp.com\/eltrabajo.cl\/portal\/wp-content\/uploads\/2017\/07\/Quilpue4.jpg?w=580&amp;ssl=1 580w, https:\/\/i0.wp.com\/eltrabajo.cl\/portal\/wp-content\/uploads\/2017\/07\/Quilpue4.jpg?resize=200%2C120&amp;ssl=1 200w, https:\/\/i0.wp.com\/eltrabajo.cl\/portal\/wp-content\/uploads\/2017\/07\/Quilpue4.jpg?resize=300%2C181&amp;ssl=1 300w, https:\/\/i0.wp.com\/eltrabajo.cl\/portal\/wp-content\/uploads\/2017\/07\/Quilpue4.jpg?resize=249%2C150&amp;ssl=1 249w, https:\/\/i0.wp.com\/eltrabajo.cl\/portal\/wp-content\/uploads\/2017\/07\/Quilpue4.jpg?resize=400%2C241&amp;ssl=1 400w\" sizes=\"auto, (max-width: 580px) 100vw, 580px\" \/><figcaption id=\"caption-attachment-80085\" class=\"wp-caption-text\">CALOR HUMANO.- Esta fotograf\u00eda es el fiel reflejo del sentimiento de los vecinos, amor y cari\u00f1o puro entre familias y vecinos.<\/figcaption><\/figure>\n","protected":false},"excerpt":{"rendered":"<p>M\u00e1s que un fest\u00edn comunitario fue el que hicieron los vecinos de Poblaci\u00f3n Hacienda Quilpu\u00e9 la noche del s\u00e1bado para celebrar en grande sus 22 a\u00f1os de existencia como poblaci\u00f3n, ya que&#8230;<\/p>\n","protected":false},"author":1,"featured_media":80084,"comment_status":"open","ping_status":"open","sticky":false,"template":"","format":"standard","meta":{"advanced_seo_description":"","jetpack_seo_html_title":"","jetpack_seo_noindex":false,"_jetpack_memberships_contains_paid_content":false,"footnotes":""},"categories":[15],"tags":[],"class_list":["post-80079","post","type-post","status-publish","format-standard","has-post-thumbnail","hentry","category-comunidad"],"jetpack_featured_media_url":"https:\/\/i0.wp.com\/eltrabajo.cl\/portal\/wp-content\/uploads\/2017\/07\/Quilpue3.jpg?fit=580%2C350&ssl=1","jetpack_sharing_enabled":true,"jetpack_likes_enabled":true,"jetpack-related-posts":[],"_links":{"self":[{"href":"https:\/\/eltrabajo.cl\/portal\/wp-json\/wp\/v2\/posts\/80079","targetHints":{"allow":["GET"]}}],"collection":[{"href":"https:\/\/eltrabajo.cl\/portal\/wp-json\/wp\/v2\/posts"}],"about":[{"href":"https:\/\/eltrabajo.cl\/portal\/wp-json\/wp\/v2\/types\/post"}],"author":[{"embeddable":true,"href":"https:\/\/eltrabajo.cl\/portal\/wp-json\/wp\/v2\/users\/1"}],"replies":[{"embeddable":true,"href":"https:\/\/eltrabajo.cl\/portal\/wp-json\/wp\/v2\/comments?post=80079"}],"version-history":[{"count":0,"href":"https:\/\/eltrabajo.cl\/portal\/wp-json\/wp\/v2\/posts\/80079\/revisions"}],"wp:featuredmedia":[{"embeddable":true,"href":"https:\/\/eltrabajo.cl\/portal\/wp-json\/wp\/v2\/media\/80084"}],"wp:attachment":[{"href":"https:\/\/eltrabajo.cl\/portal\/wp-json\/wp\/v2\/media?parent=80079"}],"wp:term":[{"taxonomy":"category","embeddable":true,"href":"https:\/\/eltrabajo.cl\/portal\/wp-json\/wp\/v2\/categories?post=80079"},{"taxonomy":"post_tag","embeddable":true,"href":"https:\/\/eltrabajo.cl\/portal\/wp-json\/wp\/v2\/tags?post=80079"}],"curies":[{"name":"wp","href":"https:\/\/api.w.org\/{rel}","templated":true}]}}