{"id":80095,"date":"2017-07-10T06:02:33","date_gmt":"2017-07-10T10:02:33","guid":{"rendered":"http:\/\/www.eltrabajo.cl\/2017\/?p=80095"},"modified":"2017-07-10T06:02:33","modified_gmt":"2017-07-10T10:02:33","slug":"anuncian-proyecto-de-nuevo-jardin-infantil-para-sector-escuela-hogar","status":"publish","type":"post","link":"https:\/\/eltrabajo.cl\/portal\/anuncian-proyecto-de-nuevo-jardin-infantil-para-sector-escuela-hogar\/","title":{"rendered":"Anuncian proyecto de nuevo jard\u00edn infantil para sector Escuela Hogar"},"content":{"rendered":"<figure id=\"attachment_80096\" aria-describedby=\"caption-attachment-80096\" style=\"width: 580px\" class=\"wp-caption alignnone\"><img data-recalc-dims=\"1\" loading=\"lazy\" decoding=\"async\" class=\"size-full wp-image-80096\" src=\"https:\/\/i0.wp.com\/www.eltrabajo.cl\/2017\/wp-content\/uploads\/2017\/07\/Junji1.jpg?resize=580%2C349\" alt=\"Este nuevo jard\u00edn infantil para el sector Escuela Hogar, permitir\u00e1 atender a 124 ni\u00f1os de la comuna y contempla una inversi\u00f3n de m\u00e1s de $1000 millones.\" width=\"580\" height=\"349\" srcset=\"https:\/\/i0.wp.com\/eltrabajo.cl\/portal\/wp-content\/uploads\/2017\/07\/Junji1.jpg?w=580&amp;ssl=1 580w, https:\/\/i0.wp.com\/eltrabajo.cl\/portal\/wp-content\/uploads\/2017\/07\/Junji1.jpg?resize=200%2C120&amp;ssl=1 200w, https:\/\/i0.wp.com\/eltrabajo.cl\/portal\/wp-content\/uploads\/2017\/07\/Junji1.jpg?resize=300%2C181&amp;ssl=1 300w, https:\/\/i0.wp.com\/eltrabajo.cl\/portal\/wp-content\/uploads\/2017\/07\/Junji1.jpg?resize=249%2C150&amp;ssl=1 249w, https:\/\/i0.wp.com\/eltrabajo.cl\/portal\/wp-content\/uploads\/2017\/07\/Junji1.jpg?resize=400%2C241&amp;ssl=1 400w\" sizes=\"auto, (max-width: 580px) 100vw, 580px\" \/><figcaption id=\"caption-attachment-80096\" class=\"wp-caption-text\">Este nuevo jard\u00edn infantil para el sector Escuela Hogar, permitir\u00e1 atender a 124 ni\u00f1os de la comuna y contempla una inversi\u00f3n de m\u00e1s de $1000 millones.<\/figcaption><\/figure>\n<p>Con dirigentes vecinales y futuros apoderados, culmin\u00f3 la reuni\u00f3n informativa que la Junji Valpara\u00edso desarroll\u00f3 la semana pasada en la comuna de San Felipe para dar a conocer las caracter\u00edsticas de la construcci\u00f3n del nuevo jard\u00edn infantil para el sector Escuela Hogar, que permitir\u00e1 atender a 124 ni\u00f1os de la comuna y que contempla una inversi\u00f3n de m\u00e1s de $1000 millones.<br \/>\nEn la actividad, el arquitecto a cargo del proyecto, Jos\u00e9 Luis Escalona, dio a conocer a los dirigentes vecinales, representantes de organizaciones sociales y familias del sector, las caracter\u00edsticas de la construcci\u00f3n que permitir\u00e1 dar respuesta al compromiso de ampliaci\u00f3n de cobertura en educaci\u00f3n parvularia comprometido por el Gobierno.<br \/>\n\u00abEste proyecto, el que prontamente comenzar\u00e1 a construirse, viene a dar respuesta a un necesidad planteada por la misma comunidad, de contar con un espacio donde sus hijos puedan crecer seguros, con acceso a oportunidades que les permitan crecer y aprender con igualdad, y donde por sobre todo se les respete su individualidad y crezcan felices y en armon\u00eda\u00bb, sostuvo la directora regional de la Junji Valpara\u00edso, Carolina Morales Navarro.<br \/>\nPor su parte el gobernador Eduardo Le\u00f3n, se\u00f1al\u00f3 que \u00abel compromiso del gobierno es aumentar las posibilidades de nuestros ni\u00f1os desde la cuna y para eso est\u00e1n estos jardines infantiles. Aqu\u00ed en Villa Industrial del sector de Las 4 Villas va a haber unos de los jardines m\u00e1s grandes y hermosos de nuestra provincia. Estamos muy contentos por eso, y destacar tambi\u00e9n que proporcionalmente el Municipio de San Felipe es uno de los mejores aliados que hemos tenido con la construcci\u00f3n de cuatro jardines\u00bb, puntualiz\u00f3.<br \/>\nEl alcalde la comuna, Patricio Freire indic\u00f3 por su parte que \u00abestoy muy contento de que la comuna de San Felipe sea la segunda comuna con m\u00e1s jardines infantiles construidos en esta etapa, feliz porque se puede llegar a todos los sectores sobretodo rurales, como Tierras Blancas, Bellavista y Enc\u00f3n. Este jard\u00edn va a hacer de alto est\u00e1ndar y eso nos tiene como comunidad agradecidos con la Presidenta Bachelet, porque se ha cumplido las promesas de su campa\u00f1a, todo lo que se ofreci\u00f3 a la comuna de San Felipe est\u00e1 llegando a feliz t\u00e9rmino\u00bb.<br \/>\nEste nuevo jard\u00edn infantil para el sector de Escuela Hogar ser\u00e1 el segundo m\u00e1s grande construido por la Junji Valpara\u00edso en la regi\u00f3n, siendo el primero el recinto emplazado en la comuna de La Calera con tres niveles salas cuna y tres niveles medios.<\/p>\n<figure id=\"attachment_80097\" aria-describedby=\"caption-attachment-80097\" style=\"width: 580px\" class=\"wp-caption alignnone\"><img data-recalc-dims=\"1\" loading=\"lazy\" decoding=\"async\" class=\"size-full wp-image-80097\" src=\"https:\/\/i0.wp.com\/www.eltrabajo.cl\/2017\/wp-content\/uploads\/2017\/07\/Junji2.jpg?resize=580%2C350\" alt=\"Vecinos del sector se mostraron m\u00e1s que interesados en este proyecto para la comuna.\" width=\"580\" height=\"350\" srcset=\"https:\/\/i0.wp.com\/eltrabajo.cl\/portal\/wp-content\/uploads\/2017\/07\/Junji2.jpg?w=580&amp;ssl=1 580w, https:\/\/i0.wp.com\/eltrabajo.cl\/portal\/wp-content\/uploads\/2017\/07\/Junji2.jpg?resize=200%2C121&amp;ssl=1 200w, https:\/\/i0.wp.com\/eltrabajo.cl\/portal\/wp-content\/uploads\/2017\/07\/Junji2.jpg?resize=300%2C181&amp;ssl=1 300w, https:\/\/i0.wp.com\/eltrabajo.cl\/portal\/wp-content\/uploads\/2017\/07\/Junji2.jpg?resize=249%2C150&amp;ssl=1 249w, https:\/\/i0.wp.com\/eltrabajo.cl\/portal\/wp-content\/uploads\/2017\/07\/Junji2.jpg?resize=400%2C241&amp;ssl=1 400w\" sizes=\"auto, (max-width: 580px) 100vw, 580px\" \/><figcaption id=\"caption-attachment-80097\" class=\"wp-caption-text\">Vecinos del sector se mostraron m\u00e1s que interesados en este proyecto para la comuna.<\/figcaption><\/figure>\n","protected":false},"excerpt":{"rendered":"<p>Con dirigentes vecinales y futuros apoderados, culmin\u00f3 la reuni\u00f3n informativa que la Junji Valpara\u00edso desarroll\u00f3 la semana pasada en la comuna de San Felipe para dar a conocer las caracter\u00edsticas de la&#8230;<\/p>\n","protected":false},"author":1,"featured_media":80097,"comment_status":"open","ping_status":"open","sticky":false,"template":"","format":"standard","meta":{"advanced_seo_description":"","jetpack_seo_html_title":"","jetpack_seo_noindex":false,"_jetpack_memberships_contains_paid_content":false,"footnotes":""},"categories":[1],"tags":[],"class_list":["post-80095","post","type-post","status-publish","format-standard","has-post-thumbnail","hentry","category-cronica"],"jetpack_featured_media_url":"https:\/\/i0.wp.com\/eltrabajo.cl\/portal\/wp-content\/uploads\/2017\/07\/Junji2.jpg?fit=580%2C350&ssl=1","jetpack_sharing_enabled":true,"jetpack_likes_enabled":true,"jetpack-related-posts":[],"_links":{"self":[{"href":"https:\/\/eltrabajo.cl\/portal\/wp-json\/wp\/v2\/posts\/80095","targetHints":{"allow":["GET"]}}],"collection":[{"href":"https:\/\/eltrabajo.cl\/portal\/wp-json\/wp\/v2\/posts"}],"about":[{"href":"https:\/\/eltrabajo.cl\/portal\/wp-json\/wp\/v2\/types\/post"}],"author":[{"embeddable":true,"href":"https:\/\/eltrabajo.cl\/portal\/wp-json\/wp\/v2\/users\/1"}],"replies":[{"embeddable":true,"href":"https:\/\/eltrabajo.cl\/portal\/wp-json\/wp\/v2\/comments?post=80095"}],"version-history":[{"count":0,"href":"https:\/\/eltrabajo.cl\/portal\/wp-json\/wp\/v2\/posts\/80095\/revisions"}],"wp:featuredmedia":[{"embeddable":true,"href":"https:\/\/eltrabajo.cl\/portal\/wp-json\/wp\/v2\/media\/80097"}],"wp:attachment":[{"href":"https:\/\/eltrabajo.cl\/portal\/wp-json\/wp\/v2\/media?parent=80095"}],"wp:term":[{"taxonomy":"category","embeddable":true,"href":"https:\/\/eltrabajo.cl\/portal\/wp-json\/wp\/v2\/categories?post=80095"},{"taxonomy":"post_tag","embeddable":true,"href":"https:\/\/eltrabajo.cl\/portal\/wp-json\/wp\/v2\/tags?post=80095"}],"curies":[{"name":"wp","href":"https:\/\/api.w.org\/{rel}","templated":true}]}}