{"id":80106,"date":"2017-07-10T06:05:27","date_gmt":"2017-07-10T10:05:27","guid":{"rendered":"http:\/\/www.eltrabajo.cl\/2017\/?p=80106"},"modified":"2017-07-10T06:05:27","modified_gmt":"2017-07-10T10:05:27","slug":"beals-plantea-entubar-canales-de-regadio-para-evitar-desbordes","status":"publish","type":"post","link":"https:\/\/eltrabajo.cl\/portal\/beals-plantea-entubar-canales-de-regadio-para-evitar-desbordes\/","title":{"rendered":"Beals plantea entubar canales de regad\u00edo para evitar desbordes"},"content":{"rendered":"<figure id=\"attachment_80108\" aria-describedby=\"caption-attachment-80108\" style=\"width: 580px\" class=\"wp-caption alignnone\"><img data-recalc-dims=\"1\" loading=\"lazy\" decoding=\"async\" class=\"size-full wp-image-80108\" src=\"https:\/\/i0.wp.com\/www.eltrabajo.cl\/2017\/wp-content\/uploads\/2017\/07\/christian-beals.jpg?resize=580%2C349\" alt=\"El Concejal Dr. Christian Beals plante\u00f3 adem\u00e1s la posibilidad de habilitar estacionamientos gratuitos en las alamedas sobre los canales una vez entubados.\" width=\"580\" height=\"349\" srcset=\"https:\/\/i0.wp.com\/eltrabajo.cl\/portal\/wp-content\/uploads\/2017\/07\/christian-beals.jpg?w=580&amp;ssl=1 580w, https:\/\/i0.wp.com\/eltrabajo.cl\/portal\/wp-content\/uploads\/2017\/07\/christian-beals.jpg?resize=200%2C120&amp;ssl=1 200w, https:\/\/i0.wp.com\/eltrabajo.cl\/portal\/wp-content\/uploads\/2017\/07\/christian-beals.jpg?resize=300%2C181&amp;ssl=1 300w, https:\/\/i0.wp.com\/eltrabajo.cl\/portal\/wp-content\/uploads\/2017\/07\/christian-beals.jpg?resize=249%2C150&amp;ssl=1 249w, https:\/\/i0.wp.com\/eltrabajo.cl\/portal\/wp-content\/uploads\/2017\/07\/christian-beals.jpg?resize=400%2C241&amp;ssl=1 400w\" sizes=\"auto, (max-width: 580px) 100vw, 580px\" \/><figcaption id=\"caption-attachment-80108\" class=\"wp-caption-text\">El Concejal Dr. Christian Beals plante\u00f3 adem\u00e1s la posibilidad de habilitar estacionamientos gratuitos en las alamedas sobre los canales una vez entubados.<\/figcaption><\/figure>\n<p>Una propuesta en relaci\u00f3n a la mantenci\u00f3n de los canales que pasan por las alamedas, porque realmente en momentos se transforman en un problema para la ciudad a ra\u00edz que muchas personas botan todo tipo de desechos, obstaculizando la normal circulaci\u00f3n del agua, algo que en alg\u00fan momento fue beneficioso en la distribuci\u00f3n del agua y fue primitivamente la alimentaci\u00f3n de los animales que circulaban.<br \/>\nAs\u00ed lo reconoci\u00f3 y dio a conocer el concejal Christian Beals Campos, quien agreg\u00f3 que \u00aben estos momentos por el nivel cultural que tenemos, en algunos momentos es un dep\u00f3sito de basura que se acumula, es un riesgo permanente que un ni\u00f1o se caiga, as\u00ed es que lo m\u00e1s probable que presentemos un proyecto para entubar el sistema y adecuarlo con uso pr\u00e1ctico, como puede ser estacionamientos laterales en forma vertical o perpendicular que permita un estacionamiento gratuito, exento de pago, y que favorezca la integraci\u00f3n de los veh\u00edculos con la ciudad\u00bb.<br \/>\nSobre c\u00f3mo realizar esto, el concejal indic\u00f3 que \u00abhay que postular a proyectos, pero la canalizaci\u00f3n econ\u00f3micamente no es inviable y se puede ir por etapa, as\u00ed es que eso lo voy a presentar porque permanentemente mucha gente tiene el recuerdo de los canales hist\u00f3ricos, pero en realidad no los cuidan, se obstruyen, botan todo tipo de residuos, botellas, animales muertos, entonces es un peligro permanente, por eso hay que estar permanentemente limpiando\u00bb, finaliz\u00f3 el edil.<br \/>\nRecordar que muchas veces personal municipal se ha encontrado hasta con colchones al interior de los canales de regad\u00edo que hay en San Felipe.<\/p>\n<figure id=\"attachment_80107\" aria-describedby=\"caption-attachment-80107\" style=\"width: 580px\" class=\"wp-caption alignnone\"><img data-recalc-dims=\"1\" loading=\"lazy\" decoding=\"async\" class=\"size-full wp-image-80107\" src=\"https:\/\/i0.wp.com\/www.eltrabajo.cl\/2017\/wp-content\/uploads\/2017\/07\/canal.jpg?resize=580%2C349\" alt=\"Ac\u00e1 se puede apreciar que en este canal ubicado en la intersecci\u00f3n de Avenida Yungay con Merced, hay basura al interior.\" width=\"580\" height=\"349\" srcset=\"https:\/\/i0.wp.com\/eltrabajo.cl\/portal\/wp-content\/uploads\/2017\/07\/canal.jpg?w=580&amp;ssl=1 580w, https:\/\/i0.wp.com\/eltrabajo.cl\/portal\/wp-content\/uploads\/2017\/07\/canal.jpg?resize=200%2C120&amp;ssl=1 200w, https:\/\/i0.wp.com\/eltrabajo.cl\/portal\/wp-content\/uploads\/2017\/07\/canal.jpg?resize=300%2C181&amp;ssl=1 300w, https:\/\/i0.wp.com\/eltrabajo.cl\/portal\/wp-content\/uploads\/2017\/07\/canal.jpg?resize=249%2C150&amp;ssl=1 249w, https:\/\/i0.wp.com\/eltrabajo.cl\/portal\/wp-content\/uploads\/2017\/07\/canal.jpg?resize=400%2C241&amp;ssl=1 400w\" sizes=\"auto, (max-width: 580px) 100vw, 580px\" \/><figcaption id=\"caption-attachment-80107\" class=\"wp-caption-text\">Ac\u00e1 se puede apreciar que en este canal ubicado en la intersecci\u00f3n de Avenida Yungay con Merced, hay basura al interior.<\/figcaption><\/figure>\n","protected":false},"excerpt":{"rendered":"<p>Una propuesta en relaci\u00f3n a la mantenci\u00f3n de los canales que pasan por las alamedas, porque realmente en momentos se transforman en un problema para la ciudad a ra\u00edz que muchas personas&#8230;<\/p>\n","protected":false},"author":1,"featured_media":80107,"comment_status":"open","ping_status":"open","sticky":false,"template":"","format":"standard","meta":{"advanced_seo_description":"","jetpack_seo_html_title":"","jetpack_seo_noindex":false,"_jetpack_memberships_contains_paid_content":false,"footnotes":""},"categories":[1],"tags":[],"class_list":["post-80106","post","type-post","status-publish","format-standard","has-post-thumbnail","hentry","category-cronica"],"jetpack_featured_media_url":"https:\/\/i0.wp.com\/eltrabajo.cl\/portal\/wp-content\/uploads\/2017\/07\/canal.jpg?fit=580%2C349&ssl=1","jetpack_sharing_enabled":true,"jetpack_likes_enabled":true,"jetpack-related-posts":[],"_links":{"self":[{"href":"https:\/\/eltrabajo.cl\/portal\/wp-json\/wp\/v2\/posts\/80106","targetHints":{"allow":["GET"]}}],"collection":[{"href":"https:\/\/eltrabajo.cl\/portal\/wp-json\/wp\/v2\/posts"}],"about":[{"href":"https:\/\/eltrabajo.cl\/portal\/wp-json\/wp\/v2\/types\/post"}],"author":[{"embeddable":true,"href":"https:\/\/eltrabajo.cl\/portal\/wp-json\/wp\/v2\/users\/1"}],"replies":[{"embeddable":true,"href":"https:\/\/eltrabajo.cl\/portal\/wp-json\/wp\/v2\/comments?post=80106"}],"version-history":[{"count":0,"href":"https:\/\/eltrabajo.cl\/portal\/wp-json\/wp\/v2\/posts\/80106\/revisions"}],"wp:featuredmedia":[{"embeddable":true,"href":"https:\/\/eltrabajo.cl\/portal\/wp-json\/wp\/v2\/media\/80107"}],"wp:attachment":[{"href":"https:\/\/eltrabajo.cl\/portal\/wp-json\/wp\/v2\/media?parent=80106"}],"wp:term":[{"taxonomy":"category","embeddable":true,"href":"https:\/\/eltrabajo.cl\/portal\/wp-json\/wp\/v2\/categories?post=80106"},{"taxonomy":"post_tag","embeddable":true,"href":"https:\/\/eltrabajo.cl\/portal\/wp-json\/wp\/v2\/tags?post=80106"}],"curies":[{"name":"wp","href":"https:\/\/api.w.org\/{rel}","templated":true}]}}