{"id":80114,"date":"2017-07-11T06:00:18","date_gmt":"2017-07-11T10:00:18","guid":{"rendered":"http:\/\/www.eltrabajo.cl\/2017\/?p=80114"},"modified":"2017-07-11T06:00:18","modified_gmt":"2017-07-11T10:00:18","slug":"aconcaguinos-brillan-en-la-corrida-del-torreon-penitenciario-valparaiso-2017","status":"publish","type":"post","link":"https:\/\/eltrabajo.cl\/portal\/aconcaguinos-brillan-en-la-corrida-del-torreon-penitenciario-valparaiso-2017\/","title":{"rendered":"Aconcag\u00fcinos brillan en la Corrida del Torre\u00f3n Penitenciario Valpara\u00edso 2017"},"content":{"rendered":"<figure id=\"attachment_80117\" aria-describedby=\"caption-attachment-80117\" style=\"width: 580px\" class=\"wp-caption alignnone\"><img data-recalc-dims=\"1\" loading=\"lazy\" decoding=\"async\" class=\"size-full wp-image-80117\" src=\"https:\/\/i0.wp.com\/www.eltrabajo.cl\/2017\/wp-content\/uploads\/2017\/07\/Corrida2.jpg?resize=580%2C349\" alt=\"Siempre Francisca Z\u00fa\u00f1iga.- Ella fue la mejor en su categor\u00eda, ganando la 5K en Valpara\u00edso.\" width=\"580\" height=\"349\" srcset=\"https:\/\/i0.wp.com\/eltrabajo.cl\/portal\/wp-content\/uploads\/2017\/07\/Corrida2.jpg?w=580&amp;ssl=1 580w, https:\/\/i0.wp.com\/eltrabajo.cl\/portal\/wp-content\/uploads\/2017\/07\/Corrida2.jpg?resize=200%2C120&amp;ssl=1 200w, https:\/\/i0.wp.com\/eltrabajo.cl\/portal\/wp-content\/uploads\/2017\/07\/Corrida2.jpg?resize=300%2C181&amp;ssl=1 300w, https:\/\/i0.wp.com\/eltrabajo.cl\/portal\/wp-content\/uploads\/2017\/07\/Corrida2.jpg?resize=249%2C150&amp;ssl=1 249w, https:\/\/i0.wp.com\/eltrabajo.cl\/portal\/wp-content\/uploads\/2017\/07\/Corrida2.jpg?resize=400%2C241&amp;ssl=1 400w\" sizes=\"auto, (max-width: 580px) 100vw, 580px\" \/><figcaption id=\"caption-attachment-80117\" class=\"wp-caption-text\">Siempre Francisca Z\u00fa\u00f1iga.- Ella fue la mejor en su categor\u00eda, ganando la 5K en Valpara\u00edso.<\/figcaption><\/figure>\n<ul>\n<li><span style=\"color: #ff0000;\"><strong>Mientras se preparan para el Federado del 15 de julio:<\/strong><\/span><\/li>\n<\/ul>\n<p>Este domingo se realiz\u00f3 la Corrida del Torre\u00f3n Penitenciario Valpara\u00edso 2017, en la que se corrieron dos distancias de 5K y 10K, jornada que convoc\u00f3 a los mejores atletas de la V Regi\u00f3n y resto del pa\u00eds, por lo que los corredores del Aconcagua Runners tampoco pudieron faltar.<br \/>\nFue en esta corrida en la que la ya destacada atleta infantil Francisca Z\u00fa\u00f1iga conquist\u00f3 el primer lugar en los 5K, anteponi\u00e9ndose a muchos otros corredores de su categor\u00eda y edad, mientras que en la 10K llegaron en 3\u00ba y 7\u00ba lugar respectivamente Monserrat Espinoza 19 a\u00f1os y Ricardo Andrade de 24 a\u00f1os de edad.<br \/>\n\u00abFue una jornada extenuante por la elevaci\u00f3n, al llegar al final del circuito Francisca Z\u00fa\u00f1iga lleg\u00f3 en el primer lugar general en cinco kil\u00f3metros y en su categor\u00eda con un Crono de 19:38, en la distancia de 10 kil\u00f3metros Monserrat Espinoza llega en tercer lugar general con un Crono de 40:12m y en los hombres, el m\u00e1s destacado fue Ricardo Andrade, con un Crono de 36:41 en los diez kil\u00f3metros, llegando en la s\u00e9ptima posici\u00f3n, m\u00e1s que merecido, ya que fueron los mejores atletas de la regi\u00f3n, incluyendo al seleccionado ol\u00edmpico Daniel Estrada, mientras que est\u00e1 siguiente semana, el 15 de julio, tendremos torneo federado en el Estadio El\u00edas Figueroa Brander, ah\u00ed esperamos que Mart\u00edn Pav\u00e9s logre una buena carrera\u00bb, coment\u00f3 a Diario El Trabajo el director general del Club Deportivo Aconcagua Runner, David Olivares Cruz.<br \/>\n<strong>Roberto Gonz\u00e1lez Short<\/strong><\/p>\n<figure id=\"attachment_80115\" aria-describedby=\"caption-attachment-80115\" style=\"width: 579px\" class=\"wp-caption alignnone\"><img data-recalc-dims=\"1\" loading=\"lazy\" decoding=\"async\" class=\"size-full wp-image-80115\" src=\"https:\/\/i0.wp.com\/www.eltrabajo.cl\/2017\/wp-content\/uploads\/2017\/07\/Corrida_David-Olivares.jpg?resize=579%2C650\" alt=\"Director general del Club Deportivo Aconcagua Runner, David Olivares Cruz.\" width=\"579\" height=\"650\" srcset=\"https:\/\/i0.wp.com\/eltrabajo.cl\/portal\/wp-content\/uploads\/2017\/07\/Corrida_David-Olivares.jpg?w=579&amp;ssl=1 579w, https:\/\/i0.wp.com\/eltrabajo.cl\/portal\/wp-content\/uploads\/2017\/07\/Corrida_David-Olivares.jpg?resize=134%2C150&amp;ssl=1 134w, https:\/\/i0.wp.com\/eltrabajo.cl\/portal\/wp-content\/uploads\/2017\/07\/Corrida_David-Olivares.jpg?resize=267%2C300&amp;ssl=1 267w, https:\/\/i0.wp.com\/eltrabajo.cl\/portal\/wp-content\/uploads\/2017\/07\/Corrida_David-Olivares.jpg?resize=400%2C449&amp;ssl=1 400w\" sizes=\"auto, (max-width: 579px) 100vw, 579px\" \/><figcaption id=\"caption-attachment-80115\" class=\"wp-caption-text\">Director general del Club Deportivo Aconcagua Runner, David Olivares Cruz.<\/figcaption><\/figure>\n<figure id=\"attachment_80116\" aria-describedby=\"caption-attachment-80116\" style=\"width: 580px\" class=\"wp-caption alignnone\"><img data-recalc-dims=\"1\" loading=\"lazy\" decoding=\"async\" class=\"size-full wp-image-80116\" src=\"https:\/\/i0.wp.com\/www.eltrabajo.cl\/2017\/wp-content\/uploads\/2017\/07\/Corrida1.jpg?resize=580%2C350\" alt=\"NUESTROS DEPORTISTAS.- Aqu\u00ed tenemos a la comitiva deportiva del Aconcagua Runners que viaj\u00f3 a Valpara\u00edso para disputar de t\u00fa a t\u00fa con los mejores esta carrera.\" width=\"580\" height=\"350\" srcset=\"https:\/\/i0.wp.com\/eltrabajo.cl\/portal\/wp-content\/uploads\/2017\/07\/Corrida1.jpg?w=580&amp;ssl=1 580w, https:\/\/i0.wp.com\/eltrabajo.cl\/portal\/wp-content\/uploads\/2017\/07\/Corrida1.jpg?resize=200%2C121&amp;ssl=1 200w, https:\/\/i0.wp.com\/eltrabajo.cl\/portal\/wp-content\/uploads\/2017\/07\/Corrida1.jpg?resize=300%2C181&amp;ssl=1 300w, https:\/\/i0.wp.com\/eltrabajo.cl\/portal\/wp-content\/uploads\/2017\/07\/Corrida1.jpg?resize=249%2C150&amp;ssl=1 249w, https:\/\/i0.wp.com\/eltrabajo.cl\/portal\/wp-content\/uploads\/2017\/07\/Corrida1.jpg?resize=400%2C241&amp;ssl=1 400w\" sizes=\"auto, (max-width: 580px) 100vw, 580px\" \/><figcaption id=\"caption-attachment-80116\" class=\"wp-caption-text\">NUESTROS DEPORTISTAS.- Aqu\u00ed tenemos a la comitiva deportiva del Aconcagua Runners que viaj\u00f3 a Valpara\u00edso para disputar de t\u00fa a t\u00fa con los mejores esta carrera.<\/figcaption><\/figure>\n<figure id=\"attachment_80118\" aria-describedby=\"caption-attachment-80118\" style=\"width: 580px\" class=\"wp-caption alignnone\"><img data-recalc-dims=\"1\" loading=\"lazy\" decoding=\"async\" class=\"size-full wp-image-80118\" src=\"https:\/\/i0.wp.com\/www.eltrabajo.cl\/2017\/wp-content\/uploads\/2017\/07\/Corrida3.jpg?resize=580%2C348\" alt=\"IMPARABLE MONSERRAT.- Aqu\u00ed tenemos a Monserrat Espinoza, tercer lugar en la 10 K, una de las mejores de la V Regi\u00f3n.\" width=\"580\" height=\"348\" srcset=\"https:\/\/i0.wp.com\/eltrabajo.cl\/portal\/wp-content\/uploads\/2017\/07\/Corrida3.jpg?w=580&amp;ssl=1 580w, https:\/\/i0.wp.com\/eltrabajo.cl\/portal\/wp-content\/uploads\/2017\/07\/Corrida3.jpg?resize=200%2C120&amp;ssl=1 200w, https:\/\/i0.wp.com\/eltrabajo.cl\/portal\/wp-content\/uploads\/2017\/07\/Corrida3.jpg?resize=300%2C180&amp;ssl=1 300w, https:\/\/i0.wp.com\/eltrabajo.cl\/portal\/wp-content\/uploads\/2017\/07\/Corrida3.jpg?resize=250%2C150&amp;ssl=1 250w, https:\/\/i0.wp.com\/eltrabajo.cl\/portal\/wp-content\/uploads\/2017\/07\/Corrida3.jpg?resize=400%2C240&amp;ssl=1 400w\" sizes=\"auto, (max-width: 580px) 100vw, 580px\" \/><figcaption id=\"caption-attachment-80118\" class=\"wp-caption-text\">IMPARABLE MONSERRAT.- Aqu\u00ed tenemos a Monserrat Espinoza, tercer lugar en la 10 K, una de las mejores de la V Regi\u00f3n.<\/figcaption><\/figure>\n","protected":false},"excerpt":{"rendered":"<p>Mientras se preparan para el Federado del 15 de julio: Este domingo se realiz\u00f3 la Corrida del Torre\u00f3n Penitenciario Valpara\u00edso 2017, en la que se corrieron dos distancias de 5K y 10K,&#8230;<\/p>\n","protected":false},"author":1,"featured_media":80116,"comment_status":"open","ping_status":"open","sticky":false,"template":"","format":"standard","meta":{"advanced_seo_description":"","jetpack_seo_html_title":"","jetpack_seo_noindex":false,"_jetpack_memberships_contains_paid_content":false,"footnotes":""},"categories":[15],"tags":[],"class_list":["post-80114","post","type-post","status-publish","format-standard","has-post-thumbnail","hentry","category-comunidad"],"jetpack_featured_media_url":"https:\/\/i0.wp.com\/eltrabajo.cl\/portal\/wp-content\/uploads\/2017\/07\/Corrida1.jpg?fit=580%2C350&ssl=1","jetpack_sharing_enabled":true,"jetpack_likes_enabled":true,"jetpack-related-posts":[],"_links":{"self":[{"href":"https:\/\/eltrabajo.cl\/portal\/wp-json\/wp\/v2\/posts\/80114","targetHints":{"allow":["GET"]}}],"collection":[{"href":"https:\/\/eltrabajo.cl\/portal\/wp-json\/wp\/v2\/posts"}],"about":[{"href":"https:\/\/eltrabajo.cl\/portal\/wp-json\/wp\/v2\/types\/post"}],"author":[{"embeddable":true,"href":"https:\/\/eltrabajo.cl\/portal\/wp-json\/wp\/v2\/users\/1"}],"replies":[{"embeddable":true,"href":"https:\/\/eltrabajo.cl\/portal\/wp-json\/wp\/v2\/comments?post=80114"}],"version-history":[{"count":0,"href":"https:\/\/eltrabajo.cl\/portal\/wp-json\/wp\/v2\/posts\/80114\/revisions"}],"wp:featuredmedia":[{"embeddable":true,"href":"https:\/\/eltrabajo.cl\/portal\/wp-json\/wp\/v2\/media\/80116"}],"wp:attachment":[{"href":"https:\/\/eltrabajo.cl\/portal\/wp-json\/wp\/v2\/media?parent=80114"}],"wp:term":[{"taxonomy":"category","embeddable":true,"href":"https:\/\/eltrabajo.cl\/portal\/wp-json\/wp\/v2\/categories?post=80114"},{"taxonomy":"post_tag","embeddable":true,"href":"https:\/\/eltrabajo.cl\/portal\/wp-json\/wp\/v2\/tags?post=80114"}],"curies":[{"name":"wp","href":"https:\/\/api.w.org\/{rel}","templated":true}]}}