{"id":80120,"date":"2017-07-11T06:01:43","date_gmt":"2017-07-11T10:01:43","guid":{"rendered":"http:\/\/www.eltrabajo.cl\/2017\/?p=80120"},"modified":"2017-07-11T06:01:43","modified_gmt":"2017-07-11T10:01:43","slug":"todo-sobre-yoga-se-hablara-este-miercoles-en-museo-buen-pastor","status":"publish","type":"post","link":"https:\/\/eltrabajo.cl\/portal\/todo-sobre-yoga-se-hablara-este-miercoles-en-museo-buen-pastor\/","title":{"rendered":"Todo sobre Yoga se hablar\u00e1 este mi\u00e9rcoles en Museo Buen Pastor"},"content":{"rendered":"<figure id=\"attachment_80121\" aria-describedby=\"caption-attachment-80121\" style=\"width: 580px\" class=\"wp-caption alignnone\"><img data-recalc-dims=\"1\" loading=\"lazy\" decoding=\"async\" class=\"size-full wp-image-80121\" src=\"https:\/\/i0.wp.com\/www.eltrabajo.cl\/2017\/wp-content\/uploads\/2017\/07\/Yoga_Augusto-Bulnes.jpg?resize=580%2C541\" alt=\"Profesor de educaci\u00f3n f\u00edsica Augusto Bulnes.\" width=\"580\" height=\"541\" srcset=\"https:\/\/i0.wp.com\/eltrabajo.cl\/portal\/wp-content\/uploads\/2017\/07\/Yoga_Augusto-Bulnes.jpg?w=580&amp;ssl=1 580w, https:\/\/i0.wp.com\/eltrabajo.cl\/portal\/wp-content\/uploads\/2017\/07\/Yoga_Augusto-Bulnes.jpg?resize=161%2C150&amp;ssl=1 161w, https:\/\/i0.wp.com\/eltrabajo.cl\/portal\/wp-content\/uploads\/2017\/07\/Yoga_Augusto-Bulnes.jpg?resize=300%2C280&amp;ssl=1 300w, https:\/\/i0.wp.com\/eltrabajo.cl\/portal\/wp-content\/uploads\/2017\/07\/Yoga_Augusto-Bulnes.jpg?resize=400%2C373&amp;ssl=1 400w\" sizes=\"auto, (max-width: 580px) 100vw, 580px\" \/><figcaption id=\"caption-attachment-80121\" class=\"wp-caption-text\">Profesor de educaci\u00f3n f\u00edsica Augusto Bulnes.<\/figcaption><\/figure>\n<ul>\n<li><span style=\"color: #ff0000;\"><strong>A las 19:00 horas en abierto conversatorio:<\/strong><\/span><\/li>\n<\/ul>\n<p>Lunes y jueves se imparten clases de Yoga en sede de Poblaci\u00f3n La Santita. M\u00e9todo que imparte el profesional es la propuesta Rishikesh de Andr\u00e9 Van Lysebeth (fallecido en 2004), el gran impulsor del Yoga en Occidente.<br \/>\nEl profesor de educaci\u00f3n f\u00edsica Augusto Bulnes es un profesional que desde hace much\u00edsimos a\u00f1os viene practicando el Yoga como estilo de vida personal, por lo que desde hace un tiempo, bastante por cierto, decidi\u00f3 tambi\u00e9n desarrollar un m\u00e9todo de trabajo basado en la propuesta Rishikesh de Andr\u00e9 Van Lysebeth, el gran impulsor del Yoga en Occidente, m\u00e9todo que ahora Bulnes est\u00e1 impartiendo a los sanfelipe\u00f1os en talleres peri\u00f3dicos en la comuna.<br \/>\nDiario El Trabajo habl\u00f3 con este profesional para conocer c\u00f3mo nuestros lectores pueden acceder a este conocimiento ancestral, ayer lunes le visitamos en la sede vecinal de Poblaci\u00f3n La Santita.<br \/>\n\u00abEstas sesiones de Yoga las estoy impartiendo los d\u00edas lunes y jueves desde las 10:30 a las 12:00 horas aqu\u00ed en la sede, pueden participar personas de cualquier edad, son totalmente gratuitas. Hay que saber que son muchos los beneficios fisiol\u00f3gicos, mentales y espirituales los que recibimos con la pr\u00e1ctica del Yoga. Hasta el momento son 15 las personas participando en estas sesiones. Debo tambi\u00e9n explicar que mi trabajo tambi\u00e9n est\u00e1 relacionado con las asanas (posturas), mantras (sonoro) y kriyas (limpieza)\u00bb, dijo Bulnes a Diario El Trabajo.<\/p>\n<p><strong>HABLEMOS DE YOGA<\/strong><br \/>\nTambi\u00e9n para quienes est\u00e9n interesados en la parte te\u00f3rica y l\u00fadica del Yoga, ma\u00f1ana mi\u00e9rcoles este profesor estar\u00e1 impartiendo una charla educativa y conversatorio abierto sobre el Yoga, instancia en la que nuestros lectores y todos quienes asistan, podr\u00e1n consultar y ampliar sus conocimientos con este experto. Este conversatorio ser\u00e1 a las 19:00 horas en el Complejo Cultural Buen Pastor, y ser\u00e1 tambi\u00e9n gratuito. Los interesados en contactar a este profesor para recibir clases gratuitas de Yoga y unirse al grupo que ya lo hace, pueden llamarlo directamente al 981412678.<br \/>\n<strong>Roberto Gonz\u00e1lez Short<\/strong><\/p>\n<figure id=\"attachment_80122\" aria-describedby=\"caption-attachment-80122\" style=\"width: 580px\" class=\"wp-caption alignnone\"><img data-recalc-dims=\"1\" loading=\"lazy\" decoding=\"async\" class=\"size-full wp-image-80122\" src=\"https:\/\/i0.wp.com\/www.eltrabajo.cl\/2017\/wp-content\/uploads\/2017\/07\/Yoga1.jpg?resize=580%2C350\" alt=\"YOGA PARA TODOS.- Las c\u00e1maras de Diario El Trabajo muestran a varias vecinas practicando Yoga en las sesiones gratuitas que imparte el profesor Augusto Bulnes, en la sede de Poblaci\u00f3n La Santita.\" width=\"580\" height=\"350\" srcset=\"https:\/\/i0.wp.com\/eltrabajo.cl\/portal\/wp-content\/uploads\/2017\/07\/Yoga1.jpg?w=580&amp;ssl=1 580w, https:\/\/i0.wp.com\/eltrabajo.cl\/portal\/wp-content\/uploads\/2017\/07\/Yoga1.jpg?resize=200%2C121&amp;ssl=1 200w, https:\/\/i0.wp.com\/eltrabajo.cl\/portal\/wp-content\/uploads\/2017\/07\/Yoga1.jpg?resize=300%2C181&amp;ssl=1 300w, https:\/\/i0.wp.com\/eltrabajo.cl\/portal\/wp-content\/uploads\/2017\/07\/Yoga1.jpg?resize=249%2C150&amp;ssl=1 249w, https:\/\/i0.wp.com\/eltrabajo.cl\/portal\/wp-content\/uploads\/2017\/07\/Yoga1.jpg?resize=400%2C241&amp;ssl=1 400w\" sizes=\"auto, (max-width: 580px) 100vw, 580px\" \/><figcaption id=\"caption-attachment-80122\" class=\"wp-caption-text\">YOGA PARA TODOS.- Las c\u00e1maras de Diario El Trabajo muestran a varias vecinas practicando Yoga en las sesiones gratuitas que imparte el profesor Augusto Bulnes, en la sede de Poblaci\u00f3n La Santita.<\/figcaption><\/figure>\n","protected":false},"excerpt":{"rendered":"<p>A las 19:00 horas en abierto conversatorio: Lunes y jueves se imparten clases de Yoga en sede de Poblaci\u00f3n La Santita. M\u00e9todo que imparte el profesional es la propuesta Rishikesh de Andr\u00e9&#8230;<\/p>\n","protected":false},"author":1,"featured_media":80122,"comment_status":"open","ping_status":"open","sticky":false,"template":"","format":"standard","meta":{"advanced_seo_description":"","jetpack_seo_html_title":"","jetpack_seo_noindex":false,"_jetpack_memberships_contains_paid_content":false,"footnotes":""},"categories":[15],"tags":[],"class_list":["post-80120","post","type-post","status-publish","format-standard","has-post-thumbnail","hentry","category-comunidad"],"jetpack_featured_media_url":"https:\/\/i0.wp.com\/eltrabajo.cl\/portal\/wp-content\/uploads\/2017\/07\/Yoga1.jpg?fit=580%2C350&ssl=1","jetpack_sharing_enabled":true,"jetpack_likes_enabled":true,"jetpack-related-posts":[],"_links":{"self":[{"href":"https:\/\/eltrabajo.cl\/portal\/wp-json\/wp\/v2\/posts\/80120","targetHints":{"allow":["GET"]}}],"collection":[{"href":"https:\/\/eltrabajo.cl\/portal\/wp-json\/wp\/v2\/posts"}],"about":[{"href":"https:\/\/eltrabajo.cl\/portal\/wp-json\/wp\/v2\/types\/post"}],"author":[{"embeddable":true,"href":"https:\/\/eltrabajo.cl\/portal\/wp-json\/wp\/v2\/users\/1"}],"replies":[{"embeddable":true,"href":"https:\/\/eltrabajo.cl\/portal\/wp-json\/wp\/v2\/comments?post=80120"}],"version-history":[{"count":0,"href":"https:\/\/eltrabajo.cl\/portal\/wp-json\/wp\/v2\/posts\/80120\/revisions"}],"wp:featuredmedia":[{"embeddable":true,"href":"https:\/\/eltrabajo.cl\/portal\/wp-json\/wp\/v2\/media\/80122"}],"wp:attachment":[{"href":"https:\/\/eltrabajo.cl\/portal\/wp-json\/wp\/v2\/media?parent=80120"}],"wp:term":[{"taxonomy":"category","embeddable":true,"href":"https:\/\/eltrabajo.cl\/portal\/wp-json\/wp\/v2\/categories?post=80120"},{"taxonomy":"post_tag","embeddable":true,"href":"https:\/\/eltrabajo.cl\/portal\/wp-json\/wp\/v2\/tags?post=80120"}],"curies":[{"name":"wp","href":"https:\/\/api.w.org\/{rel}","templated":true}]}}