{"id":80127,"date":"2017-07-11T06:03:57","date_gmt":"2017-07-11T10:03:57","guid":{"rendered":"http:\/\/www.eltrabajo.cl\/2017\/?p=80127"},"modified":"2017-07-11T06:03:57","modified_gmt":"2017-07-11T10:03:57","slug":"parte-nuevo-servicio-de-buses-urbanos-en-santa-maria-putaendo-y-san-felipe","status":"publish","type":"post","link":"https:\/\/eltrabajo.cl\/portal\/parte-nuevo-servicio-de-buses-urbanos-en-santa-maria-putaendo-y-san-felipe\/","title":{"rendered":"Parte nuevo servicio de buses urbanos en Santa Mar\u00eda, Putaendo y San Felipe"},"content":{"rendered":"<figure id=\"attachment_80128\" aria-describedby=\"caption-attachment-80128\" style=\"width: 580px\" class=\"wp-caption alignnone\"><img data-recalc-dims=\"1\" loading=\"lazy\" decoding=\"async\" class=\"size-full wp-image-80128\" src=\"https:\/\/i0.wp.com\/www.eltrabajo.cl\/2017\/wp-content\/uploads\/2017\/07\/SeremiTT-Mauricio-Candia..jpg?resize=580%2C349\" alt=\"Seremi de Transportes Mauricio Candia.\" width=\"580\" height=\"349\" srcset=\"https:\/\/i0.wp.com\/eltrabajo.cl\/portal\/wp-content\/uploads\/2017\/07\/SeremiTT-Mauricio-Candia..jpg?w=580&amp;ssl=1 580w, https:\/\/i0.wp.com\/eltrabajo.cl\/portal\/wp-content\/uploads\/2017\/07\/SeremiTT-Mauricio-Candia..jpg?resize=200%2C120&amp;ssl=1 200w, https:\/\/i0.wp.com\/eltrabajo.cl\/portal\/wp-content\/uploads\/2017\/07\/SeremiTT-Mauricio-Candia..jpg?resize=300%2C181&amp;ssl=1 300w, https:\/\/i0.wp.com\/eltrabajo.cl\/portal\/wp-content\/uploads\/2017\/07\/SeremiTT-Mauricio-Candia..jpg?resize=249%2C150&amp;ssl=1 249w, https:\/\/i0.wp.com\/eltrabajo.cl\/portal\/wp-content\/uploads\/2017\/07\/SeremiTT-Mauricio-Candia..jpg?resize=400%2C241&amp;ssl=1 400w\" sizes=\"auto, (max-width: 580px) 100vw, 580px\" \/><figcaption id=\"caption-attachment-80128\" class=\"wp-caption-text\">Seremi de Transportes Mauricio Candia.<\/figcaption><\/figure>\n<ul>\n<li><span style=\"color: #ff0000;\"><strong>Puma y Vera Arcos inscriben nuevos recorridos:<\/strong><\/span><\/li>\n<\/ul>\n<p>A partir del 1 de agosto se dar\u00e1 inicio a los nuevos recorridos urbanos por parte de las empresas Buses Puma y Vera Arcos, los que estar\u00e1n cubriendo las comunas de San Felipe, Putaendo y Santa Mar\u00eda que para estos efectos funcionar\u00e1n como una sola ciudad.<br \/>\nAs\u00ed lo inform\u00f3 el Seremi de Transportes Mauricio Candia, quien destac\u00f3 que este nuevo servicio urbano que comienza \u201crecoge el trazado actual de locomoci\u00f3n colectiva rural y asume diversos cambios de la poblaci\u00f3n, de forma de tener nuevos ruteos que vayan respondiendo a las necesidades ciudadanas. Los servicios urbanos pueden circular por toda la ciudad libremente, a diferencia de los servicios rurales que est\u00e1n fijos, los servicios urbanos perfectamente pueden meterse a las distintas poblaciones en este caso de San Felipe, Santa Mar\u00eda y Putaendo que conforman un solo conglomerado urbano, es decir una sola gran ciudad\u201d.<br \/>\nSeg\u00fan explic\u00f3 Candia, el decreto que autoriza esta inscripci\u00f3n de nuevos recorridos urbanos a estas empresas con servicios rurales, \u201cpermite que los servicios urbanos tengan viabilidad econ\u00f3mica, porque no sac\u00e1bamos nada con transformar solo la comuna de San Felipe como urbano, necesitamos otras comunas para generar mayor poblaci\u00f3n, sobre 100 mil habitantes, donde ya es rentable\u201d.<br \/>\nCabe destacar que seg\u00fan lo se\u00f1ala Candia, estos servicios que est\u00e1n recogiendo las demandas de los vecinos de Las Acacias y El Se\u00f1orial, tambi\u00e9n estar\u00e1n disponibles para otros sectores que lo soliciten. Para ello los dirigentes vecinales deber\u00e1n reunirse con el Director de Tr\u00e1nsito de su municipio, pues de ahora en adelante ser\u00e1n las municipalidades las que van a definir los recorridos, pues ya no depender\u00e1 de la Seremi.<br \/>\n\u201cCon el paso del tiempo -a\u00f1adi\u00f3 Candia- vamos a ir sacando los servicios rurales y dej\u00e1ndolos m\u00e1s lejos de los sectores urbanos, porque los sectores urbanos son para los servicios urbanos, y as\u00ed aseguramos la sustentabilidad econ\u00f3mica de estos servicios, que es lo deseable en materia de transporte p\u00fablico, donde primero debemos potenciar el rol del bus sobre el veh\u00edculo particular, segundo que los buses tengan calles importantes en las ciudades para que puedan circular sin dificultad\u201d.<br \/>\nFinalmente el Seremi de Transportes record\u00f3 el conflicto que desat\u00f3 esta iniciativa, se\u00f1alando que \u201cen alg\u00fan momento se gener\u00f3 una confusi\u00f3n artificial, y por lo tanto hemos querido ir paso a paso para que se entienda (&#8230;). Aqu\u00ed no estamos por defender los intereses de un sector, estamos porque los vecinos tengan transporte p\u00fablico, y pensamos que la llegada de la micro al sector de Las Acacias que ha crecido mucho, lo mismo El Se\u00f1orial, va a responder a la demanda ciudadana de locomoci\u00f3n colectiva\u201d.<br \/>\nLos recorridos ya fueron inscritos por las dos empresas, con frecuencias m\u00ednimas de cuatro buses por hora como m\u00ednimo en horarios punta, y tres buses m\u00ednimo en los horarios valle.<\/p>\n","protected":false},"excerpt":{"rendered":"<p>Puma y Vera Arcos inscriben nuevos recorridos: A partir del 1 de agosto se dar\u00e1 inicio a los nuevos recorridos urbanos por parte de las empresas Buses Puma y Vera Arcos, los&#8230;<\/p>\n","protected":false},"author":1,"featured_media":80128,"comment_status":"open","ping_status":"open","sticky":false,"template":"","format":"standard","meta":{"advanced_seo_description":"","jetpack_seo_html_title":"","jetpack_seo_noindex":false,"_jetpack_memberships_contains_paid_content":false,"footnotes":""},"categories":[1],"tags":[],"class_list":["post-80127","post","type-post","status-publish","format-standard","has-post-thumbnail","hentry","category-cronica"],"jetpack_featured_media_url":"https:\/\/i0.wp.com\/eltrabajo.cl\/portal\/wp-content\/uploads\/2017\/07\/SeremiTT-Mauricio-Candia..jpg?fit=580%2C349&ssl=1","jetpack_sharing_enabled":true,"jetpack_likes_enabled":true,"jetpack-related-posts":[],"_links":{"self":[{"href":"https:\/\/eltrabajo.cl\/portal\/wp-json\/wp\/v2\/posts\/80127","targetHints":{"allow":["GET"]}}],"collection":[{"href":"https:\/\/eltrabajo.cl\/portal\/wp-json\/wp\/v2\/posts"}],"about":[{"href":"https:\/\/eltrabajo.cl\/portal\/wp-json\/wp\/v2\/types\/post"}],"author":[{"embeddable":true,"href":"https:\/\/eltrabajo.cl\/portal\/wp-json\/wp\/v2\/users\/1"}],"replies":[{"embeddable":true,"href":"https:\/\/eltrabajo.cl\/portal\/wp-json\/wp\/v2\/comments?post=80127"}],"version-history":[{"count":0,"href":"https:\/\/eltrabajo.cl\/portal\/wp-json\/wp\/v2\/posts\/80127\/revisions"}],"wp:featuredmedia":[{"embeddable":true,"href":"https:\/\/eltrabajo.cl\/portal\/wp-json\/wp\/v2\/media\/80128"}],"wp:attachment":[{"href":"https:\/\/eltrabajo.cl\/portal\/wp-json\/wp\/v2\/media?parent=80127"}],"wp:term":[{"taxonomy":"category","embeddable":true,"href":"https:\/\/eltrabajo.cl\/portal\/wp-json\/wp\/v2\/categories?post=80127"},{"taxonomy":"post_tag","embeddable":true,"href":"https:\/\/eltrabajo.cl\/portal\/wp-json\/wp\/v2\/tags?post=80127"}],"curies":[{"name":"wp","href":"https:\/\/api.w.org\/{rel}","templated":true}]}}