{"id":80138,"date":"2017-07-11T06:05:34","date_gmt":"2017-07-11T10:05:34","guid":{"rendered":"http:\/\/www.eltrabajo.cl\/2017\/?p=80138"},"modified":"2017-07-11T06:05:34","modified_gmt":"2017-07-11T10:05:34","slug":"corte-suprema-confirma-negligencia-en-muerte-de-dirigenta-de-curimon","status":"publish","type":"post","link":"https:\/\/eltrabajo.cl\/portal\/corte-suprema-confirma-negligencia-en-muerte-de-dirigenta-de-curimon\/","title":{"rendered":"Corte Suprema confirma negligencia en muerte de dirigenta de Curim\u00f3n"},"content":{"rendered":"<figure id=\"attachment_80140\" aria-describedby=\"caption-attachment-80140\" style=\"width: 580px\" class=\"wp-caption alignnone\"><img data-recalc-dims=\"1\" loading=\"lazy\" decoding=\"async\" class=\"size-full wp-image-80140\" src=\"https:\/\/i0.wp.com\/www.eltrabajo.cl\/2017\/wp-content\/uploads\/2017\/07\/juan-carvacho-abogado.jpg?resize=580%2C347\" alt=\"Juan Carvacho Fajardo, abogado familia Jessica Estay.\" width=\"580\" height=\"347\" srcset=\"https:\/\/i0.wp.com\/eltrabajo.cl\/portal\/wp-content\/uploads\/2017\/07\/juan-carvacho-abogado.jpg?w=580&amp;ssl=1 580w, https:\/\/i0.wp.com\/eltrabajo.cl\/portal\/wp-content\/uploads\/2017\/07\/juan-carvacho-abogado.jpg?resize=200%2C120&amp;ssl=1 200w, https:\/\/i0.wp.com\/eltrabajo.cl\/portal\/wp-content\/uploads\/2017\/07\/juan-carvacho-abogado.jpg?resize=300%2C179&amp;ssl=1 300w, https:\/\/i0.wp.com\/eltrabajo.cl\/portal\/wp-content\/uploads\/2017\/07\/juan-carvacho-abogado.jpg?resize=251%2C150&amp;ssl=1 251w, https:\/\/i0.wp.com\/eltrabajo.cl\/portal\/wp-content\/uploads\/2017\/07\/juan-carvacho-abogado.jpg?resize=400%2C239&amp;ssl=1 400w\" sizes=\"auto, (max-width: 580px) 100vw, 580px\" \/><figcaption id=\"caption-attachment-80140\" class=\"wp-caption-text\">Juan Carvacho Fajardo, abogado familia Jessica Estay.<\/figcaption><\/figure>\n<ul>\n<li><span style=\"color: #ff0000;\"><strong>Familiares recibir\u00e1n millonaria indemnizaci\u00f3n:<\/strong><\/span><\/li>\n<\/ul>\n<p>La Corte Suprema sentenci\u00f3 a la Municipalidad de San Felipe junto con el Servicio de Salud Aconcagua, al pago de una indemnizaci\u00f3n de 100 millones de pesos por la muerte de la conocida dirigente de Curim\u00f3n Jessica Estay Godoy, ocurrida el d\u00eda 14 de junio del a\u00f1o 2014 a eso de las 13:00 en la UCI del Hospital San Camilo de San Felipe.<br \/>\nLo anterior debido a que los Ministros llegaron al convencimiento que tanto personal del Cesfam de Curim\u00f3n como del Hospital San Camilo, actuaron negligentemente, acci\u00f3n que provoc\u00f3 la muerte de la mujer.<br \/>\nLa informaci\u00f3n fue entregada y confirmada a Radio Aconcagua por el abogado de la familia, Juan Carvacho Fajardo, quien reiter\u00f3 que el juicio fue por negligencia m\u00e9dica, seguido en contra del Servicio de Salud de Aconcagua y la Municipalidad de San Felipe.<br \/>\nExplic\u00f3 que fue contra la Municipalidad de San Felipe porque parte de los hechos ocurrieron en el Cesfam de Curim\u00f3n, y en contra del Servicio de Salud de Aconcagua porque la otra parte de los hechos ocurrieron en el Hospital San Camilo.<br \/>\n\u201cEl tema fue que esta dama que falleci\u00f3, fue atendida en el Cesfam con el objeto de hacerse un examen, para lo cual tuvo que ingerir una cantidad de glucosa. Esa glucosa al ser ingerida, le provoc\u00f3 a la occisa un problema de alergia y esta alergia muy fuerte nunca fue detectada, ni por funcionarios del Cesfam ni del Hospital San Camilo, donde finalmente y a consecuencia de ello falleci\u00f3, porque nunca se le trat\u00f3 esa alergia; s\u00ed se le ayud\u00f3 de otras maneras, pero el diagn\u00f3stico nunca fue de que esta era una reacci\u00f3n al\u00e9rgica la que ella hab\u00eda sufrido\u201d, indic\u00f3 el abogado.<br \/>\nLa primera demanda fue presentada en el Juzgado de Letras de San Felipe, donde en primera instancia perdieron el juicio. Lo mismo sucedi\u00f3 en la Corte de Apelaciones de Valpara\u00edso, porque estos tribunales estimaron que tanto los funcionarios del Cesfam de Curim\u00f3n como del Hospital San Camilo, hab\u00edan hecho todo lo posible, no obstante ello hab\u00eda fallecido la mujer.<br \/>\n\u201cSin embargo la Corte Suprema opin\u00f3 distinto, dict\u00f3 un fallo muy contundente y acogi\u00f3 plenamente lo que acabo de manifestar, en el sentido que lo que sucedi\u00f3 fue una reacci\u00f3n al\u00e9rgica que no fue detectada por absolutamente nadie y la persona falleci\u00f3 a la vista y paciencia de todos\u201d, dijo el abogado.<br \/>\n<strong>&#8211; Al no ser detectada la reacci\u00f3n al\u00e9rgica, \u00bfah\u00ed se produce la negligencia m\u00e9dica?<\/strong><br \/>\n&#8211; Por cierto, si usted no detecta cu\u00e1l es la enfermedad, adem\u00e1s trat\u00e1ndose de una patolog\u00eda como es lo habitual, puede ser la picaz\u00f3n de una abeja, puede desatar un cuadro anafilaxia que es precisamente una reacci\u00f3n al\u00e9rgica y si no se trata llega la muerte que fue lo sucedido a esta dama.<br \/>\nReiter\u00f3 que el fallo de la Corte Suprema fue contundente porque anul\u00f3 los otros dos fallos en contra, tanto del Juzgado de Letras de San Felipe como de la Corte de Apelaciones, dictando una sentencia de reemplazo.<br \/>\n<strong>&#8211; \u00bfQu\u00e9 se viene ahora abogado? <\/strong><br \/>\n&#8211; Ahora el juicio regresa de la Suprema a la Corte de Apelaciones, de ah\u00ed al Juzgado de San Felipe y ah\u00ed se inicia la fase ejecutiva de cobranza de la indemnizaci\u00f3n fijada por la Suprema, que en este caso es de cien millones de pesos.<br \/>\nEl abogado representa en este caso a los padres y hermanas de Jessica Estay Godoy.<br \/>\nEl objetivo de las indemnizaciones es paliar un poco el dolor sufrido en este caso por la familia de Jessica.<br \/>\nEl abogado record\u00f3 que el cuerpo de la mujer tuvo que ser retirado de su velatorio para llevarla al SML y realizar la autopsia para saber la causa de su muerte: \u201cFue un caso que en su momento caus\u00f3 notoriedad p\u00fablica, hubo medios interesados en esta situaci\u00f3n porque era gente conocida en el sector de Curim\u00f3n y bueno sucedi\u00f3 algo extraordinario como que vaya alguien\u2026 entre caminando, se tome un vaso de glucosa y a los dos o tres d\u00edas salga muerto\u201d, finaliz\u00f3 el abogado.<\/p>\n<p><span style=\"color: #ff0000;\"><strong>REACCIONES DE LA FAMILIA<\/strong><\/span><br \/>\nLa familia en conversaci\u00f3n con Radio Aconcagua dijo que \u201cvali\u00f3 la pena porque estamos con la conformidad que pudimos hacer justicia, para nosotros fueron cuatro a\u00f1os de un calvario terrible, sin saber qu\u00e9 iba a ocurrir, y hoy puedo decir con satisfacci\u00f3n: le ganamos\u2026 gan\u00f3 la verdad, nos quedamos con la sensaci\u00f3n que los d\u00e9biles le podemos ganar a los poderosos, porque yo digo le ganamos en s\u00ed a la corrupci\u00f3n, porque muchas veces se cuestion\u00f3 de que nosotros hac\u00edamos esc\u00e1ndalo, nosotros nunca hicimos un esc\u00e1ndalo\u2026 nosotros lo que busc\u00e1bamos era justicia\u2026 aunque nos hayan dado un peso o un mill\u00f3n de pesos, nada nos devuelve a nuestra mam\u00e1, nada me va a devolver lo \u00fanico que yo ten\u00eda en ese momento\u201d, dijo una de las hija de Jessica.<br \/>\nRecordar que el municipio de San Felipe realiz\u00f3 un sumario donde no hubo responsabilidad alguna y el caso fue sobrese\u00eddo.<\/p>\n<figure id=\"attachment_80139\" aria-describedby=\"caption-attachment-80139\" style=\"width: 580px\" class=\"wp-caption alignnone\"><img data-recalc-dims=\"1\" loading=\"lazy\" decoding=\"async\" class=\"size-full wp-image-80139\" src=\"https:\/\/i0.wp.com\/www.eltrabajo.cl\/2017\/wp-content\/uploads\/2017\/07\/jesica-estay-.jpg?resize=580%2C347\" alt=\"Jessica Estay Godoy, la mujer que muri\u00f3 por negligencia m\u00e9dica de acuerdo a lo establecido por la Corte Suprema\" width=\"580\" height=\"347\" srcset=\"https:\/\/i0.wp.com\/eltrabajo.cl\/portal\/wp-content\/uploads\/2017\/07\/jesica-estay-.jpg?w=580&amp;ssl=1 580w, https:\/\/i0.wp.com\/eltrabajo.cl\/portal\/wp-content\/uploads\/2017\/07\/jesica-estay-.jpg?resize=200%2C120&amp;ssl=1 200w, https:\/\/i0.wp.com\/eltrabajo.cl\/portal\/wp-content\/uploads\/2017\/07\/jesica-estay-.jpg?resize=300%2C179&amp;ssl=1 300w, https:\/\/i0.wp.com\/eltrabajo.cl\/portal\/wp-content\/uploads\/2017\/07\/jesica-estay-.jpg?resize=251%2C150&amp;ssl=1 251w, https:\/\/i0.wp.com\/eltrabajo.cl\/portal\/wp-content\/uploads\/2017\/07\/jesica-estay-.jpg?resize=400%2C239&amp;ssl=1 400w\" sizes=\"auto, (max-width: 580px) 100vw, 580px\" \/><figcaption id=\"caption-attachment-80139\" class=\"wp-caption-text\">Jessica Estay Godoy, la mujer que muri\u00f3 por negligencia m\u00e9dica de acuerdo a lo establecido por la Corte Suprema<\/figcaption><\/figure>\n","protected":false},"excerpt":{"rendered":"<p>Familiares recibir\u00e1n millonaria indemnizaci\u00f3n: La Corte Suprema sentenci\u00f3 a la Municipalidad de San Felipe junto con el Servicio de Salud Aconcagua, al pago de una indemnizaci\u00f3n de 100 millones de pesos por&#8230;<\/p>\n","protected":false},"author":1,"featured_media":80139,"comment_status":"open","ping_status":"open","sticky":false,"template":"","format":"standard","meta":{"advanced_seo_description":"","jetpack_seo_html_title":"","jetpack_seo_noindex":false,"_jetpack_memberships_contains_paid_content":false,"footnotes":""},"categories":[1],"tags":[],"class_list":["post-80138","post","type-post","status-publish","format-standard","has-post-thumbnail","hentry","category-cronica"],"jetpack_featured_media_url":"https:\/\/i0.wp.com\/eltrabajo.cl\/portal\/wp-content\/uploads\/2017\/07\/jesica-estay-.jpg?fit=580%2C347&ssl=1","jetpack_sharing_enabled":true,"jetpack_likes_enabled":true,"jetpack-related-posts":[],"_links":{"self":[{"href":"https:\/\/eltrabajo.cl\/portal\/wp-json\/wp\/v2\/posts\/80138","targetHints":{"allow":["GET"]}}],"collection":[{"href":"https:\/\/eltrabajo.cl\/portal\/wp-json\/wp\/v2\/posts"}],"about":[{"href":"https:\/\/eltrabajo.cl\/portal\/wp-json\/wp\/v2\/types\/post"}],"author":[{"embeddable":true,"href":"https:\/\/eltrabajo.cl\/portal\/wp-json\/wp\/v2\/users\/1"}],"replies":[{"embeddable":true,"href":"https:\/\/eltrabajo.cl\/portal\/wp-json\/wp\/v2\/comments?post=80138"}],"version-history":[{"count":0,"href":"https:\/\/eltrabajo.cl\/portal\/wp-json\/wp\/v2\/posts\/80138\/revisions"}],"wp:featuredmedia":[{"embeddable":true,"href":"https:\/\/eltrabajo.cl\/portal\/wp-json\/wp\/v2\/media\/80139"}],"wp:attachment":[{"href":"https:\/\/eltrabajo.cl\/portal\/wp-json\/wp\/v2\/media?parent=80138"}],"wp:term":[{"taxonomy":"category","embeddable":true,"href":"https:\/\/eltrabajo.cl\/portal\/wp-json\/wp\/v2\/categories?post=80138"},{"taxonomy":"post_tag","embeddable":true,"href":"https:\/\/eltrabajo.cl\/portal\/wp-json\/wp\/v2\/tags?post=80138"}],"curies":[{"name":"wp","href":"https:\/\/api.w.org\/{rel}","templated":true}]}}