{"id":80146,"date":"2017-07-12T06:00:31","date_gmt":"2017-07-12T10:00:31","guid":{"rendered":"http:\/\/www.eltrabajo.cl\/2017\/?p=80146"},"modified":"2017-07-12T06:00:31","modified_gmt":"2017-07-12T10:00:31","slug":"vecino-de-las-acacias-y-el-senorial-felices-con-nuevos-recorridos-de-microbuses","status":"publish","type":"post","link":"https:\/\/eltrabajo.cl\/portal\/vecino-de-las-acacias-y-el-senorial-felices-con-nuevos-recorridos-de-microbuses\/","title":{"rendered":"Vecino de Las Acacias y El Se\u00f1orial felices con nuevos recorridos de microbuses"},"content":{"rendered":"<figure id=\"attachment_80147\" aria-describedby=\"caption-attachment-80147\" style=\"width: 580px\" class=\"wp-caption alignnone\"><img data-recalc-dims=\"1\" loading=\"lazy\" decoding=\"async\" class=\"size-full wp-image-80147\" src=\"https:\/\/i0.wp.com\/www.eltrabajo.cl\/2017\/wp-content\/uploads\/2017\/07\/Erika-Alvarez-jessica-leiva.jpg?resize=580%2C349\" alt=\"\u00c9rika \u00c1lvarez y Jessica Leiva, presidentas de las juntas de vecinos de las villas El Se\u00f1orial y Las Acacias, respectivamente.\" width=\"580\" height=\"349\" srcset=\"https:\/\/i0.wp.com\/eltrabajo.cl\/portal\/wp-content\/uploads\/2017\/07\/Erika-Alvarez-jessica-leiva.jpg?w=580&amp;ssl=1 580w, https:\/\/i0.wp.com\/eltrabajo.cl\/portal\/wp-content\/uploads\/2017\/07\/Erika-Alvarez-jessica-leiva.jpg?resize=200%2C120&amp;ssl=1 200w, https:\/\/i0.wp.com\/eltrabajo.cl\/portal\/wp-content\/uploads\/2017\/07\/Erika-Alvarez-jessica-leiva.jpg?resize=300%2C181&amp;ssl=1 300w, https:\/\/i0.wp.com\/eltrabajo.cl\/portal\/wp-content\/uploads\/2017\/07\/Erika-Alvarez-jessica-leiva.jpg?resize=249%2C150&amp;ssl=1 249w, https:\/\/i0.wp.com\/eltrabajo.cl\/portal\/wp-content\/uploads\/2017\/07\/Erika-Alvarez-jessica-leiva.jpg?resize=400%2C241&amp;ssl=1 400w\" sizes=\"auto, (max-width: 580px) 100vw, 580px\" \/><figcaption id=\"caption-attachment-80147\" class=\"wp-caption-text\">\u00c9rika \u00c1lvarez y Jessica Leiva, presidentas de las juntas de vecinos de las villas El Se\u00f1orial y Las Acacias, respectivamente.<\/figcaption><\/figure>\n<ul>\n<li><strong><span style=\"color: #ff0000;\">Ambos sectores contar\u00e1n con locomoci\u00f3n colectiva mayor desde el 1 de agosto:\u00a0<\/span>Micros que vienen desde Putaendo ingresar\u00e1n a San Felipe por Hermanos Carrera y por la intersecci\u00f3n de Enc\u00f3n con Santa Teresa, continuar\u00e1n su ruta por Abd\u00f3n Cifuentes (Pobl. Santa Br\u00edgida), Hermanos Carrera Norte, y seguir\u00e1n por Sargento Aldea hacia el centro. En el Se\u00f1orial, ingresar\u00e1n por Orompello Serrano, tomando Isaura Beltr\u00e1n, hasta Julio Montero y bajando de oriente a poniente por Michimalongo, Comerciante Camilo Leiva (Villa El Carmen), Nicol\u00e1s Maruri (Villa El Carmen), 12 de Febrero (Falabella) y Avenida Yungay.<\/strong><\/li>\n<\/ul>\n<p>Felices se mostraron las presidentas de las Juntas de Vecinos de la Poblaci\u00f3n El Se\u00f1orial y Villa Las Acacias, \u00c9rika \u00c1lvarez y Jessica Leiva, respectivamente, luego que se confirmara por parte del Seremi de Transportes de Valpara\u00edso, Mauricio Candia, la implementaci\u00f3n definitiva del nuevo recorrido que a partir del pr\u00f3ximo 1 de agosto realizar\u00e1 Buses Puma en la comuna de San Felipe, hecho del cual informamos en nuestra edici\u00f3n de ayer.<br \/>\nLa buena noticia para las dirigentes vecinales, radica principalmente en que desde hace m\u00e1s de un a\u00f1o que se encuentran realizando los tr\u00e1mites necesarios para que sus sectores cuenten con una alternativa de traslado a la existente actualmente y que se reduce a los taxis colectivos.<br \/>\n\u00abLlevamos muchos a\u00f1os de trabajo para llegar a conseguir esto, afortunadamente ya es una realidad y no hay nada que lo cambie. Nosotros actuamos como voceras de nuestros vecinos, era una inquietud de ellos, tener buses, se luch\u00f3 por eso, as\u00ed que no queda m\u00e1s que agradecer al Gobernador Eduardo Le\u00f3n, al alcalde Patricio Freire y al Seremi Mauricio Candia\u00bb, sostuvo Jessica Leiva.<br \/>\nEl nuevo recorrido que trazar\u00e1n las micros que vienen desde Putaendo, alternar\u00e1n su ingreso a San Felipe, una por Santa Teresa y otra por Hermanos Carrera. En el caso de los buses que ingresan por Villa Las Acacias, continuar\u00e1n su ruta por Abd\u00f3n Cifuentes (Pobl. Santa Br\u00edgida), Hermanos Carrera Norte, Sargento Aldea, Maip\u00fa, Merced, Yungay, 12 de Febrero (Falabella), Nicol\u00e1s Maruri (Villa El Carmen), Comerciante Camilo Leiva (Villa El Carmen), Michimalongo (Hacia Villa El Descanso), Cherc\u00e1n Tapia, Avda. Miraflores y Yungay.<br \/>\nRespecto del impacto que generar\u00e1 este cambio para su sector, Leiva argument\u00f3 que \u00abeste es un gran avance para nuestros vecinos\u2026 en las ma\u00f1anas es un caos para poder tomar locomoci\u00f3n en las horas peak, ellos nos dieron como soluci\u00f3n pasar cada 5 minutos por la avenida Santa Teresa, intercalando el recorrido con Hermanos Carrera y en las horas peak para ellos era inc\u00f3modo porque ten\u00edan que cruzar hasta Hermanos Carrera para tomar micro, si es que encontraban pasaje\u00bb, detall\u00f3.<br \/>\nEn el Caso de Poblaci\u00f3n El Se\u00f1orial, Buses Puma ingresar\u00e1 desde calle Tocornal por Orompello Serrano, tomando Isaura Beltr\u00e1n hasta Julio Montero y bajando de oriente a poniente por Michimalongo, Comerciante Camilo Leiva (Villa El Carmen), Nicol\u00e1s Maruri (Villa El Carmen), 12 de Febrero (Falabella) y Avenida Yungay.<br \/>\n\u00abFueron casi cinco a\u00f1os que llevamos luchando por reponer lo que alguna vez se tuvo, tuvimos micros, pero de repente desaparecieron, no s\u00e9 qu\u00e9 pas\u00f3 ah\u00ed. Ha sido un largo tr\u00e1mite, harto tiempo, juntamos firmas porque los vecinos quer\u00edan que pasara la micro por Julio Montero, finalmente se lleg\u00f3 a buen puerto y el Seremi nos dio la noticia de que los recorridos est\u00e1n definidos\u00bb, expuso \u00c9rika \u00c1lvarez.<br \/>\nSeg\u00fan la presidenta de El Se\u00f1orial, \u00abesto se puede perfeccionar, quiz\u00e1s agregar algunos sectores que faltan, pero eso se tiene que gestionar desde la junta de vecinos interesada, con el Director de Tr\u00e1nsito y la empresa Puma o Vera Arcos\u00bb, concluy\u00f3.<\/p>\n","protected":false},"excerpt":{"rendered":"<p>Ambos sectores contar\u00e1n con locomoci\u00f3n colectiva mayor desde el 1 de agosto:\u00a0Micros que vienen desde Putaendo ingresar\u00e1n a San Felipe por Hermanos Carrera y por la intersecci\u00f3n de Enc\u00f3n con Santa Teresa,&#8230;<\/p>\n","protected":false},"author":1,"featured_media":80147,"comment_status":"open","ping_status":"open","sticky":false,"template":"","format":"standard","meta":{"advanced_seo_description":"","jetpack_seo_html_title":"","jetpack_seo_noindex":false,"_jetpack_memberships_contains_paid_content":false,"footnotes":""},"categories":[15],"tags":[],"class_list":["post-80146","post","type-post","status-publish","format-standard","has-post-thumbnail","hentry","category-comunidad"],"jetpack_featured_media_url":"https:\/\/i0.wp.com\/eltrabajo.cl\/portal\/wp-content\/uploads\/2017\/07\/Erika-Alvarez-jessica-leiva.jpg?fit=580%2C349&ssl=1","jetpack_sharing_enabled":true,"jetpack_likes_enabled":true,"jetpack-related-posts":[],"_links":{"self":[{"href":"https:\/\/eltrabajo.cl\/portal\/wp-json\/wp\/v2\/posts\/80146","targetHints":{"allow":["GET"]}}],"collection":[{"href":"https:\/\/eltrabajo.cl\/portal\/wp-json\/wp\/v2\/posts"}],"about":[{"href":"https:\/\/eltrabajo.cl\/portal\/wp-json\/wp\/v2\/types\/post"}],"author":[{"embeddable":true,"href":"https:\/\/eltrabajo.cl\/portal\/wp-json\/wp\/v2\/users\/1"}],"replies":[{"embeddable":true,"href":"https:\/\/eltrabajo.cl\/portal\/wp-json\/wp\/v2\/comments?post=80146"}],"version-history":[{"count":0,"href":"https:\/\/eltrabajo.cl\/portal\/wp-json\/wp\/v2\/posts\/80146\/revisions"}],"wp:featuredmedia":[{"embeddable":true,"href":"https:\/\/eltrabajo.cl\/portal\/wp-json\/wp\/v2\/media\/80147"}],"wp:attachment":[{"href":"https:\/\/eltrabajo.cl\/portal\/wp-json\/wp\/v2\/media?parent=80146"}],"wp:term":[{"taxonomy":"category","embeddable":true,"href":"https:\/\/eltrabajo.cl\/portal\/wp-json\/wp\/v2\/categories?post=80146"},{"taxonomy":"post_tag","embeddable":true,"href":"https:\/\/eltrabajo.cl\/portal\/wp-json\/wp\/v2\/tags?post=80146"}],"curies":[{"name":"wp","href":"https:\/\/api.w.org\/{rel}","templated":true}]}}