{"id":80149,"date":"2017-07-12T06:01:59","date_gmt":"2017-07-12T10:01:59","guid":{"rendered":"http:\/\/www.eltrabajo.cl\/2017\/?p=80149"},"modified":"2017-07-12T06:01:59","modified_gmt":"2017-07-12T10:01:59","slug":"nueva-base-samu-en-catemu-cambiara-y-salvara-la-vida-de-muchos-vecinos","status":"publish","type":"post","link":"https:\/\/eltrabajo.cl\/portal\/nueva-base-samu-en-catemu-cambiara-y-salvara-la-vida-de-muchos-vecinos\/","title":{"rendered":"Nueva Base Samu en Catemu cambiar\u00e1 y salvar\u00e1 la vida de muchos vecinos"},"content":{"rendered":"<figure id=\"attachment_80151\" aria-describedby=\"caption-attachment-80151\" style=\"width: 580px\" class=\"wp-caption alignnone\"><img data-recalc-dims=\"1\" loading=\"lazy\" decoding=\"async\" class=\"size-full wp-image-80151\" src=\"https:\/\/i0.wp.com\/www.eltrabajo.cl\/2017\/wp-content\/uploads\/2017\/07\/base-samu-catemu-3.jpg?resize=580%2C348\" alt=\"Autoridades presentes en el tradicional corte de cinta que dio por inaugurada la nueva base Samu, un important\u00edsimo adelanto en materia de oportunidad de atenci\u00f3n para la comunidad de Catemu.\" width=\"580\" height=\"348\" srcset=\"https:\/\/i0.wp.com\/eltrabajo.cl\/portal\/wp-content\/uploads\/2017\/07\/base-samu-catemu-3.jpg?w=580&amp;ssl=1 580w, https:\/\/i0.wp.com\/eltrabajo.cl\/portal\/wp-content\/uploads\/2017\/07\/base-samu-catemu-3.jpg?resize=200%2C120&amp;ssl=1 200w, https:\/\/i0.wp.com\/eltrabajo.cl\/portal\/wp-content\/uploads\/2017\/07\/base-samu-catemu-3.jpg?resize=300%2C180&amp;ssl=1 300w, https:\/\/i0.wp.com\/eltrabajo.cl\/portal\/wp-content\/uploads\/2017\/07\/base-samu-catemu-3.jpg?resize=250%2C150&amp;ssl=1 250w, https:\/\/i0.wp.com\/eltrabajo.cl\/portal\/wp-content\/uploads\/2017\/07\/base-samu-catemu-3.jpg?resize=400%2C240&amp;ssl=1 400w\" sizes=\"auto, (max-width: 580px) 100vw, 580px\" \/><figcaption id=\"caption-attachment-80151\" class=\"wp-caption-text\">Autoridades presentes en el tradicional corte de cinta que dio por inaugurada la nueva base Samu, un important\u00edsimo adelanto en materia de oportunidad de atenci\u00f3n para la comunidad de Catemu.<\/figcaption><\/figure>\n<ul>\n<li><span style=\"color: #ff0000;\"><strong>\u201cCon la inauguraci\u00f3n de esta nueva base Samu consolidamos un nuevo polo de desarrollo en salud para las comunas de Catemu, Llay Llay y Panquehue\u201d, asegur\u00f3 la Directora del Servicio de Salud Aconcagua, Dra. Vilma Olave.<\/strong><\/span><\/li>\n<\/ul>\n<p><strong>CATEMU.-<\/strong> Con una importante presencia de la comunidad y l\u00edderes sociales, el Servicio de Salud Aconcagua junto al alcalde Boris Luksic y Concejales de la comuna de Catemu, inaugur\u00f3 la nueva Base Samu que permitir\u00e1 reducir los tiempos de respuesta cuando se produzcan situaciones de emergencia en una zona que, adem\u00e1s de tener una alta ruralidad, registra accidentes de tr\u00e1nsito de consideraci\u00f3n.<br \/>\nCon una distancia de 15 km de la base Samu Llay Llay, el nuevo dispositivo cuenta con el apoyo del municipio, quienes proveyeron el lugar f\u00edsico y la dependencia, mientras que el Servicio de Salud dispuso de una ambulancia b\u00e1sica, de un conductor y de un t\u00e9cnico param\u00e9dico las 24 horas.<br \/>\nEn sus declaraciones la Directora del Servicio de Salud, Dra. Vilma Olave, se\u00f1al\u00f3 que \u201cla nueva base Samu cuenta con una ambulancia b\u00e1sica y un lugar de permanencia de la tripulaci\u00f3n de la ambulancia aqu\u00ed en la comuna de Catemu, cuyo objetivo es mejorar la cobertura de atenci\u00f3n pre hospitalaria, espec\u00edficamente en esta comuna, pero que tiende a disminuir los tiempos de respuesta no s\u00f3lo para Catemu, sino tambi\u00e9n para Panquehue y algunos sectores de Llay Llay.\u201d<br \/>\nEsta implementaci\u00f3n tiene una inversi\u00f3n global de 80 millones de pesos, agreg\u00f3 Olave, \u201cde los cuales, 72 millones de pesos son v\u00eda sectorial, es decir, es una inversi\u00f3n directa desde el Ministerio de Salud a trav\u00e9s del Servicio de Salud Aconcagua para la compra y equipamiento de la ambulancia y la dotaci\u00f3n de la tripulaci\u00f3n, un conductor y un t\u00e9cnico param\u00e9dico que funcionar\u00e1n las 24 horas, lo que se refiere a que son 8 personas que funcionan las 24 horas todos los d\u00edas del a\u00f1o. Los 8 millones de pesos restantes son de financiamiento municipal para la dependencia misma, lo que es un aporte valioso y concreto del gobierno municipal\u201d.<br \/>\nA su vez el alcalde de Catemu, Boris Luksic, asegur\u00f3 que \u201cesto es muy beneficioso porque disminuir\u00e1 los tiempos de respuestas para emergencias en este sector. Agradecemos al gobierno y particularmente al Servicio de Salud Aconcagua por la gran inversi\u00f3n. Hace pocos d\u00edas con financiamiento del Core inauguramos un m\u00f3vil oftalmol\u00f3gico, estamos licitando un nuevo local para atenci\u00f3n odontol\u00f3gica y hoy inauguramos esta base Samu que viene a dar esa seguridad que siente la gente en salud. Hemos hecho el Cecosf en Cerrillos, las Estaciones M\u00e9dico Rurales, hace dos a\u00f1os este Cesfam que ha permitido mejorar la calidad de la atenci\u00f3n para la comunidad. Estamos muy satisfechos y agradecidos, la salud es algo fundamental e importante y est\u00e1 muy bien resguardada en Catemu\u201d.<br \/>\nMar\u00eda Elena Derderian, Directora Cesfam Eduardo Raggio de Catemu, destac\u00f3 que \u201cya est\u00e1 operativa la Base 60 contigua a nuestro Cesfam. Un anhelo hecho realidad. La red hospitalaria ten\u00eda 4 bases y un centro regulador que est\u00e1 en San Felipe. La base m\u00e1s cercana era Llay Llay y nuestra comuna es una comuna rural. Por lo tanto tener la base de la red pre hospitalaria aqu\u00ed va a dar una atenci\u00f3n m\u00e1s oportuna a los llamados al 131, la gente estar\u00e1 m\u00e1s reguardada, as\u00ed tendremos una continuidad de la atenci\u00f3n de todos los d\u00edas del a\u00f1o, incluyendo atenci\u00f3n de m\u00e9dico\u201d.<br \/>\nPara la Presidenta del Consejo de Desarrollo Local, Paola Arru\u00e9 \u201cesta inauguraci\u00f3n es muy importante porque la gente est\u00e1 muy dispersa y a trasmano. Esto significar\u00e1 una atenci\u00f3n r\u00e1pida y puede ser la diferencia entre la vida y la muerte para muchas personas. Para nosotros es muy importante y como usuarios tenemos que aprovechar los beneficios que se nos dan. Estamos trabajando en educaci\u00f3n hacia la gente para que todos los beneficios que se dan ac\u00e1 en el Cesfam, se aprovechen de mejor manera\u201d.<br \/>\nPor su parte, Emilia Fern\u00e1ndez, vecina de Catemu, dijo que \u201cesto es algo important\u00edsimo. Quiero dar las gracias al gobierno de la Presidenta Bachelet, al Servicio de Salud, a la Directora Vilma Olave, por habernos regalado este Samu para nuestra comuna. Esto es maravilloso, salvar\u00e1 muchas vidas, estamos a 15 kms. de Llay Llay y necesit\u00e1bamos algo as\u00ed, pues esa diferencia de tiempo puede marcar la vida o la muerte\u201d.<br \/>\nFinalmente, la Concejala Claudia Villar asegur\u00f3 que \u201csin duda es muy importante tener esta base Samu en nuestra comuna, lo que se traducir\u00e1 en una atenci\u00f3n m\u00e1s pronta para las personas y salvar\u00e1 muchas vidas. Es un gran avance de parte del Servicio de Salud Aconcagua\u201d.<\/p>\n<figure id=\"attachment_80150\" aria-describedby=\"caption-attachment-80150\" style=\"width: 580px\" class=\"wp-caption alignnone\"><img data-recalc-dims=\"1\" loading=\"lazy\" decoding=\"async\" class=\"size-full wp-image-80150\" src=\"https:\/\/i0.wp.com\/www.eltrabajo.cl\/2017\/wp-content\/uploads\/2017\/07\/base-samu-catemu-1.jpg?resize=580%2C348\" alt=\"La base Samu cuenta con un conductor y un t\u00e9cnico param\u00e9dico que funcionar\u00e1n las 24 horas, lo que se traduce en 8 personas que funcionan las 24 horas todos los d\u00edas del a\u00f1o.\" width=\"580\" height=\"348\" srcset=\"https:\/\/i0.wp.com\/eltrabajo.cl\/portal\/wp-content\/uploads\/2017\/07\/base-samu-catemu-1.jpg?w=580&amp;ssl=1 580w, https:\/\/i0.wp.com\/eltrabajo.cl\/portal\/wp-content\/uploads\/2017\/07\/base-samu-catemu-1.jpg?resize=200%2C120&amp;ssl=1 200w, https:\/\/i0.wp.com\/eltrabajo.cl\/portal\/wp-content\/uploads\/2017\/07\/base-samu-catemu-1.jpg?resize=300%2C180&amp;ssl=1 300w, https:\/\/i0.wp.com\/eltrabajo.cl\/portal\/wp-content\/uploads\/2017\/07\/base-samu-catemu-1.jpg?resize=250%2C150&amp;ssl=1 250w, https:\/\/i0.wp.com\/eltrabajo.cl\/portal\/wp-content\/uploads\/2017\/07\/base-samu-catemu-1.jpg?resize=400%2C240&amp;ssl=1 400w\" sizes=\"auto, (max-width: 580px) 100vw, 580px\" \/><figcaption id=\"caption-attachment-80150\" class=\"wp-caption-text\">La base Samu cuenta con un conductor y un t\u00e9cnico param\u00e9dico que funcionar\u00e1n las 24 horas, lo que se traduce en 8 personas que funcionan las 24 horas todos los d\u00edas del a\u00f1o.<\/figcaption><\/figure>\n","protected":false},"excerpt":{"rendered":"<p>\u201cCon la inauguraci\u00f3n de esta nueva base Samu consolidamos un nuevo polo de desarrollo en salud para las comunas de Catemu, Llay Llay y Panquehue\u201d, asegur\u00f3 la Directora del Servicio de Salud&#8230;<\/p>\n","protected":false},"author":1,"featured_media":80150,"comment_status":"open","ping_status":"open","sticky":false,"template":"","format":"standard","meta":{"advanced_seo_description":"","jetpack_seo_html_title":"","jetpack_seo_noindex":false,"_jetpack_memberships_contains_paid_content":false,"footnotes":""},"categories":[1],"tags":[],"class_list":["post-80149","post","type-post","status-publish","format-standard","has-post-thumbnail","hentry","category-cronica"],"jetpack_featured_media_url":"https:\/\/i0.wp.com\/eltrabajo.cl\/portal\/wp-content\/uploads\/2017\/07\/base-samu-catemu-1.jpg?fit=580%2C348&ssl=1","jetpack_sharing_enabled":true,"jetpack_likes_enabled":true,"jetpack-related-posts":[],"_links":{"self":[{"href":"https:\/\/eltrabajo.cl\/portal\/wp-json\/wp\/v2\/posts\/80149","targetHints":{"allow":["GET"]}}],"collection":[{"href":"https:\/\/eltrabajo.cl\/portal\/wp-json\/wp\/v2\/posts"}],"about":[{"href":"https:\/\/eltrabajo.cl\/portal\/wp-json\/wp\/v2\/types\/post"}],"author":[{"embeddable":true,"href":"https:\/\/eltrabajo.cl\/portal\/wp-json\/wp\/v2\/users\/1"}],"replies":[{"embeddable":true,"href":"https:\/\/eltrabajo.cl\/portal\/wp-json\/wp\/v2\/comments?post=80149"}],"version-history":[{"count":0,"href":"https:\/\/eltrabajo.cl\/portal\/wp-json\/wp\/v2\/posts\/80149\/revisions"}],"wp:featuredmedia":[{"embeddable":true,"href":"https:\/\/eltrabajo.cl\/portal\/wp-json\/wp\/v2\/media\/80150"}],"wp:attachment":[{"href":"https:\/\/eltrabajo.cl\/portal\/wp-json\/wp\/v2\/media?parent=80149"}],"wp:term":[{"taxonomy":"category","embeddable":true,"href":"https:\/\/eltrabajo.cl\/portal\/wp-json\/wp\/v2\/categories?post=80149"},{"taxonomy":"post_tag","embeddable":true,"href":"https:\/\/eltrabajo.cl\/portal\/wp-json\/wp\/v2\/tags?post=80149"}],"curies":[{"name":"wp","href":"https:\/\/api.w.org\/{rel}","templated":true}]}}