{"id":80153,"date":"2017-07-12T06:02:51","date_gmt":"2017-07-12T10:02:51","guid":{"rendered":"http:\/\/www.eltrabajo.cl\/2017\/?p=80153"},"modified":"2017-07-12T06:02:51","modified_gmt":"2017-07-12T10:02:51","slug":"anoche-despidieron-al-insigne-bombero-humberto-cuevas-cordero","status":"publish","type":"post","link":"https:\/\/eltrabajo.cl\/portal\/anoche-despidieron-al-insigne-bombero-humberto-cuevas-cordero\/","title":{"rendered":"Anoche despidieron al Insigne Bombero Humberto Cuevas Cordero"},"content":{"rendered":"<figure id=\"attachment_80157\" aria-describedby=\"caption-attachment-80157\" style=\"width: 580px\" class=\"wp-caption alignnone\"><img data-recalc-dims=\"1\" loading=\"lazy\" decoding=\"async\" class=\"size-full wp-image-80157\" src=\"https:\/\/i0.wp.com\/www.eltrabajo.cl\/2017\/wp-content\/uploads\/2017\/07\/Bombero1.jpg?resize=580%2C350\" alt=\"ADI\u00d3S CUEVITAS.- La sirena principal de Bomberos de Santa Mar\u00eda llor\u00f3 tambi\u00e9n a este \u2018Caballero del Fuego\u2019, mientras sus restos eran conducidos a la sede donde \u00e9l sirvi\u00f3 por tantos a\u00f1os.\" width=\"580\" height=\"350\" srcset=\"https:\/\/i0.wp.com\/eltrabajo.cl\/portal\/wp-content\/uploads\/2017\/07\/Bombero1.jpg?w=580&amp;ssl=1 580w, https:\/\/i0.wp.com\/eltrabajo.cl\/portal\/wp-content\/uploads\/2017\/07\/Bombero1.jpg?resize=200%2C121&amp;ssl=1 200w, https:\/\/i0.wp.com\/eltrabajo.cl\/portal\/wp-content\/uploads\/2017\/07\/Bombero1.jpg?resize=300%2C181&amp;ssl=1 300w, https:\/\/i0.wp.com\/eltrabajo.cl\/portal\/wp-content\/uploads\/2017\/07\/Bombero1.jpg?resize=249%2C150&amp;ssl=1 249w, https:\/\/i0.wp.com\/eltrabajo.cl\/portal\/wp-content\/uploads\/2017\/07\/Bombero1.jpg?resize=400%2C241&amp;ssl=1 400w\" sizes=\"auto, (max-width: 580px) 100vw, 580px\" \/><figcaption id=\"caption-attachment-80157\" class=\"wp-caption-text\">ADI\u00d3S CUEVITAS.- La sirena principal de Bomberos de Santa Mar\u00eda llor\u00f3 tambi\u00e9n a este \u2018Caballero del Fuego\u2019, mientras sus restos eran conducidos a la sede donde \u00e9l sirvi\u00f3 por tantos a\u00f1os.<\/figcaption><\/figure>\n<ul>\n<li><span style=\"color: #ff0000;\"><strong>Le llamaban \u2018Cuevitas\u2019 y vend\u00eda verduras en una bicicleta:<\/strong><\/span><\/li>\n<\/ul>\n<p><strong>SANTA MAR\u00cdA.-<\/strong> Inmenso dolor experimenta la gran familia de Bomberos de Santa Mar\u00eda, luego que a sus 83 a\u00f1os de edad y luego de servir abnegadamente a los dem\u00e1s en calidad de bombero y de ser humano, falleciera el querido \u2018Cuevitas\u2019, quien en vida se llam\u00f3 Humberto Eduardo Cuevas Cordero, vecino de Calle Jahuel.<br \/>\nDon Humberto era un referente en todo el Valle de Aconcagua, pues llevaba 65 largos a\u00f1os de servicio como bombero, habiendo alcanzado hace 15 a\u00f1os el status de Bombero Insigne, el m\u00e1s alto honor dentro de la instituci\u00f3n de Bomberos de Chile, y se recibe cuando el servidor cumple sus 50 a\u00f1os de servicio activo.<br \/>\n\u00abA nombre de toda la gran familia de Bomberos Santa Mar\u00eda y a t\u00edtulo personal tambi\u00e9n, quiero hacer p\u00fablico nuestro gran pesar a la familia y amigos del apreciado Bombero Insigne Humberto Cuevas, quien dedic\u00f3 65 a\u00f1os de su vida a servir a los dem\u00e1s a trav\u00e9s del postulado que como bombero, \u00e9l ofreci\u00f3 a nuestra comuna\u00bb, dijo a Diario El Trabajo el comandante de Bomberos Santa Mar\u00eda, Rafael Morales Contreras.<\/p>\n<p><span style=\"color: #ff0000;\"><strong>\u00bfQUI\u00c9N ERA?<\/strong><\/span><br \/>\nDon Humberto naci\u00f3 en Santa Mar\u00eda el viernes 3 de noviembre de 1933, era agricultor y una persona muy querida en todos los rincones de nuestro valle. Tuvo cuatro hijos: Humberto, Jaime, Bernardo y la regalona de la familia, Patricia. Estos hijos le regalaron a \u2018Cuevitas\u2019 seis bellos nietos y tres bisnietos, los que colmaron de felicidad los \u00faltimos a\u00f1os de su vida.<br \/>\n\u00abPap\u00e1 era un agricultor, un hombre bueno y muy querido por todos, estamos orgullosos de su labor como bombero y como padre. \u00c9l acostumbraba vender sus verduras en una bicicleta, inclusive el domingo sali\u00f3 a venderlas por el barrio, falleci\u00f3 de un infarto cerebral, se nos fue sin previo aviso\u00bb, dijo a nuestro medio la hija de don Humberto, Patricia Cuevas.<br \/>\nEl velatorio de \u2018Cuevitas\u2019 se realiz\u00f3 desde las 15:30 horas en el Cuerpo de Bomberos de Santa Mar\u00eda, la Misa fue a las 19:00 horas, pasando luego sus restos al Cementerio Parroquial de la comuna. Todo el personal que labora en Diario El Trabajo hoy nos unimos al dolor de quienes lloran la partida de don Humberto Cuevas, deseando tambi\u00e9n la fortaleza necesaria en tan amargo trago.<br \/>\n<strong>Roberto Gonz\u00e1lez Short<\/strong><br \/>\n<strong>ENVIADO ESPECIAL<\/strong><\/p>\n<figure id=\"attachment_80154\" aria-describedby=\"caption-attachment-80154\" style=\"width: 579px\" class=\"wp-caption alignnone\"><img data-recalc-dims=\"1\" loading=\"lazy\" decoding=\"async\" class=\"size-full wp-image-80154\" src=\"https:\/\/i0.wp.com\/www.eltrabajo.cl\/2017\/wp-content\/uploads\/2017\/07\/Bombero_Humberto-Cuevas.jpg?resize=579%2C841\" alt=\"POR SIEMPRE CUEVITAS.- Humberto Eduardo Cuevas Cordero. Naci\u00f3 el viernes 3 de noviembre de 1933, muri\u00f3 el lunes 10 de julio de 2017, en Santa Mar\u00eda.\" width=\"579\" height=\"841\" srcset=\"https:\/\/i0.wp.com\/eltrabajo.cl\/portal\/wp-content\/uploads\/2017\/07\/Bombero_Humberto-Cuevas.jpg?w=579&amp;ssl=1 579w, https:\/\/i0.wp.com\/eltrabajo.cl\/portal\/wp-content\/uploads\/2017\/07\/Bombero_Humberto-Cuevas.jpg?resize=103%2C150&amp;ssl=1 103w, https:\/\/i0.wp.com\/eltrabajo.cl\/portal\/wp-content\/uploads\/2017\/07\/Bombero_Humberto-Cuevas.jpg?resize=207%2C300&amp;ssl=1 207w, https:\/\/i0.wp.com\/eltrabajo.cl\/portal\/wp-content\/uploads\/2017\/07\/Bombero_Humberto-Cuevas.jpg?resize=400%2C581&amp;ssl=1 400w\" sizes=\"auto, (max-width: 579px) 100vw, 579px\" \/><figcaption id=\"caption-attachment-80154\" class=\"wp-caption-text\">POR SIEMPRE CUEVITAS.- Humberto Eduardo Cuevas Cordero. Naci\u00f3 el viernes 3 de noviembre de 1933, muri\u00f3 el lunes 10 de julio de 2017, en Santa Mar\u00eda.<\/figcaption><\/figure>\n<figure id=\"attachment_80155\" aria-describedby=\"caption-attachment-80155\" style=\"width: 579px\" class=\"wp-caption alignnone\"><img data-recalc-dims=\"1\" loading=\"lazy\" decoding=\"async\" class=\"size-full wp-image-80155\" src=\"https:\/\/i0.wp.com\/www.eltrabajo.cl\/2017\/wp-content\/uploads\/2017\/07\/Bombero_Patricia-Cuevas.jpg?resize=579%2C599\" alt=\"Patricia Cuevas, \u00fanica hija del querido \u2018Cuevitas\u2019.\" width=\"579\" height=\"599\" srcset=\"https:\/\/i0.wp.com\/eltrabajo.cl\/portal\/wp-content\/uploads\/2017\/07\/Bombero_Patricia-Cuevas.jpg?w=579&amp;ssl=1 579w, https:\/\/i0.wp.com\/eltrabajo.cl\/portal\/wp-content\/uploads\/2017\/07\/Bombero_Patricia-Cuevas.jpg?resize=145%2C150&amp;ssl=1 145w, https:\/\/i0.wp.com\/eltrabajo.cl\/portal\/wp-content\/uploads\/2017\/07\/Bombero_Patricia-Cuevas.jpg?resize=290%2C300&amp;ssl=1 290w, https:\/\/i0.wp.com\/eltrabajo.cl\/portal\/wp-content\/uploads\/2017\/07\/Bombero_Patricia-Cuevas.jpg?resize=400%2C414&amp;ssl=1 400w\" sizes=\"auto, (max-width: 579px) 100vw, 579px\" \/><figcaption id=\"caption-attachment-80155\" class=\"wp-caption-text\">Patricia Cuevas, \u00fanica hija del querido \u2018Cuevitas\u2019.<\/figcaption><\/figure>\n<figure id=\"attachment_80156\" aria-describedby=\"caption-attachment-80156\" style=\"width: 579px\" class=\"wp-caption alignnone\"><img data-recalc-dims=\"1\" loading=\"lazy\" decoding=\"async\" class=\"size-full wp-image-80156\" src=\"https:\/\/i0.wp.com\/www.eltrabajo.cl\/2017\/wp-content\/uploads\/2017\/07\/Bombero_Rafael-Morales-Contreras.jpg?resize=579%2C639\" alt=\"Comandante de Bomberos Santa Mar\u00eda, Rafael Morales Contreras.\" width=\"579\" height=\"639\" srcset=\"https:\/\/i0.wp.com\/eltrabajo.cl\/portal\/wp-content\/uploads\/2017\/07\/Bombero_Rafael-Morales-Contreras.jpg?w=579&amp;ssl=1 579w, https:\/\/i0.wp.com\/eltrabajo.cl\/portal\/wp-content\/uploads\/2017\/07\/Bombero_Rafael-Morales-Contreras.jpg?resize=136%2C150&amp;ssl=1 136w, https:\/\/i0.wp.com\/eltrabajo.cl\/portal\/wp-content\/uploads\/2017\/07\/Bombero_Rafael-Morales-Contreras.jpg?resize=272%2C300&amp;ssl=1 272w, https:\/\/i0.wp.com\/eltrabajo.cl\/portal\/wp-content\/uploads\/2017\/07\/Bombero_Rafael-Morales-Contreras.jpg?resize=400%2C441&amp;ssl=1 400w\" sizes=\"auto, (max-width: 579px) 100vw, 579px\" \/><figcaption id=\"caption-attachment-80156\" class=\"wp-caption-text\">Comandante de Bomberos Santa Mar\u00eda, Rafael Morales Contreras.<\/figcaption><\/figure>\n<figure id=\"attachment_80158\" aria-describedby=\"caption-attachment-80158\" style=\"width: 580px\" class=\"wp-caption alignnone\"><img data-recalc-dims=\"1\" loading=\"lazy\" decoding=\"async\" class=\"size-full wp-image-80158\" src=\"https:\/\/i0.wp.com\/www.eltrabajo.cl\/2017\/wp-content\/uploads\/2017\/07\/Bombero3.jpg?resize=580%2C349\" alt=\"FAMILIA MUY DOLIDA.- Ellos son los cuatro hijos de Cuevitas: Humberto, Jaime, Bernardo y la regalona de la familia, Patricia. Les acompa\u00f1a el \u00fanico yerno, Ra\u00fal Herrera.\" width=\"580\" height=\"349\" srcset=\"https:\/\/i0.wp.com\/eltrabajo.cl\/portal\/wp-content\/uploads\/2017\/07\/Bombero3.jpg?w=580&amp;ssl=1 580w, https:\/\/i0.wp.com\/eltrabajo.cl\/portal\/wp-content\/uploads\/2017\/07\/Bombero3.jpg?resize=200%2C120&amp;ssl=1 200w, https:\/\/i0.wp.com\/eltrabajo.cl\/portal\/wp-content\/uploads\/2017\/07\/Bombero3.jpg?resize=300%2C181&amp;ssl=1 300w, https:\/\/i0.wp.com\/eltrabajo.cl\/portal\/wp-content\/uploads\/2017\/07\/Bombero3.jpg?resize=249%2C150&amp;ssl=1 249w, https:\/\/i0.wp.com\/eltrabajo.cl\/portal\/wp-content\/uploads\/2017\/07\/Bombero3.jpg?resize=400%2C241&amp;ssl=1 400w\" sizes=\"auto, (max-width: 580px) 100vw, 580px\" \/><figcaption id=\"caption-attachment-80158\" class=\"wp-caption-text\">FAMILIA MUY DOLIDA.- Ellos son los cuatro hijos de Cuevitas: Humberto, Jaime, Bernardo y la regalona de la familia, Patricia. Les acompa\u00f1a el \u00fanico yerno, Ra\u00fal Herrera.<\/figcaption><\/figure>\n<figure id=\"attachment_80159\" aria-describedby=\"caption-attachment-80159\" style=\"width: 580px\" class=\"wp-caption alignnone\"><img data-recalc-dims=\"1\" loading=\"lazy\" decoding=\"async\" class=\"size-full wp-image-80159\" src=\"https:\/\/i0.wp.com\/www.eltrabajo.cl\/2017\/wp-content\/uploads\/2017\/07\/Bomberos2.jpg?resize=580%2C349\" alt=\"DESFILE DE HONOR.- Un solemne y respetuoso desfile por el centro de la comuna fue el que se realiz\u00f3 ayer con los restos del Insigne Bombero aconcag\u00fcino.\" width=\"580\" height=\"349\" srcset=\"https:\/\/i0.wp.com\/eltrabajo.cl\/portal\/wp-content\/uploads\/2017\/07\/Bomberos2.jpg?w=580&amp;ssl=1 580w, https:\/\/i0.wp.com\/eltrabajo.cl\/portal\/wp-content\/uploads\/2017\/07\/Bomberos2.jpg?resize=200%2C120&amp;ssl=1 200w, https:\/\/i0.wp.com\/eltrabajo.cl\/portal\/wp-content\/uploads\/2017\/07\/Bomberos2.jpg?resize=300%2C181&amp;ssl=1 300w, https:\/\/i0.wp.com\/eltrabajo.cl\/portal\/wp-content\/uploads\/2017\/07\/Bomberos2.jpg?resize=249%2C150&amp;ssl=1 249w, https:\/\/i0.wp.com\/eltrabajo.cl\/portal\/wp-content\/uploads\/2017\/07\/Bomberos2.jpg?resize=400%2C241&amp;ssl=1 400w\" sizes=\"auto, (max-width: 580px) 100vw, 580px\" \/><figcaption id=\"caption-attachment-80159\" class=\"wp-caption-text\">DESFILE DE HONOR.- Un solemne y respetuoso desfile por el centro de la comuna fue el que se realiz\u00f3 ayer con los restos del Insigne Bombero aconcag\u00fcino.<\/figcaption><\/figure>\n","protected":false},"excerpt":{"rendered":"<p>Le llamaban \u2018Cuevitas\u2019 y vend\u00eda verduras en una bicicleta: SANTA MAR\u00cdA.- Inmenso dolor experimenta la gran familia de Bomberos de Santa Mar\u00eda, luego que a sus 83 a\u00f1os de edad y luego&#8230;<\/p>\n","protected":false},"author":1,"featured_media":80159,"comment_status":"open","ping_status":"open","sticky":false,"template":"","format":"standard","meta":{"advanced_seo_description":"","jetpack_seo_html_title":"","jetpack_seo_noindex":false,"_jetpack_memberships_contains_paid_content":false,"footnotes":""},"categories":[15],"tags":[],"class_list":["post-80153","post","type-post","status-publish","format-standard","has-post-thumbnail","hentry","category-comunidad"],"jetpack_featured_media_url":"https:\/\/i0.wp.com\/eltrabajo.cl\/portal\/wp-content\/uploads\/2017\/07\/Bomberos2.jpg?fit=580%2C349&ssl=1","jetpack_sharing_enabled":true,"jetpack_likes_enabled":true,"jetpack-related-posts":[],"_links":{"self":[{"href":"https:\/\/eltrabajo.cl\/portal\/wp-json\/wp\/v2\/posts\/80153","targetHints":{"allow":["GET"]}}],"collection":[{"href":"https:\/\/eltrabajo.cl\/portal\/wp-json\/wp\/v2\/posts"}],"about":[{"href":"https:\/\/eltrabajo.cl\/portal\/wp-json\/wp\/v2\/types\/post"}],"author":[{"embeddable":true,"href":"https:\/\/eltrabajo.cl\/portal\/wp-json\/wp\/v2\/users\/1"}],"replies":[{"embeddable":true,"href":"https:\/\/eltrabajo.cl\/portal\/wp-json\/wp\/v2\/comments?post=80153"}],"version-history":[{"count":0,"href":"https:\/\/eltrabajo.cl\/portal\/wp-json\/wp\/v2\/posts\/80153\/revisions"}],"wp:featuredmedia":[{"embeddable":true,"href":"https:\/\/eltrabajo.cl\/portal\/wp-json\/wp\/v2\/media\/80159"}],"wp:attachment":[{"href":"https:\/\/eltrabajo.cl\/portal\/wp-json\/wp\/v2\/media?parent=80153"}],"wp:term":[{"taxonomy":"category","embeddable":true,"href":"https:\/\/eltrabajo.cl\/portal\/wp-json\/wp\/v2\/categories?post=80153"},{"taxonomy":"post_tag","embeddable":true,"href":"https:\/\/eltrabajo.cl\/portal\/wp-json\/wp\/v2\/tags?post=80153"}],"curies":[{"name":"wp","href":"https:\/\/api.w.org\/{rel}","templated":true}]}}