{"id":80167,"date":"2017-07-12T06:05:16","date_gmt":"2017-07-12T10:05:16","guid":{"rendered":"http:\/\/www.eltrabajo.cl\/2017\/?p=80167"},"modified":"2017-07-12T06:05:16","modified_gmt":"2017-07-12T10:05:16","slug":"protestan-contra-ohl-por-no-reparar-caminos-destruidos-por-sus-camiones","status":"publish","type":"post","link":"https:\/\/eltrabajo.cl\/portal\/protestan-contra-ohl-por-no-reparar-caminos-destruidos-por-sus-camiones\/","title":{"rendered":"Protestan contra OHL por no reparar caminos destruidos por sus camiones"},"content":{"rendered":"<figure id=\"attachment_80171\" aria-describedby=\"caption-attachment-80171\" style=\"width: 580px\" class=\"wp-caption alignnone\"><img data-recalc-dims=\"1\" loading=\"lazy\" decoding=\"async\" class=\"size-full wp-image-80171\" src=\"https:\/\/i0.wp.com\/www.eltrabajo.cl\/2017\/wp-content\/uploads\/2017\/07\/Protesta-contra-OHL.jpg?resize=580%2C350\" alt=\"Vecinos incendiaron neum\u00e1ticos para poder llamar la atenci\u00f3n y presionar a la empresa OHL para que cumpla su compromiso de arreglar camino. (Fotos gentileza @AquiCatemu.cl).\" width=\"580\" height=\"350\" srcset=\"https:\/\/i0.wp.com\/eltrabajo.cl\/portal\/wp-content\/uploads\/2017\/07\/Protesta-contra-OHL.jpg?w=580&amp;ssl=1 580w, https:\/\/i0.wp.com\/eltrabajo.cl\/portal\/wp-content\/uploads\/2017\/07\/Protesta-contra-OHL.jpg?resize=200%2C121&amp;ssl=1 200w, https:\/\/i0.wp.com\/eltrabajo.cl\/portal\/wp-content\/uploads\/2017\/07\/Protesta-contra-OHL.jpg?resize=300%2C181&amp;ssl=1 300w, https:\/\/i0.wp.com\/eltrabajo.cl\/portal\/wp-content\/uploads\/2017\/07\/Protesta-contra-OHL.jpg?resize=249%2C150&amp;ssl=1 249w, https:\/\/i0.wp.com\/eltrabajo.cl\/portal\/wp-content\/uploads\/2017\/07\/Protesta-contra-OHL.jpg?resize=400%2C241&amp;ssl=1 400w\" sizes=\"auto, (max-width: 580px) 100vw, 580px\" \/><figcaption id=\"caption-attachment-80171\" class=\"wp-caption-text\">Vecinos incendiaron neum\u00e1ticos para poder llamar la atenci\u00f3n y presionar a la empresa OHL para que cumpla su compromiso de arreglar camino. (Fotos gentileza @AquiCatemu.cl).<\/figcaption><\/figure>\n<ul>\n<li><span style=\"color: #ff0000;\"><strong>Indignaci\u00f3n de vecinos de sectores rurales de Catemu:<\/strong><\/span><\/li>\n<\/ul>\n<p>Un grupo de al menos sesenta personas protestaron la ma\u00f1ana de este martes en el sector de San Carlos, comuna de Catemu, contra el incumplimiento del compromiso por parte de la empresa OHL, que aseguran no ha reparado el camino destruido por el paso de sus camiones de alto tonelaje, cargados con material destinado a la construcci\u00f3n de la nueva Ruta 60 CH.<br \/>\nEl camino da\u00f1ado une Catemu con los sectores de San Carlos, San Jos\u00e9, Santa Isabel y Reinoso.<br \/>\nUno de los vecinos, Alejandro Aballay, explic\u00f3 que el principal motivo de la manifestaci\u00f3n fue \u201cpor una falta de compromiso de la empresa OHL, ya que no estaban realizando los arreglos pertinentes al camino, estamos hablando de un fuera de plazo de unos treinta d\u00edas, ya que el compromiso se firm\u00f3 el cinco de junio y no se ha llevado a cabo hasta el d\u00eda de hoy, por lo cual la gente estaba con un problema bien grande, consternados, m\u00e1s encima se han producido muchos accidentes y el otro tema es que los camiones han sido bastante imprudentes en algunos aspectos\u2026 todo eso se acumul\u00f3\u201d, dijo.<br \/>\nA\u00f1ade que debido a eso se comenzaron a analizar todos los reclamos de la gente, se pidi\u00f3 ayuda para ver alguna soluci\u00f3n, se mandaron correos electr\u00f3nicos sin tener respuesta, por eso se convoc\u00f3 a la gente a un cacerolazo que se iba a realizar el jueves 13 de julio: \u201cEstaba pronosticado para ese d\u00eda y este lunes en la madrugada me informaron que trabajaban hasta hoy martes (ayer), por lo cual hicimos todo lo posible para solucionar este problema y convocamos al cacerolazo hoy d\u00eda (ayer), la cantidad de gente que hab\u00eda no era la pensada, pero se agradece en general a toda la gente porque la poca gente que estuvo nos apoy\u00f3 bastante y no dio pie atr\u00e1s, y gracias a Dios ya tenemos unas respuestas concretas para solucionar todos los problemas que nos est\u00e1 ocasionando esta empresa como OHL\u201d, dijo Aballay.<br \/>\nEl camino actualmente est\u00e1 en muy mal estado, deteriorado, producto del paso de camiones cargando grandes toneladas de material para la construcci\u00f3n de la nueva Ruta 60 CH: \u201cEstamos hablando de quince a dieciocho camiones cada media hora, anteriormente eran muchos m\u00e1s, con una gran cantidad de piedras que estaban transportando, era p\u00e9simo para la capa asf\u00e1ltica que nosotros tenemos en este camino, tiene una capa superfina, por el tema del peso afect\u00f3 todo el camino\u201d, sostuvo el dirigente.<br \/>\nReconoci\u00f3 que todo el malestar de la gente se lo hicieron saber a los representantes de la empresa esperando llegar a un convenio.<br \/>\nVan a llevar adelante una mesa de di\u00e1logo con la municipalidad.<br \/>\nEn cuanto al acuerdo llegado con la empresa, el dirigente dijo: \u201cNosotros quer\u00edamos una respuesta ahora por la nueva pavimentaci\u00f3n con un tiempo m\u00e1ximo de cinco a seis d\u00edas para poder solucionar todo este problema, es decir si fuera posible desde ma\u00f1ana (por hoy) a realizar los arreglos que se ten\u00edan que hacer como corresponde, ese fue el primer punto, lo otro es responder a los compromisos que ellos mismos se hab\u00edan comprometidos con los dem\u00e1s vecinos y dirigentes de las distintas comunidades\u201d, dijo el dirigente.<br \/>\nSobre el camino a seguir, se\u00f1al\u00f3 que ahora se va a realizar una mesa de di\u00e1logo en conjunto con la municipalidad de Catemu, con los representantes de las comunidades y la empresa OHL, luego de lo cual se dirigir\u00e1n hasta una notar\u00eda para firmar un convenio, donde van a quedar estipuladas las fechas exactas para la realizaci\u00f3n de los distintos trabajos de mejoramiento del camino. \u201cSi despu\u00e9s de eso no ocurre nada vamos a tomar cartas en el asunto formalizando alguna acci\u00f3n judicial, o cortar la ruta en otro lugar y no permitir el paso de ning\u00fan veh\u00edculo\u201d, finaliz\u00f3 el dirigente.<br \/>\nSeg\u00fan lo informado por Carabineros de la Tenencia de Catemu, en la oportunidad no se registraron personas detenidas.<br \/>\nEsta protesta se viene a unir a otra realizada este lunes en la ma\u00f1ana por vecinos del sector del Cobre y Seco Alto contra el impacto de faenas mineras en el sector.<\/p>\n<figure id=\"attachment_80168\" aria-describedby=\"caption-attachment-80168\" style=\"width: 580px\" class=\"wp-caption alignnone\"><img data-recalc-dims=\"1\" loading=\"lazy\" decoding=\"async\" class=\"size-full wp-image-80168\" src=\"https:\/\/i0.wp.com\/www.eltrabajo.cl\/2017\/wp-content\/uploads\/2017\/07\/Protesta-contra-OHL-1.jpg?resize=580%2C350\" alt=\"La movilizaci\u00f3n de los vecinos mantuvo interrumpido el tr\u00e1nsito largo rato.\" width=\"580\" height=\"350\" srcset=\"https:\/\/i0.wp.com\/eltrabajo.cl\/portal\/wp-content\/uploads\/2017\/07\/Protesta-contra-OHL-1.jpg?w=580&amp;ssl=1 580w, https:\/\/i0.wp.com\/eltrabajo.cl\/portal\/wp-content\/uploads\/2017\/07\/Protesta-contra-OHL-1.jpg?resize=200%2C121&amp;ssl=1 200w, https:\/\/i0.wp.com\/eltrabajo.cl\/portal\/wp-content\/uploads\/2017\/07\/Protesta-contra-OHL-1.jpg?resize=300%2C181&amp;ssl=1 300w, https:\/\/i0.wp.com\/eltrabajo.cl\/portal\/wp-content\/uploads\/2017\/07\/Protesta-contra-OHL-1.jpg?resize=249%2C150&amp;ssl=1 249w, https:\/\/i0.wp.com\/eltrabajo.cl\/portal\/wp-content\/uploads\/2017\/07\/Protesta-contra-OHL-1.jpg?resize=400%2C241&amp;ssl=1 400w\" sizes=\"auto, (max-width: 580px) 100vw, 580px\" \/><figcaption id=\"caption-attachment-80168\" class=\"wp-caption-text\">La movilizaci\u00f3n de los vecinos mantuvo interrumpido el tr\u00e1nsito largo rato.<\/figcaption><\/figure>\n<figure id=\"attachment_80169\" aria-describedby=\"caption-attachment-80169\" style=\"width: 580px\" class=\"wp-caption alignnone\"><img data-recalc-dims=\"1\" loading=\"lazy\" decoding=\"async\" class=\"size-full wp-image-80169\" src=\"https:\/\/i0.wp.com\/www.eltrabajo.cl\/2017\/wp-content\/uploads\/2017\/07\/Protesta-contra-OHL-2.jpg?resize=580%2C350\" alt=\"Vecinos comenzaron temprano protestando por el mal estado del camino.\" width=\"580\" height=\"350\" srcset=\"https:\/\/i0.wp.com\/eltrabajo.cl\/portal\/wp-content\/uploads\/2017\/07\/Protesta-contra-OHL-2.jpg?w=580&amp;ssl=1 580w, https:\/\/i0.wp.com\/eltrabajo.cl\/portal\/wp-content\/uploads\/2017\/07\/Protesta-contra-OHL-2.jpg?resize=200%2C121&amp;ssl=1 200w, https:\/\/i0.wp.com\/eltrabajo.cl\/portal\/wp-content\/uploads\/2017\/07\/Protesta-contra-OHL-2.jpg?resize=300%2C181&amp;ssl=1 300w, https:\/\/i0.wp.com\/eltrabajo.cl\/portal\/wp-content\/uploads\/2017\/07\/Protesta-contra-OHL-2.jpg?resize=249%2C150&amp;ssl=1 249w, https:\/\/i0.wp.com\/eltrabajo.cl\/portal\/wp-content\/uploads\/2017\/07\/Protesta-contra-OHL-2.jpg?resize=400%2C241&amp;ssl=1 400w\" sizes=\"auto, (max-width: 580px) 100vw, 580px\" \/><figcaption id=\"caption-attachment-80169\" class=\"wp-caption-text\">Vecinos comenzaron temprano protestando por el mal estado del camino.<\/figcaption><\/figure>\n<figure id=\"attachment_80170\" aria-describedby=\"caption-attachment-80170\" style=\"width: 580px\" class=\"wp-caption alignnone\"><img data-recalc-dims=\"1\" loading=\"lazy\" decoding=\"async\" class=\"size-full wp-image-80170\" src=\"https:\/\/i0.wp.com\/www.eltrabajo.cl\/2017\/wp-content\/uploads\/2017\/07\/Protesta-contra-OHL-3.jpg?resize=580%2C350\" alt=\"En esta imagen vecinos de los sectores El Cobre y Seco Alto protestando en esta ocasi\u00f3n contra la presencia de las mineras.\" width=\"580\" height=\"350\" srcset=\"https:\/\/i0.wp.com\/eltrabajo.cl\/portal\/wp-content\/uploads\/2017\/07\/Protesta-contra-OHL-3.jpg?w=580&amp;ssl=1 580w, https:\/\/i0.wp.com\/eltrabajo.cl\/portal\/wp-content\/uploads\/2017\/07\/Protesta-contra-OHL-3.jpg?resize=200%2C121&amp;ssl=1 200w, https:\/\/i0.wp.com\/eltrabajo.cl\/portal\/wp-content\/uploads\/2017\/07\/Protesta-contra-OHL-3.jpg?resize=300%2C181&amp;ssl=1 300w, https:\/\/i0.wp.com\/eltrabajo.cl\/portal\/wp-content\/uploads\/2017\/07\/Protesta-contra-OHL-3.jpg?resize=249%2C150&amp;ssl=1 249w, https:\/\/i0.wp.com\/eltrabajo.cl\/portal\/wp-content\/uploads\/2017\/07\/Protesta-contra-OHL-3.jpg?resize=400%2C241&amp;ssl=1 400w\" sizes=\"auto, (max-width: 580px) 100vw, 580px\" \/><figcaption id=\"caption-attachment-80170\" class=\"wp-caption-text\">En esta imagen vecinos de los sectores El Cobre y Seco Alto protestando en esta ocasi\u00f3n contra la presencia de las mineras.<\/figcaption><\/figure>\n","protected":false},"excerpt":{"rendered":"<p>Indignaci\u00f3n de vecinos de sectores rurales de Catemu: Un grupo de al menos sesenta personas protestaron la ma\u00f1ana de este martes en el sector de San Carlos, comuna de Catemu, contra el&#8230;<\/p>\n","protected":false},"author":1,"featured_media":80168,"comment_status":"open","ping_status":"open","sticky":false,"template":"","format":"standard","meta":{"advanced_seo_description":"","jetpack_seo_html_title":"","jetpack_seo_noindex":false,"_jetpack_memberships_contains_paid_content":false,"footnotes":""},"categories":[15],"tags":[],"class_list":["post-80167","post","type-post","status-publish","format-standard","has-post-thumbnail","hentry","category-comunidad"],"jetpack_featured_media_url":"https:\/\/i0.wp.com\/eltrabajo.cl\/portal\/wp-content\/uploads\/2017\/07\/Protesta-contra-OHL-1.jpg?fit=580%2C350&ssl=1","jetpack_sharing_enabled":true,"jetpack_likes_enabled":true,"jetpack-related-posts":[],"_links":{"self":[{"href":"https:\/\/eltrabajo.cl\/portal\/wp-json\/wp\/v2\/posts\/80167","targetHints":{"allow":["GET"]}}],"collection":[{"href":"https:\/\/eltrabajo.cl\/portal\/wp-json\/wp\/v2\/posts"}],"about":[{"href":"https:\/\/eltrabajo.cl\/portal\/wp-json\/wp\/v2\/types\/post"}],"author":[{"embeddable":true,"href":"https:\/\/eltrabajo.cl\/portal\/wp-json\/wp\/v2\/users\/1"}],"replies":[{"embeddable":true,"href":"https:\/\/eltrabajo.cl\/portal\/wp-json\/wp\/v2\/comments?post=80167"}],"version-history":[{"count":0,"href":"https:\/\/eltrabajo.cl\/portal\/wp-json\/wp\/v2\/posts\/80167\/revisions"}],"wp:featuredmedia":[{"embeddable":true,"href":"https:\/\/eltrabajo.cl\/portal\/wp-json\/wp\/v2\/media\/80168"}],"wp:attachment":[{"href":"https:\/\/eltrabajo.cl\/portal\/wp-json\/wp\/v2\/media?parent=80167"}],"wp:term":[{"taxonomy":"category","embeddable":true,"href":"https:\/\/eltrabajo.cl\/portal\/wp-json\/wp\/v2\/categories?post=80167"},{"taxonomy":"post_tag","embeddable":true,"href":"https:\/\/eltrabajo.cl\/portal\/wp-json\/wp\/v2\/tags?post=80167"}],"curies":[{"name":"wp","href":"https:\/\/api.w.org\/{rel}","templated":true}]}}