{"id":80202,"date":"2017-07-14T06:00:48","date_gmt":"2017-07-14T10:00:48","guid":{"rendered":"http:\/\/www.eltrabajo.cl\/2017\/?p=80202"},"modified":"2017-07-14T06:00:48","modified_gmt":"2017-07-14T10:00:48","slug":"canto-a-lo-divino-todo-el-sabado-en-el-museo-buen-pastor","status":"publish","type":"post","link":"https:\/\/eltrabajo.cl\/portal\/canto-a-lo-divino-todo-el-sabado-en-el-museo-buen-pastor\/","title":{"rendered":"Canto a lo Divino todo el s\u00e1bado en el Museo Buen Pastor"},"content":{"rendered":"<figure id=\"attachment_80203\" aria-describedby=\"caption-attachment-80203\" style=\"width: 580px\" class=\"wp-caption alignnone\"><img data-recalc-dims=\"1\" loading=\"lazy\" decoding=\"async\" class=\"size-full wp-image-80203\" src=\"https:\/\/i0.wp.com\/www.eltrabajo.cl\/2017\/wp-content\/uploads\/2017\/07\/Museo_Leda-Chopitea.jpg?resize=580%2C513\" alt=\"Directora de Fundaci\u00f3n Buen Pastor San Felipe, Leda Chopitea Gilardoni.\" width=\"580\" height=\"513\" srcset=\"https:\/\/i0.wp.com\/eltrabajo.cl\/portal\/wp-content\/uploads\/2017\/07\/Museo_Leda-Chopitea.jpg?w=580&amp;ssl=1 580w, https:\/\/i0.wp.com\/eltrabajo.cl\/portal\/wp-content\/uploads\/2017\/07\/Museo_Leda-Chopitea.jpg?resize=170%2C150&amp;ssl=1 170w, https:\/\/i0.wp.com\/eltrabajo.cl\/portal\/wp-content\/uploads\/2017\/07\/Museo_Leda-Chopitea.jpg?resize=300%2C265&amp;ssl=1 300w, https:\/\/i0.wp.com\/eltrabajo.cl\/portal\/wp-content\/uploads\/2017\/07\/Museo_Leda-Chopitea.jpg?resize=400%2C354&amp;ssl=1 400w\" sizes=\"auto, (max-width: 580px) 100vw, 580px\" \/><figcaption id=\"caption-attachment-80203\" class=\"wp-caption-text\">Directora de Fundaci\u00f3n Buen Pastor San Felipe, Leda Chopitea Gilardoni.<\/figcaption><\/figure>\n<p>Este s\u00e1bado 15 de julio Fundaci\u00f3n Buen Pastor estar\u00e1 realizando una jornada de Canto a lo Divino, en conjunto con la Escuela Manuel Rodr\u00edguez, de forma de colaborar al rescate de la tradici\u00f3n oral musical, articulando el espacio religioso con una manifestaci\u00f3n art\u00edstica y folcl\u00f3rica propia de nuestra poblaci\u00f3n rural. Recordar que los poetas populares y su expresi\u00f3n de arte religioso tienen una data de m\u00e1s de 500 a\u00f1os en los valles centrales de Chile, y la misma perdura a\u00fan en Aconcagua.<br \/>\nLa Fundaci\u00f3n promueve con este tradicional montaje art\u00edstico-religioso la cultura local, articulando el uso del espacio religioso, los actores culturales y los gestores patrimoniales; colaborando de esta manera a la recuperaci\u00f3n y puesta en valor de esta antigua manifestaci\u00f3n art\u00edstica del gran valle de Aconcagua.<br \/>\n\u00abEste encuentro se desarrolla siempre en v\u00edsperas de la celebraci\u00f3n de la Virgen de Nuestra Se\u00f1ora del Carmen, los cantores a lo Divino se dan cita en la Iglesia del Buen Pastor, ubicada en el Conjunto Patrimonial Buen Pastor de la ciudad de San Felipe. La ceremonia comenzar\u00e1 a las 9:30 horas en la ma\u00f1ana y se extender\u00e1 hasta las 17:00 horas, por lo que hago extensiva la invitaci\u00f3n a todos los sanfelipe\u00f1os y aconcag\u00fcinos en general\u00bb, coment\u00f3 a Diario El Trabajo la directora de Fundaci\u00f3n Buen Pastor San Felipe, Leda Chopitea Gilardoni.<br \/>\nSeg\u00fa inform\u00f3 la funcionaria, abrir\u00e1 la ceremonia don Pedro \u2018Choro\u2019 Estay, siguiendo con otros como Fernando Montenegro \u2018caballito Blanco\u2019, y Cristian Cruz, los tres de Putaendo. De Los Andes estar\u00e1n tambi\u00e9n la se\u00f1ora Leontina y don Daniel; los Hermanos Madariaga, quienes trabajan el canto en la Escuela Manuel Rodr\u00edguez. Adem\u00e1s, desde San Esteban llegar\u00e1n don Juan Serrano y Bernardo Ibaceta.<br \/>\n\u00abNuestra Fundaci\u00f3n organiza esta jornada para colaborar al rescate de la tradici\u00f3n oral musical, articulando el espacio religioso con una manifestaci\u00f3n art\u00edstica y folcl\u00f3rica propia de nuestra poblaci\u00f3n rural. Recordar que los poetas populares y su expresi\u00f3n de arte religioso tienen una data de m\u00e1s de 500 a\u00f1os en los valles centrales de Chile, y la misma perdura a\u00fan en Aconcagua\u00bb, agreg\u00f3 Chopitea a Diario El Trabajo.<br \/>\n<strong>Roberto Gonz\u00e1lez Short<\/strong><\/p>\n<figure id=\"attachment_80204\" aria-describedby=\"caption-attachment-80204\" style=\"width: 580px\" class=\"wp-caption alignnone\"><img data-recalc-dims=\"1\" loading=\"lazy\" decoding=\"async\" class=\"size-full wp-image-80204\" src=\"https:\/\/i0.wp.com\/www.eltrabajo.cl\/2017\/wp-content\/uploads\/2017\/07\/Museo1.jpg?resize=580%2C349\" alt=\"Fernando Montenegro, el querido \u2018Caballito Blanco\u2019, ser\u00e1 uno de los cantores a Lo Divino que participar\u00e1 en esta fecha especial.\" width=\"580\" height=\"349\" srcset=\"https:\/\/i0.wp.com\/eltrabajo.cl\/portal\/wp-content\/uploads\/2017\/07\/Museo1.jpg?w=580&amp;ssl=1 580w, https:\/\/i0.wp.com\/eltrabajo.cl\/portal\/wp-content\/uploads\/2017\/07\/Museo1.jpg?resize=200%2C120&amp;ssl=1 200w, https:\/\/i0.wp.com\/eltrabajo.cl\/portal\/wp-content\/uploads\/2017\/07\/Museo1.jpg?resize=300%2C181&amp;ssl=1 300w, https:\/\/i0.wp.com\/eltrabajo.cl\/portal\/wp-content\/uploads\/2017\/07\/Museo1.jpg?resize=249%2C150&amp;ssl=1 249w, https:\/\/i0.wp.com\/eltrabajo.cl\/portal\/wp-content\/uploads\/2017\/07\/Museo1.jpg?resize=400%2C241&amp;ssl=1 400w\" sizes=\"auto, (max-width: 580px) 100vw, 580px\" \/><figcaption id=\"caption-attachment-80204\" class=\"wp-caption-text\">Fernando Montenegro, el querido \u2018Caballito Blanco\u2019, ser\u00e1 uno de los cantores a Lo Divino que participar\u00e1 en esta fecha especial.<\/figcaption><\/figure>\n","protected":false},"excerpt":{"rendered":"<p>Este s\u00e1bado 15 de julio Fundaci\u00f3n Buen Pastor estar\u00e1 realizando una jornada de Canto a lo Divino, en conjunto con la Escuela Manuel Rodr\u00edguez, de forma de colaborar al rescate de la&#8230;<\/p>\n","protected":false},"author":1,"featured_media":80204,"comment_status":"open","ping_status":"open","sticky":false,"template":"","format":"standard","meta":{"advanced_seo_description":"","jetpack_seo_html_title":"","jetpack_seo_noindex":false,"_jetpack_memberships_contains_paid_content":false,"footnotes":""},"categories":[20],"tags":[],"class_list":["post-80202","post","type-post","status-publish","format-standard","has-post-thumbnail","hentry","category-arte-y-cultura"],"jetpack_featured_media_url":"https:\/\/i0.wp.com\/eltrabajo.cl\/portal\/wp-content\/uploads\/2017\/07\/Museo1.jpg?fit=580%2C349&ssl=1","jetpack_sharing_enabled":true,"jetpack_likes_enabled":true,"jetpack-related-posts":[],"_links":{"self":[{"href":"https:\/\/eltrabajo.cl\/portal\/wp-json\/wp\/v2\/posts\/80202","targetHints":{"allow":["GET"]}}],"collection":[{"href":"https:\/\/eltrabajo.cl\/portal\/wp-json\/wp\/v2\/posts"}],"about":[{"href":"https:\/\/eltrabajo.cl\/portal\/wp-json\/wp\/v2\/types\/post"}],"author":[{"embeddable":true,"href":"https:\/\/eltrabajo.cl\/portal\/wp-json\/wp\/v2\/users\/1"}],"replies":[{"embeddable":true,"href":"https:\/\/eltrabajo.cl\/portal\/wp-json\/wp\/v2\/comments?post=80202"}],"version-history":[{"count":0,"href":"https:\/\/eltrabajo.cl\/portal\/wp-json\/wp\/v2\/posts\/80202\/revisions"}],"wp:featuredmedia":[{"embeddable":true,"href":"https:\/\/eltrabajo.cl\/portal\/wp-json\/wp\/v2\/media\/80204"}],"wp:attachment":[{"href":"https:\/\/eltrabajo.cl\/portal\/wp-json\/wp\/v2\/media?parent=80202"}],"wp:term":[{"taxonomy":"category","embeddable":true,"href":"https:\/\/eltrabajo.cl\/portal\/wp-json\/wp\/v2\/categories?post=80202"},{"taxonomy":"post_tag","embeddable":true,"href":"https:\/\/eltrabajo.cl\/portal\/wp-json\/wp\/v2\/tags?post=80202"}],"curies":[{"name":"wp","href":"https:\/\/api.w.org\/{rel}","templated":true}]}}