{"id":80218,"date":"2017-07-14T06:04:58","date_gmt":"2017-07-14T10:04:58","guid":{"rendered":"http:\/\/www.eltrabajo.cl\/2017\/?p=80218"},"modified":"2017-07-14T06:04:58","modified_gmt":"2017-07-14T10:04:58","slug":"cerraran-traslavina-y-coimas-por-renovacion-de-colectores-aguas-servidas","status":"publish","type":"post","link":"https:\/\/eltrabajo.cl\/portal\/cerraran-traslavina-y-coimas-por-renovacion-de-colectores-aguas-servidas\/","title":{"rendered":"Cerrar\u00e1n Traslavi\u00f1a y Coimas por renovaci\u00f3n de colectores aguas servidas"},"content":{"rendered":"<figure id=\"attachment_80219\" aria-describedby=\"caption-attachment-80219\" style=\"width: 579px\" class=\"wp-caption alignnone\"><img data-recalc-dims=\"1\" loading=\"lazy\" decoding=\"async\" class=\"size-full wp-image-80219\" src=\"https:\/\/i0.wp.com\/www.eltrabajo.cl\/2017\/wp-content\/uploads\/2017\/07\/cierre-de-calles.jpg?resize=579%2C227\" alt=\"Los trabajos afectar\u00e1n las calles Traslavi\u00f1a, entre Freire y San Mart\u00edn, y Combate de Las Coimas entre Prat y Santo Domingo, en pleno centro de la ciudad.\" width=\"579\" height=\"227\" srcset=\"https:\/\/i0.wp.com\/eltrabajo.cl\/portal\/wp-content\/uploads\/2017\/07\/cierre-de-calles.jpg?w=579&amp;ssl=1 579w, https:\/\/i0.wp.com\/eltrabajo.cl\/portal\/wp-content\/uploads\/2017\/07\/cierre-de-calles.jpg?resize=200%2C78&amp;ssl=1 200w, https:\/\/i0.wp.com\/eltrabajo.cl\/portal\/wp-content\/uploads\/2017\/07\/cierre-de-calles.jpg?resize=300%2C118&amp;ssl=1 300w, https:\/\/i0.wp.com\/eltrabajo.cl\/portal\/wp-content\/uploads\/2017\/07\/cierre-de-calles.jpg?resize=400%2C157&amp;ssl=1 400w\" sizes=\"auto, (max-width: 579px) 100vw, 579px\" \/><figcaption id=\"caption-attachment-80219\" class=\"wp-caption-text\">Los trabajos afectar\u00e1n las calles Traslavi\u00f1a, entre Freire y San Mart\u00edn, y Combate de Las Coimas entre Prat y Santo Domingo, en pleno centro de la ciudad.<\/figcaption><\/figure>\n<ul>\n<li><strong><span style=\"color: #ff0000;\">El mi\u00e9rcoles 19 parten trabajos en Traslavi\u00f1a<\/span>:\u00a0A partir de agosto se iniciar\u00e1 el cierre en Combate de Las Coimas, en pleno centro, estim\u00e1ndose para octubre el t\u00e9rmino del proyecto.<\/strong><\/li>\n<\/ul>\n<p>Con el objetivo de optimizar el sistema de recolecci\u00f3n y conducci\u00f3n de las aguas servidas en el centro de San Felipe, Esval iniciar\u00e1 a partir del mi\u00e9rcoles 19 la renovaci\u00f3n de algunos colectores, proyecto que implica una inversi\u00f3n de $113 millones y que demandar\u00e1 el cierre temporal de dos importantes arterias como son Traslavi\u00f1a, entre Freire y San Mart\u00edn, y en calle Combate de las Coimas, entre Santo Domingo y Prat.<br \/>\nLos trabajos contemplan el recambio de 257 metros de tuber\u00eda, adem\u00e1s la construcci\u00f3n de seis c\u00e1maras de inspecci\u00f3n y la renovaci\u00f3n de 45 uniones domiciliarias en el sector.<br \/>\nAs\u00ed lo inform\u00f3 el subgerente zonal de Esval, Ennio Canessa, quien destac\u00f3 que \u00abeste proyecto moderniza nuestra infraestructura en el centro de la comuna y permite acompa\u00f1ar el progreso de nuestra ciudad, reforzando nuestro sistema en una zona de vital importancia, donde confluyen variados servicios, comercio y otras instituciones. Por ello, era necesario renovar parte de nuestra red para seguir cumpliendo con los est\u00e1ndares de calidad hacia nuestros clientes, y que d\u00eda a d\u00eda seguimos mejorando para lograr que las ciudades en las que operamos, cuenten con el respaldo de nuestro servicio\u00bb.<br \/>\nEl ejecutivo detall\u00f3 que las obras se iniciar\u00e1n la pr\u00f3xima semana en calle Traslavi\u00f1a, mientras que en agosto comenzar\u00e1 la intervenci\u00f3n de calle Combate de las Coimas. Adem\u00e1s, indic\u00f3 que el desarrollo de este proyecto no compromete la continuidad del servicio de recolecci\u00f3n y conducci\u00f3n de aguas servidas del sector.<\/p>\n<p><span style=\"color: #ff0000;\"><strong>\u00abTENER PACIENCIA\u00bb<\/strong><\/span><br \/>\nPor su parte, Patricio Gonz\u00e1lez, Alcalde (s) de San Felipe, hizo un llamado a la comunidad a \u00abtener paciencia. Sabemos que estas obras implicar\u00e1n algunas molestias, pero son instancias que deben realizarse para renovar y mejorar la red existente. Para ello, estamos trabajando para minimizar estas complicaciones. Nos hemos reunido con la gente de Esval, para generar un trabajo en conjunto para disminuir la afectaci\u00f3n\u00bb, sostuvo.<\/p>\n<p><span style=\"color: #ff0000;\"><strong>CIERRE DE CALLES<\/strong><\/span><br \/>\nPara el desarrollo de estas necesarias obras, ser\u00e1 necesario el cierre temporal de calles Traslavi\u00f1a y Combate de las Coimas en los tramos indicados, para lo cual se estableci\u00f3 un plan de desv\u00edos que estar\u00e1 debidamente se\u00f1alizado. Ante ello, Canessa destac\u00f3 la coordinaci\u00f3n con las autoridades y organismos de emergencia, especialmente con el municipio de San Felipe, para la \u00f3ptima ejecuci\u00f3n de las obras.<br \/>\nEsval ya inici\u00f3 la entrega de volantes en todo el sector, informaci\u00f3n que se est\u00e1 reforzando con contactos puerta a puerta y difusi\u00f3n en la prensa. El t\u00e9rmino del proyecto est\u00e1 previsto para octubre pr\u00f3ximo, y ante cualquier consulta, los clientes podr\u00e1n contactarse al fono 600 600 60 60, \u00f3 a trav\u00e9s de la cuenta de Twitter @esval_chile.<\/p>\n","protected":false},"excerpt":{"rendered":"<p>El mi\u00e9rcoles 19 parten trabajos en Traslavi\u00f1a:\u00a0A partir de agosto se iniciar\u00e1 el cierre en Combate de Las Coimas, en pleno centro, estim\u00e1ndose para octubre el t\u00e9rmino del proyecto. Con el objetivo&#8230;<\/p>\n","protected":false},"author":1,"featured_media":80219,"comment_status":"open","ping_status":"open","sticky":false,"template":"","format":"standard","meta":{"advanced_seo_description":"","jetpack_seo_html_title":"","jetpack_seo_noindex":false,"_jetpack_memberships_contains_paid_content":false,"footnotes":""},"categories":[1],"tags":[],"class_list":["post-80218","post","type-post","status-publish","format-standard","has-post-thumbnail","hentry","category-cronica"],"jetpack_featured_media_url":"https:\/\/i0.wp.com\/eltrabajo.cl\/portal\/wp-content\/uploads\/2017\/07\/cierre-de-calles.jpg?fit=579%2C227&ssl=1","jetpack_sharing_enabled":true,"jetpack_likes_enabled":true,"jetpack-related-posts":[],"_links":{"self":[{"href":"https:\/\/eltrabajo.cl\/portal\/wp-json\/wp\/v2\/posts\/80218","targetHints":{"allow":["GET"]}}],"collection":[{"href":"https:\/\/eltrabajo.cl\/portal\/wp-json\/wp\/v2\/posts"}],"about":[{"href":"https:\/\/eltrabajo.cl\/portal\/wp-json\/wp\/v2\/types\/post"}],"author":[{"embeddable":true,"href":"https:\/\/eltrabajo.cl\/portal\/wp-json\/wp\/v2\/users\/1"}],"replies":[{"embeddable":true,"href":"https:\/\/eltrabajo.cl\/portal\/wp-json\/wp\/v2\/comments?post=80218"}],"version-history":[{"count":0,"href":"https:\/\/eltrabajo.cl\/portal\/wp-json\/wp\/v2\/posts\/80218\/revisions"}],"wp:featuredmedia":[{"embeddable":true,"href":"https:\/\/eltrabajo.cl\/portal\/wp-json\/wp\/v2\/media\/80219"}],"wp:attachment":[{"href":"https:\/\/eltrabajo.cl\/portal\/wp-json\/wp\/v2\/media?parent=80218"}],"wp:term":[{"taxonomy":"category","embeddable":true,"href":"https:\/\/eltrabajo.cl\/portal\/wp-json\/wp\/v2\/categories?post=80218"},{"taxonomy":"post_tag","embeddable":true,"href":"https:\/\/eltrabajo.cl\/portal\/wp-json\/wp\/v2\/tags?post=80218"}],"curies":[{"name":"wp","href":"https:\/\/api.w.org\/{rel}","templated":true}]}}