{"id":80221,"date":"2017-07-14T06:05:55","date_gmt":"2017-07-14T10:05:55","guid":{"rendered":"http:\/\/www.eltrabajo.cl\/2017\/?p=80221"},"modified":"2017-07-14T06:05:55","modified_gmt":"2017-07-14T10:05:55","slug":"joven-denuncia-que-fue-sedada-secuestrada-y-golpeada-en-una-camioneta","status":"publish","type":"post","link":"https:\/\/eltrabajo.cl\/portal\/joven-denuncia-que-fue-sedada-secuestrada-y-golpeada-en-una-camioneta\/","title":{"rendered":"Joven denuncia que fue sedada, secuestrada y golpeada en una camioneta"},"content":{"rendered":"<figure id=\"attachment_80223\" aria-describedby=\"caption-attachment-80223\" style=\"width: 580px\" class=\"wp-caption alignnone\"><img data-recalc-dims=\"1\" loading=\"lazy\" decoding=\"async\" class=\"size-full wp-image-80223\" src=\"https:\/\/i0.wp.com\/www.eltrabajo.cl\/2017\/wp-content\/uploads\/2017\/07\/Secuestro1.jpg?resize=580%2C349\" alt=\"DURA GOLPIZA.- As\u00ed luce el rostro de Natalia Labra, luego que recibiera una golpiza al interior de una camioneta, seg\u00fan lo denunci\u00f3 la joven.\" width=\"580\" height=\"349\" srcset=\"https:\/\/i0.wp.com\/eltrabajo.cl\/portal\/wp-content\/uploads\/2017\/07\/Secuestro1.jpg?w=580&amp;ssl=1 580w, https:\/\/i0.wp.com\/eltrabajo.cl\/portal\/wp-content\/uploads\/2017\/07\/Secuestro1.jpg?resize=200%2C120&amp;ssl=1 200w, https:\/\/i0.wp.com\/eltrabajo.cl\/portal\/wp-content\/uploads\/2017\/07\/Secuestro1.jpg?resize=300%2C181&amp;ssl=1 300w, https:\/\/i0.wp.com\/eltrabajo.cl\/portal\/wp-content\/uploads\/2017\/07\/Secuestro1.jpg?resize=249%2C150&amp;ssl=1 249w, https:\/\/i0.wp.com\/eltrabajo.cl\/portal\/wp-content\/uploads\/2017\/07\/Secuestro1.jpg?resize=400%2C241&amp;ssl=1 400w\" sizes=\"auto, (max-width: 580px) 100vw, 580px\" \/><figcaption id=\"caption-attachment-80223\" class=\"wp-caption-text\">DURA GOLPIZA.- As\u00ed luce el rostro de Natalia Labra, luego que recibiera una golpiza al interior de una camioneta, seg\u00fan lo denunci\u00f3 la joven.<\/figcaption><\/figure>\n<ul>\n<li><span style=\"color: #ff0000;\"><strong>Asegura que sus vecinos buscan impedir que ella tenga pololo:<\/strong><\/span><\/li>\n<\/ul>\n<p>Una seria denuncia en la que se menciona el secuestro de una mujer de 31 a\u00f1os de edad, vecina de Villa Santa Rosa y que detalla que al menos dos hombres habr\u00edan secuestrado a la v\u00edctima usando una droga para inmovilizarla, as\u00ed como el propinarle una golpiza dentro de una camioneta, es la que hizo p\u00fablica Natalia Labra Calder\u00f3n, quien visit\u00f3 nuestra Sala de Redacci\u00f3n en compa\u00f1\u00eda de su madre.<br \/>\nSeg\u00fan documentos mostrados a nuestro medio, la joven tiene un 66% de discapacidad mental, lo que tambi\u00e9n habr\u00edan aprovechado los individuos para dominar las acciones. Seg\u00fan lo relatado por la v\u00edctima, este secuestro habr\u00eda ocurrido en horas de la tarde del d\u00eda mi\u00e9rcoles, por lo que el hecho fue reportado en la PDI antes de las 19:00 horas.<br \/>\nSeg\u00fan la madre de la afectada y la misma denunciante, este secuestro y golpiza se habr\u00eda generado porque los vecinos de ellas no aceptan que un joven siete a\u00f1os menor sea el pololo de Natalia, lo que habr\u00eda generado una serie de reclamos al joven y a ella misma, para que \u00e9l deje de visitarla.<\/p>\n<p><span style=\"color: #ff0000;\"><strong>SECUESTRO Y GOLPIZA<\/strong><\/span><br \/>\nDiario El Trabajo habl\u00f3 con Natalia para saber los detalles de la agresi\u00f3n.<br \/>\n<strong>&#8211; \u00bfQu\u00e9 supone usted que ha originado esta agresi\u00f3n en su contra?<\/strong><br \/>\n&#8211; Yo hace como tres meses estoy pololeando con un joven de 24 a\u00f1os. Cuando mi pololo llega a mi casa a visitarme, \u00e9l estaciona su auto frente a la entrada, el tema es que los vecinos que viven frente a mi casa le han reclamado de mala forma a mi pololo por estacionar su auto ah\u00ed, hasta le han robado algunas cosas, seg\u00fan entiendo.<br \/>\n<strong>&#8211; \u00bfTan grave es la situaci\u00f3n con sus vecinos?<\/strong><br \/>\n&#8211; Lo que pasa es que cada vez que salgo a pasear los fines de semana, esos vecinos la agarran contra nosotros, esos vecinos amenazan a mi pololo con golpearlo.<br \/>\n<strong>&#8211; \u00bfExactamente qu\u00e9 es lo que te ocurri\u00f3 este mi\u00e9rcoles?<\/strong><br \/>\n&#8211; Este mi\u00e9rcoles en la tarde yo sal\u00ed a comprar el pan, cuando ya hab\u00eda comprado el pan, uno de los vecinos sali\u00f3 de su casa y tra\u00eda un frasco con un pa\u00f1uelo, me sujet\u00f3 de los brazos, porque ingres\u00f3 otra persona con una camioneta, me taparon la boca con un pa\u00f1uelo, yo inhal\u00e9 lo que ten\u00eda el pa\u00f1uelo, y me desmay\u00e9.<br \/>\n<strong>&#8211; \u00bfQu\u00e9 pas\u00f3 durante esos minutos?<\/strong><br \/>\n&#8211; Yo estaba con mucho p\u00e1nico, cuando despert\u00e9 ellos me dieron golpes en la cara, yo no quiero que me maten o que nos maten a los dos, yo conozco al que me golpe\u00f3, es el vecino que vive frente a mi casa, me dec\u00edan \u2018ya mar\u2026 c\u2026, aqu\u00ed te vamos a dejar, no queremos verte m\u00e1s con tu pololo por aqu\u00ed\u2019.<\/p>\n<p><span style=\"color: #ff0000;\"><strong>SIN DETENIDOS<\/strong><\/span><br \/>\nAl momento de hacer esta breve entrevista, la joven de 31 a\u00f1os presentaba varios hematomas en su rostro. Seg\u00fan informaci\u00f3n suministrada por la madre de Natalia, do\u00f1a Ver\u00f3nica, inicialmente la PDI se entrevist\u00f3 con el supuesto agresor, pero al momento del cierre de nuestra Edici\u00f3n no se hab\u00eda reportado ninguna detenci\u00f3n ni formalizaci\u00f3n por Secuestro o Agresiones en contra de Natalia.<br \/>\n<strong>Roberto Gonz\u00e1lez Short<\/strong><\/p>\n<figure id=\"attachment_80222\" aria-describedby=\"caption-attachment-80222\" style=\"width: 580px\" class=\"wp-caption alignnone\"><img data-recalc-dims=\"1\" loading=\"lazy\" decoding=\"async\" class=\"size-full wp-image-80222\" src=\"https:\/\/i0.wp.com\/www.eltrabajo.cl\/2017\/wp-content\/uploads\/2017\/07\/Secuestro_Natalia-Labra.jpg?resize=580%2C350\" alt=\"AMARGOS MOMENTOS.- Muy afectada se mostr\u00f3 la joven Natalia Labra al momento de relatar su experiencia.\" width=\"580\" height=\"350\" srcset=\"https:\/\/i0.wp.com\/eltrabajo.cl\/portal\/wp-content\/uploads\/2017\/07\/Secuestro_Natalia-Labra.jpg?w=580&amp;ssl=1 580w, https:\/\/i0.wp.com\/eltrabajo.cl\/portal\/wp-content\/uploads\/2017\/07\/Secuestro_Natalia-Labra.jpg?resize=200%2C121&amp;ssl=1 200w, https:\/\/i0.wp.com\/eltrabajo.cl\/portal\/wp-content\/uploads\/2017\/07\/Secuestro_Natalia-Labra.jpg?resize=300%2C181&amp;ssl=1 300w, https:\/\/i0.wp.com\/eltrabajo.cl\/portal\/wp-content\/uploads\/2017\/07\/Secuestro_Natalia-Labra.jpg?resize=249%2C150&amp;ssl=1 249w, https:\/\/i0.wp.com\/eltrabajo.cl\/portal\/wp-content\/uploads\/2017\/07\/Secuestro_Natalia-Labra.jpg?resize=400%2C241&amp;ssl=1 400w\" sizes=\"auto, (max-width: 580px) 100vw, 580px\" \/><figcaption id=\"caption-attachment-80222\" class=\"wp-caption-text\">AMARGOS MOMENTOS.- Muy afectada se mostr\u00f3 la joven Natalia Labra al momento de relatar su experiencia.<\/figcaption><\/figure>\n<figure id=\"attachment_80224\" aria-describedby=\"caption-attachment-80224\" style=\"width: 580px\" class=\"wp-caption alignnone\"><img data-recalc-dims=\"1\" loading=\"lazy\" decoding=\"async\" class=\"size-full wp-image-80224\" src=\"https:\/\/i0.wp.com\/www.eltrabajo.cl\/2017\/wp-content\/uploads\/2017\/07\/Secuestro2.jpg?resize=580%2C350\" alt=\"EN INVESTIGACI\u00d3N.- Ya la PDI est\u00e1 investigando esta denuncia, se interrog\u00f3 a  un sospechoso, pero a\u00fan no hay detenidos.\" width=\"580\" height=\"350\" srcset=\"https:\/\/i0.wp.com\/eltrabajo.cl\/portal\/wp-content\/uploads\/2017\/07\/Secuestro2.jpg?w=580&amp;ssl=1 580w, https:\/\/i0.wp.com\/eltrabajo.cl\/portal\/wp-content\/uploads\/2017\/07\/Secuestro2.jpg?resize=200%2C121&amp;ssl=1 200w, https:\/\/i0.wp.com\/eltrabajo.cl\/portal\/wp-content\/uploads\/2017\/07\/Secuestro2.jpg?resize=300%2C181&amp;ssl=1 300w, https:\/\/i0.wp.com\/eltrabajo.cl\/portal\/wp-content\/uploads\/2017\/07\/Secuestro2.jpg?resize=249%2C150&amp;ssl=1 249w, https:\/\/i0.wp.com\/eltrabajo.cl\/portal\/wp-content\/uploads\/2017\/07\/Secuestro2.jpg?resize=400%2C241&amp;ssl=1 400w\" sizes=\"auto, (max-width: 580px) 100vw, 580px\" \/><figcaption id=\"caption-attachment-80224\" class=\"wp-caption-text\">EN INVESTIGACI\u00d3N.- Ya la PDI est\u00e1 investigando esta denuncia, se interrog\u00f3 a un sospechoso, pero a\u00fan no hay detenidos.<\/figcaption><\/figure>\n<figure id=\"attachment_80225\" aria-describedby=\"caption-attachment-80225\" style=\"width: 580px\" class=\"wp-caption alignnone\"><img data-recalc-dims=\"1\" loading=\"lazy\" decoding=\"async\" class=\"size-full wp-image-80225\" src=\"https:\/\/i0.wp.com\/www.eltrabajo.cl\/2017\/wp-content\/uploads\/2017\/07\/Secuestro3.jpg?resize=580%2C348\" alt=\"ES DISCAPACITADA.- Este es el documento que establece la condici\u00f3n de discapacidad de la joven Natalia Labra.\" width=\"580\" height=\"348\" srcset=\"https:\/\/i0.wp.com\/eltrabajo.cl\/portal\/wp-content\/uploads\/2017\/07\/Secuestro3.jpg?w=580&amp;ssl=1 580w, https:\/\/i0.wp.com\/eltrabajo.cl\/portal\/wp-content\/uploads\/2017\/07\/Secuestro3.jpg?resize=200%2C120&amp;ssl=1 200w, https:\/\/i0.wp.com\/eltrabajo.cl\/portal\/wp-content\/uploads\/2017\/07\/Secuestro3.jpg?resize=300%2C180&amp;ssl=1 300w, https:\/\/i0.wp.com\/eltrabajo.cl\/portal\/wp-content\/uploads\/2017\/07\/Secuestro3.jpg?resize=250%2C150&amp;ssl=1 250w, https:\/\/i0.wp.com\/eltrabajo.cl\/portal\/wp-content\/uploads\/2017\/07\/Secuestro3.jpg?resize=400%2C240&amp;ssl=1 400w\" sizes=\"auto, (max-width: 580px) 100vw, 580px\" \/><figcaption id=\"caption-attachment-80225\" class=\"wp-caption-text\">ES DISCAPACITADA.- Este es el documento que establece la condici\u00f3n de discapacidad de la joven Natalia Labra.<\/figcaption><\/figure>\n<figure id=\"attachment_80226\" aria-describedby=\"caption-attachment-80226\" style=\"width: 580px\" class=\"wp-caption alignnone\"><img data-recalc-dims=\"1\" loading=\"lazy\" decoding=\"async\" class=\"size-full wp-image-80226\" src=\"https:\/\/i0.wp.com\/www.eltrabajo.cl\/2017\/wp-content\/uploads\/2017\/07\/Secuestro4.jpg?resize=580%2C348\" alt=\"La madre de Natalia, do\u00f1a Ver\u00f3nica Calder\u00f3n, le acompa\u00f1\u00f3 en todas las gestiones para denunciar este caso.\" width=\"580\" height=\"348\" srcset=\"https:\/\/i0.wp.com\/eltrabajo.cl\/portal\/wp-content\/uploads\/2017\/07\/Secuestro4.jpg?w=580&amp;ssl=1 580w, https:\/\/i0.wp.com\/eltrabajo.cl\/portal\/wp-content\/uploads\/2017\/07\/Secuestro4.jpg?resize=200%2C120&amp;ssl=1 200w, https:\/\/i0.wp.com\/eltrabajo.cl\/portal\/wp-content\/uploads\/2017\/07\/Secuestro4.jpg?resize=300%2C180&amp;ssl=1 300w, https:\/\/i0.wp.com\/eltrabajo.cl\/portal\/wp-content\/uploads\/2017\/07\/Secuestro4.jpg?resize=250%2C150&amp;ssl=1 250w, https:\/\/i0.wp.com\/eltrabajo.cl\/portal\/wp-content\/uploads\/2017\/07\/Secuestro4.jpg?resize=400%2C240&amp;ssl=1 400w\" sizes=\"auto, (max-width: 580px) 100vw, 580px\" \/><figcaption id=\"caption-attachment-80226\" class=\"wp-caption-text\">La madre de Natalia, do\u00f1a Ver\u00f3nica Calder\u00f3n, le acompa\u00f1\u00f3 en todas las gestiones para denunciar este caso.<\/figcaption><\/figure>\n","protected":false},"excerpt":{"rendered":"<p>Asegura que sus vecinos buscan impedir que ella tenga pololo: Una seria denuncia en la que se menciona el secuestro de una mujer de 31 a\u00f1os de edad, vecina de Villa Santa&#8230;<\/p>\n","protected":false},"author":1,"featured_media":80222,"comment_status":"open","ping_status":"open","sticky":false,"template":"","format":"standard","meta":{"advanced_seo_description":"","jetpack_seo_html_title":"","jetpack_seo_noindex":false,"_jetpack_memberships_contains_paid_content":false,"footnotes":""},"categories":[15],"tags":[],"class_list":["post-80221","post","type-post","status-publish","format-standard","has-post-thumbnail","hentry","category-comunidad"],"jetpack_featured_media_url":"https:\/\/i0.wp.com\/eltrabajo.cl\/portal\/wp-content\/uploads\/2017\/07\/Secuestro_Natalia-Labra.jpg?fit=580%2C350&ssl=1","jetpack_sharing_enabled":true,"jetpack_likes_enabled":true,"jetpack-related-posts":[],"_links":{"self":[{"href":"https:\/\/eltrabajo.cl\/portal\/wp-json\/wp\/v2\/posts\/80221","targetHints":{"allow":["GET"]}}],"collection":[{"href":"https:\/\/eltrabajo.cl\/portal\/wp-json\/wp\/v2\/posts"}],"about":[{"href":"https:\/\/eltrabajo.cl\/portal\/wp-json\/wp\/v2\/types\/post"}],"author":[{"embeddable":true,"href":"https:\/\/eltrabajo.cl\/portal\/wp-json\/wp\/v2\/users\/1"}],"replies":[{"embeddable":true,"href":"https:\/\/eltrabajo.cl\/portal\/wp-json\/wp\/v2\/comments?post=80221"}],"version-history":[{"count":0,"href":"https:\/\/eltrabajo.cl\/portal\/wp-json\/wp\/v2\/posts\/80221\/revisions"}],"wp:featuredmedia":[{"embeddable":true,"href":"https:\/\/eltrabajo.cl\/portal\/wp-json\/wp\/v2\/media\/80222"}],"wp:attachment":[{"href":"https:\/\/eltrabajo.cl\/portal\/wp-json\/wp\/v2\/media?parent=80221"}],"wp:term":[{"taxonomy":"category","embeddable":true,"href":"https:\/\/eltrabajo.cl\/portal\/wp-json\/wp\/v2\/categories?post=80221"},{"taxonomy":"post_tag","embeddable":true,"href":"https:\/\/eltrabajo.cl\/portal\/wp-json\/wp\/v2\/tags?post=80221"}],"curies":[{"name":"wp","href":"https:\/\/api.w.org\/{rel}","templated":true}]}}