{"id":80232,"date":"2017-07-17T06:00:47","date_gmt":"2017-07-17T10:00:47","guid":{"rendered":"http:\/\/www.eltrabajo.cl\/2017\/?p=80232"},"modified":"2017-07-17T06:00:47","modified_gmt":"2017-07-17T10:00:47","slug":"dirigentes-comunitarios-recibieron-estimulo-que-debieron-recibir-en-2016","status":"publish","type":"post","link":"https:\/\/eltrabajo.cl\/portal\/dirigentes-comunitarios-recibieron-estimulo-que-debieron-recibir-en-2016\/","title":{"rendered":"Dirigentes comunitarios recibieron est\u00edmulo que debieron recibir en 2016"},"content":{"rendered":"<figure id=\"attachment_80235\" aria-describedby=\"caption-attachment-80235\" style=\"width: 580px\" class=\"wp-caption alignnone\"><img data-recalc-dims=\"1\" loading=\"lazy\" decoding=\"async\" class=\"size-full wp-image-80235\" src=\"https:\/\/i0.wp.com\/www.eltrabajo.cl\/2017\/wp-content\/uploads\/2017\/07\/Dirigentes2.jpg?resize=580%2C348\" alt=\"TARDE PERO SEGURO.- Este s\u00e1bado ellos recibieron un regalo o premio que ten\u00edan que haber recibido en 2016, pero que por las Elecciones no se entregaron.\" width=\"580\" height=\"348\" srcset=\"https:\/\/i0.wp.com\/eltrabajo.cl\/portal\/wp-content\/uploads\/2017\/07\/Dirigentes2.jpg?w=580&amp;ssl=1 580w, https:\/\/i0.wp.com\/eltrabajo.cl\/portal\/wp-content\/uploads\/2017\/07\/Dirigentes2.jpg?resize=200%2C120&amp;ssl=1 200w, https:\/\/i0.wp.com\/eltrabajo.cl\/portal\/wp-content\/uploads\/2017\/07\/Dirigentes2.jpg?resize=300%2C180&amp;ssl=1 300w, https:\/\/i0.wp.com\/eltrabajo.cl\/portal\/wp-content\/uploads\/2017\/07\/Dirigentes2.jpg?resize=250%2C150&amp;ssl=1 250w, https:\/\/i0.wp.com\/eltrabajo.cl\/portal\/wp-content\/uploads\/2017\/07\/Dirigentes2.jpg?resize=400%2C240&amp;ssl=1 400w\" sizes=\"auto, (max-width: 580px) 100vw, 580px\" \/><figcaption id=\"caption-attachment-80235\" class=\"wp-caption-text\">TARDE PERO SEGURO.- Este s\u00e1bado ellos recibieron un regalo o premio que ten\u00edan que haber recibido en 2016, pero que por las Elecciones no se entregaron.<\/figcaption><\/figure>\n<ul>\n<li><span style=\"color: #ff0000;\"><strong>En agosto cerrar\u00e1 su a\u00f1o 2017 la Escuela de Dirigentes:<\/strong><\/span><\/li>\n<\/ul>\n<p>De las 15:00 a las 18:30 horas, todos los s\u00e1bados, se re\u00fanen m\u00e1s de 40 vecinos de nuestra comuna para participar en las clases y talleres de la Escuela del Dirigente. Este s\u00e1bado ellos recibieron un regalo o premio que ten\u00edan que haber recibido en 2016, pero que por las Elecciones no se entregaron.<br \/>\nSeg\u00fan inform\u00f3 a Diario El Trabajo la joven Paulina Squella, presidenta de la Escuela del Dirigente San Felipe, el pr\u00f3ximo 26 de agosto culminar\u00e1 el a\u00f1o 2017 de esta escuela, por lo que ya se respiran aires de optimismo entre quienes reciben preparaci\u00f3n.<br \/>\n\u00abNosotros hemos aprendido much\u00edsimo durante este a\u00f1o, recibimos varios talleres, entre estos con abogados de la Corporaci\u00f3n, talleres para conocer c\u00f3mo postular a proyectos y a relacionarnos con los dem\u00e1s organismos del Estado. En total son tres a\u00f1os los que debemos cursar para concluir esta preparaci\u00f3n integral como dirigentes, por lo que yo animo a quienes ya est\u00e1n estudiando, a seguir haci\u00e9ndolo, y a quienes a\u00fan no ingresan, a que se involucren en esta escuela\u00bb, dijo Squella.<br \/>\nEstos l\u00edderes comunitarios reciben preparaci\u00f3n sobre diversos temas que son fundamentales para el desarrollo de su labor, y operan al alero del Departamento de Organizaciones Comunitarias de la municipalidad, y son dirigidos por su encargada, la trabajadora social Alicia Nicloux.<br \/>\n\u00abLa malla curricular que tiene la Escuela de Dirigentes considera la entrega de contenidos respecto del quehacer de todos los servicios y departamentos municipales, informaci\u00f3n respecto de los organismos p\u00fablicos de la comuna, as\u00ed como m\u00f3dulos espec\u00edficos relativos a resoluci\u00f3n alternativa de conflictos, ley de juntas de vecinos, primeros auxilios, manejo de estr\u00e9s, entre otros\u00bb, detall\u00f3 Nicloux.<br \/>\n<strong>Roberto Gonz\u00e1lez Short<\/strong><\/p>\n<figure id=\"attachment_80233\" aria-describedby=\"caption-attachment-80233\" style=\"width: 579px\" class=\"wp-caption alignnone\"><img data-recalc-dims=\"1\" loading=\"lazy\" decoding=\"async\" class=\"size-full wp-image-80233\" src=\"https:\/\/i0.wp.com\/www.eltrabajo.cl\/2017\/wp-content\/uploads\/2017\/07\/Dirigentes_Paulina-Squella.jpg?resize=579%2C561\" alt=\"Paulina Squella, presidenta de la Escuela del Dirigente San Felipe.\" width=\"579\" height=\"561\" srcset=\"https:\/\/i0.wp.com\/eltrabajo.cl\/portal\/wp-content\/uploads\/2017\/07\/Dirigentes_Paulina-Squella.jpg?w=579&amp;ssl=1 579w, https:\/\/i0.wp.com\/eltrabajo.cl\/portal\/wp-content\/uploads\/2017\/07\/Dirigentes_Paulina-Squella.jpg?resize=155%2C150&amp;ssl=1 155w, https:\/\/i0.wp.com\/eltrabajo.cl\/portal\/wp-content\/uploads\/2017\/07\/Dirigentes_Paulina-Squella.jpg?resize=300%2C291&amp;ssl=1 300w, https:\/\/i0.wp.com\/eltrabajo.cl\/portal\/wp-content\/uploads\/2017\/07\/Dirigentes_Paulina-Squella.jpg?resize=400%2C388&amp;ssl=1 400w\" sizes=\"auto, (max-width: 579px) 100vw, 579px\" \/><figcaption id=\"caption-attachment-80233\" class=\"wp-caption-text\">Paulina Squella, presidenta de la Escuela del Dirigente San Felipe.<\/figcaption><\/figure>\n<figure id=\"attachment_80234\" aria-describedby=\"caption-attachment-80234\" style=\"width: 580px\" class=\"wp-caption alignnone\"><img data-recalc-dims=\"1\" loading=\"lazy\" decoding=\"async\" class=\"size-full wp-image-80234\" src=\"https:\/\/i0.wp.com\/www.eltrabajo.cl\/2017\/wp-content\/uploads\/2017\/07\/Dirigentes1.jpg?resize=580%2C348\" alt=\"DIRIGENTES COMUNITARIOS.- Ellos son parte de los dirigentes que en agosto estar\u00e1n terminando su a\u00f1o lectivo 2017, y algunos de ellos estar\u00e1n m\u00e1s cerca de terminar el curso de tres a\u00f1os completo.\" width=\"580\" height=\"348\" srcset=\"https:\/\/i0.wp.com\/eltrabajo.cl\/portal\/wp-content\/uploads\/2017\/07\/Dirigentes1.jpg?w=580&amp;ssl=1 580w, https:\/\/i0.wp.com\/eltrabajo.cl\/portal\/wp-content\/uploads\/2017\/07\/Dirigentes1.jpg?resize=200%2C120&amp;ssl=1 200w, https:\/\/i0.wp.com\/eltrabajo.cl\/portal\/wp-content\/uploads\/2017\/07\/Dirigentes1.jpg?resize=300%2C180&amp;ssl=1 300w, https:\/\/i0.wp.com\/eltrabajo.cl\/portal\/wp-content\/uploads\/2017\/07\/Dirigentes1.jpg?resize=250%2C150&amp;ssl=1 250w, https:\/\/i0.wp.com\/eltrabajo.cl\/portal\/wp-content\/uploads\/2017\/07\/Dirigentes1.jpg?resize=400%2C240&amp;ssl=1 400w\" sizes=\"auto, (max-width: 580px) 100vw, 580px\" \/><figcaption id=\"caption-attachment-80234\" class=\"wp-caption-text\">DIRIGENTES COMUNITARIOS.- Ellos son parte de los dirigentes que en agosto estar\u00e1n terminando su a\u00f1o lectivo 2017, y algunos de ellos estar\u00e1n m\u00e1s cerca de terminar el curso de tres a\u00f1os completo.<\/figcaption><\/figure>\n","protected":false},"excerpt":{"rendered":"<p>En agosto cerrar\u00e1 su a\u00f1o 2017 la Escuela de Dirigentes: De las 15:00 a las 18:30 horas, todos los s\u00e1bados, se re\u00fanen m\u00e1s de 40 vecinos de nuestra comuna para participar en&#8230;<\/p>\n","protected":false},"author":1,"featured_media":80234,"comment_status":"open","ping_status":"open","sticky":false,"template":"","format":"standard","meta":{"advanced_seo_description":"","jetpack_seo_html_title":"","jetpack_seo_noindex":false,"_jetpack_memberships_contains_paid_content":false,"footnotes":""},"categories":[15],"tags":[],"class_list":["post-80232","post","type-post","status-publish","format-standard","has-post-thumbnail","hentry","category-comunidad"],"jetpack_featured_media_url":"https:\/\/i0.wp.com\/eltrabajo.cl\/portal\/wp-content\/uploads\/2017\/07\/Dirigentes1.jpg?fit=580%2C348&ssl=1","jetpack_sharing_enabled":true,"jetpack_likes_enabled":true,"jetpack-related-posts":[],"_links":{"self":[{"href":"https:\/\/eltrabajo.cl\/portal\/wp-json\/wp\/v2\/posts\/80232","targetHints":{"allow":["GET"]}}],"collection":[{"href":"https:\/\/eltrabajo.cl\/portal\/wp-json\/wp\/v2\/posts"}],"about":[{"href":"https:\/\/eltrabajo.cl\/portal\/wp-json\/wp\/v2\/types\/post"}],"author":[{"embeddable":true,"href":"https:\/\/eltrabajo.cl\/portal\/wp-json\/wp\/v2\/users\/1"}],"replies":[{"embeddable":true,"href":"https:\/\/eltrabajo.cl\/portal\/wp-json\/wp\/v2\/comments?post=80232"}],"version-history":[{"count":0,"href":"https:\/\/eltrabajo.cl\/portal\/wp-json\/wp\/v2\/posts\/80232\/revisions"}],"wp:featuredmedia":[{"embeddable":true,"href":"https:\/\/eltrabajo.cl\/portal\/wp-json\/wp\/v2\/media\/80234"}],"wp:attachment":[{"href":"https:\/\/eltrabajo.cl\/portal\/wp-json\/wp\/v2\/media?parent=80232"}],"wp:term":[{"taxonomy":"category","embeddable":true,"href":"https:\/\/eltrabajo.cl\/portal\/wp-json\/wp\/v2\/categories?post=80232"},{"taxonomy":"post_tag","embeddable":true,"href":"https:\/\/eltrabajo.cl\/portal\/wp-json\/wp\/v2\/tags?post=80232"}],"curies":[{"name":"wp","href":"https:\/\/api.w.org\/{rel}","templated":true}]}}