{"id":80246,"date":"2017-07-17T06:05:55","date_gmt":"2017-07-17T10:05:55","guid":{"rendered":"http:\/\/www.eltrabajo.cl\/2017\/?p=80246"},"modified":"2017-07-17T06:05:55","modified_gmt":"2017-07-17T10:05:55","slug":"valle-de-aconcagua-se-vistio-de-blanco-y-congelo-termometros-el-fin-de-semana","status":"publish","type":"post","link":"https:\/\/eltrabajo.cl\/portal\/valle-de-aconcagua-se-vistio-de-blanco-y-congelo-termometros-el-fin-de-semana\/","title":{"rendered":"Valle de Aconcagua se visti\u00f3 de Blanco y congel\u00f3 term\u00f3metros el fin de semana"},"content":{"rendered":"<figure id=\"attachment_80250\" aria-describedby=\"caption-attachment-80250\" style=\"width: 580px\" class=\"wp-caption alignnone\"><img data-recalc-dims=\"1\" loading=\"lazy\" decoding=\"async\" class=\"size-full wp-image-80250\" src=\"https:\/\/i0.wp.com\/www.eltrabajo.cl\/2017\/wp-content\/uploads\/2017\/07\/Nieve3.jpg?resize=580%2C348\" alt=\"La iglesia de Santa Filomena tambi\u00e9n fue emblanquecida por la nieve el d\u00eda s\u00e1bado, as\u00ed tambi\u00e9n los cerros del sector. (Foto Roberto Mercado Aced)\" width=\"580\" height=\"348\" srcset=\"https:\/\/i0.wp.com\/eltrabajo.cl\/portal\/wp-content\/uploads\/2017\/07\/Nieve3.jpg?w=580&amp;ssl=1 580w, https:\/\/i0.wp.com\/eltrabajo.cl\/portal\/wp-content\/uploads\/2017\/07\/Nieve3.jpg?resize=200%2C120&amp;ssl=1 200w, https:\/\/i0.wp.com\/eltrabajo.cl\/portal\/wp-content\/uploads\/2017\/07\/Nieve3.jpg?resize=300%2C180&amp;ssl=1 300w, https:\/\/i0.wp.com\/eltrabajo.cl\/portal\/wp-content\/uploads\/2017\/07\/Nieve3.jpg?resize=250%2C150&amp;ssl=1 250w, https:\/\/i0.wp.com\/eltrabajo.cl\/portal\/wp-content\/uploads\/2017\/07\/Nieve3.jpg?resize=400%2C240&amp;ssl=1 400w\" sizes=\"auto, (max-width: 580px) 100vw, 580px\" \/><figcaption id=\"caption-attachment-80250\" class=\"wp-caption-text\">La iglesia de Santa Filomena tambi\u00e9n fue emblanquecida por la nieve el d\u00eda s\u00e1bado, as\u00ed tambi\u00e9n los cerros del sector. (Foto Roberto Mercado Aced)<\/figcaption><\/figure>\n<ul>\n<li><strong><span style=\"color: #ff0000;\">En San Felipe cayeron 6 cm. de nieve y ayer la m\u00ednima fue de -2.4\u00b0C:\u00a0<\/span>Se cumplieron los pron\u00f3sticos y las distintas comunas de las provincias de San Felipe y Los Andes, fueron testigos de una nevaz\u00f3n que no se produc\u00eda desde el a\u00f1o 2007.<\/strong><\/li>\n<\/ul>\n<p>Postales que quedar\u00e1n grabadas en la retina de las nuevas generaciones y que maravillaron a los vecinos de casi todas las comunas del Valle de Aconcagua, fueron las dejadas por las precipitaciones de agua nieve, que cayeron la ma\u00f1ana del s\u00e1bado ente las 7 y las 10:00 horas, dejando un total de 7.1 mm de agua ca\u00edda y 6 cent\u00edmetros de nieve en San Felipe. Mediciones que variaron en distintas partes, siendo las m\u00e1s altas en sectores cordilleranos.<br \/>\nUn evento clim\u00e1tico que, seg\u00fan reporta Miguel Cuevas, encargado de la Estaci\u00f3n Meteorol\u00f3gica de la Escuela Agr\u00edcola de San Felipe, dej\u00f3 mayor acumulaci\u00f3n de nieve en los sectores y comunas m\u00e1s altas del Valle y que mantendr\u00e1 un fr\u00edo extremo durante toda la semana.<br \/>\n\u00abMientras m\u00e1s alta la zona, m\u00e1s nieve cay\u00f3, se mantendr\u00e1 despejado por lo menos hasta el viernes, pero mantendremos temperaturas m\u00ednimas bajo cero, el reporte que estoy dando en temas de la nieve ca\u00edda, est\u00e1n relacionados a lo que medimos ac\u00e1 en San Felipe, pero todos sabemos que en Putaendo y Los Andes hubo altos niveles de nieve ca\u00edda, por lo que mis cifras no son generales\u00bb, proyect\u00f3 Cuevas.<br \/>\nCabe destacar que la temperatura m\u00ednima de ayer domingo lleg\u00f3 a los -2.4\u00b0C y que esa medici\u00f3n ser\u00e1 un par\u00e1metro de referencia para lo que viene durante la semana, cuando seg\u00fan las estimaciones, dif\u00edcilmente las temperaturas m\u00e1ximas alcancen los 15\u00b0.<\/p>\n<figure id=\"attachment_80247\" aria-describedby=\"caption-attachment-80247\" style=\"width: 580px\" class=\"wp-caption alignnone\"><img data-recalc-dims=\"1\" loading=\"lazy\" decoding=\"async\" class=\"size-full wp-image-80247\" src=\"https:\/\/i0.wp.com\/www.eltrabajo.cl\/2017\/wp-content\/uploads\/2017\/07\/NIEVE-8.jpg?resize=580%2C349\" alt=\"FR\u00cdO TOTAL.- En Granallas de Putaendo por ejemplo, la nieve silenci\u00f3 cualquier idea de disfrutar esta piscina en familia. (Foto: Paulo Villarroel)\" width=\"580\" height=\"349\" srcset=\"https:\/\/i0.wp.com\/eltrabajo.cl\/portal\/wp-content\/uploads\/2017\/07\/NIEVE-8.jpg?w=580&amp;ssl=1 580w, https:\/\/i0.wp.com\/eltrabajo.cl\/portal\/wp-content\/uploads\/2017\/07\/NIEVE-8.jpg?resize=200%2C120&amp;ssl=1 200w, https:\/\/i0.wp.com\/eltrabajo.cl\/portal\/wp-content\/uploads\/2017\/07\/NIEVE-8.jpg?resize=300%2C181&amp;ssl=1 300w, https:\/\/i0.wp.com\/eltrabajo.cl\/portal\/wp-content\/uploads\/2017\/07\/NIEVE-8.jpg?resize=249%2C150&amp;ssl=1 249w, https:\/\/i0.wp.com\/eltrabajo.cl\/portal\/wp-content\/uploads\/2017\/07\/NIEVE-8.jpg?resize=400%2C241&amp;ssl=1 400w\" sizes=\"auto, (max-width: 580px) 100vw, 580px\" \/><figcaption id=\"caption-attachment-80247\" class=\"wp-caption-text\">FR\u00cdO TOTAL.- En Granallas de Putaendo por ejemplo, la nieve silenci\u00f3 cualquier idea de disfrutar esta piscina en familia. (Foto: Paulo Villarroel)<\/figcaption><\/figure>\n<figure id=\"attachment_80248\" aria-describedby=\"caption-attachment-80248\" style=\"width: 580px\" class=\"wp-caption alignnone\"><img data-recalc-dims=\"1\" loading=\"lazy\" decoding=\"async\" class=\"size-full wp-image-80248\" src=\"https:\/\/i0.wp.com\/www.eltrabajo.cl\/2017\/wp-content\/uploads\/2017\/07\/Nieve1-1.jpg?resize=580%2C348\" alt=\"NIEVE TOTAL.- El peque\u00f1o Cristopher Caicedo, vecino de Santa Filomena, jugaba el s\u00e1bado durante el blanco amanecer que se instal\u00f3 en nuestro Valle. (Foto Roberto Mercado Aced)\" width=\"580\" height=\"348\" srcset=\"https:\/\/i0.wp.com\/eltrabajo.cl\/portal\/wp-content\/uploads\/2017\/07\/Nieve1-1.jpg?w=580&amp;ssl=1 580w, https:\/\/i0.wp.com\/eltrabajo.cl\/portal\/wp-content\/uploads\/2017\/07\/Nieve1-1.jpg?resize=200%2C120&amp;ssl=1 200w, https:\/\/i0.wp.com\/eltrabajo.cl\/portal\/wp-content\/uploads\/2017\/07\/Nieve1-1.jpg?resize=300%2C180&amp;ssl=1 300w, https:\/\/i0.wp.com\/eltrabajo.cl\/portal\/wp-content\/uploads\/2017\/07\/Nieve1-1.jpg?resize=250%2C150&amp;ssl=1 250w, https:\/\/i0.wp.com\/eltrabajo.cl\/portal\/wp-content\/uploads\/2017\/07\/Nieve1-1.jpg?resize=400%2C240&amp;ssl=1 400w\" sizes=\"auto, (max-width: 580px) 100vw, 580px\" \/><figcaption id=\"caption-attachment-80248\" class=\"wp-caption-text\">NIEVE TOTAL.- El peque\u00f1o Cristopher Caicedo, vecino de Santa Filomena, jugaba el s\u00e1bado durante el blanco amanecer que se instal\u00f3 en nuestro Valle. (Foto Roberto Mercado Aced)<\/figcaption><\/figure>\n<figure id=\"attachment_80249\" aria-describedby=\"caption-attachment-80249\" style=\"width: 580px\" class=\"wp-caption alignnone\"><img data-recalc-dims=\"1\" loading=\"lazy\" decoding=\"async\" class=\"size-full wp-image-80249\" src=\"https:\/\/i0.wp.com\/www.eltrabajo.cl\/2017\/wp-content\/uploads\/2017\/07\/Nieve2.jpg?resize=580%2C349\" alt=\"BLANCO ALMENDRAL.- As\u00ed luc\u00eda El Almendral bajo la nevada, gr\u00e1fica tomada desde el cerro por nuestro colaborador Francisco Baz\u00e1ez.\" width=\"580\" height=\"349\" srcset=\"https:\/\/i0.wp.com\/eltrabajo.cl\/portal\/wp-content\/uploads\/2017\/07\/Nieve2.jpg?w=580&amp;ssl=1 580w, https:\/\/i0.wp.com\/eltrabajo.cl\/portal\/wp-content\/uploads\/2017\/07\/Nieve2.jpg?resize=200%2C120&amp;ssl=1 200w, https:\/\/i0.wp.com\/eltrabajo.cl\/portal\/wp-content\/uploads\/2017\/07\/Nieve2.jpg?resize=300%2C181&amp;ssl=1 300w, https:\/\/i0.wp.com\/eltrabajo.cl\/portal\/wp-content\/uploads\/2017\/07\/Nieve2.jpg?resize=249%2C150&amp;ssl=1 249w, https:\/\/i0.wp.com\/eltrabajo.cl\/portal\/wp-content\/uploads\/2017\/07\/Nieve2.jpg?resize=400%2C241&amp;ssl=1 400w\" sizes=\"auto, (max-width: 580px) 100vw, 580px\" \/><figcaption id=\"caption-attachment-80249\" class=\"wp-caption-text\">BLANCO ALMENDRAL.- As\u00ed luc\u00eda El Almendral bajo la nevada, gr\u00e1fica tomada desde el cerro por nuestro colaborador Francisco Baz\u00e1ez.<\/figcaption><\/figure>\n<figure id=\"attachment_80251\" aria-describedby=\"caption-attachment-80251\" style=\"width: 580px\" class=\"wp-caption alignnone\"><img data-recalc-dims=\"1\" loading=\"lazy\" decoding=\"async\" class=\"size-full wp-image-80251\" src=\"https:\/\/i0.wp.com\/www.eltrabajo.cl\/2017\/wp-content\/uploads\/2017\/07\/Nieve4.jpg?resize=580%2C349\" alt=\"EN PUTAENDO.- La planta de Esval, en El Llano de Putaendo, luc\u00eda as\u00ed tras el fin de semana blanco que nos golpe\u00f3 de frente. (Foto: Ra\u00fal Lazcano Lobos)\" width=\"580\" height=\"349\" srcset=\"https:\/\/i0.wp.com\/eltrabajo.cl\/portal\/wp-content\/uploads\/2017\/07\/Nieve4.jpg?w=580&amp;ssl=1 580w, https:\/\/i0.wp.com\/eltrabajo.cl\/portal\/wp-content\/uploads\/2017\/07\/Nieve4.jpg?resize=200%2C120&amp;ssl=1 200w, https:\/\/i0.wp.com\/eltrabajo.cl\/portal\/wp-content\/uploads\/2017\/07\/Nieve4.jpg?resize=300%2C181&amp;ssl=1 300w, https:\/\/i0.wp.com\/eltrabajo.cl\/portal\/wp-content\/uploads\/2017\/07\/Nieve4.jpg?resize=249%2C150&amp;ssl=1 249w, https:\/\/i0.wp.com\/eltrabajo.cl\/portal\/wp-content\/uploads\/2017\/07\/Nieve4.jpg?resize=400%2C241&amp;ssl=1 400w\" sizes=\"auto, (max-width: 580px) 100vw, 580px\" \/><figcaption id=\"caption-attachment-80251\" class=\"wp-caption-text\">EN PUTAENDO.- La planta de Esval, en El Llano de Putaendo, luc\u00eda as\u00ed tras el fin de semana blanco que nos golpe\u00f3 de frente. (Foto: Ra\u00fal Lazcano Lobos)<\/figcaption><\/figure>\n<figure id=\"attachment_80252\" aria-describedby=\"caption-attachment-80252\" style=\"width: 580px\" class=\"wp-caption alignnone\"><img data-recalc-dims=\"1\" loading=\"lazy\" decoding=\"async\" class=\"size-full wp-image-80252\" src=\"https:\/\/i0.wp.com\/www.eltrabajo.cl\/2017\/wp-content\/uploads\/2017\/07\/Nieve5.jpg?resize=580%2C350\" alt=\"EN SAN FELIPE.- La estaci\u00f3n meteorol\u00f3gica de la Escuela Agr\u00edcola qued\u00f3 con una tenue capa blanca de nieve, no as\u00ed el resto del Valle.\" width=\"580\" height=\"350\" srcset=\"https:\/\/i0.wp.com\/eltrabajo.cl\/portal\/wp-content\/uploads\/2017\/07\/Nieve5.jpg?w=580&amp;ssl=1 580w, https:\/\/i0.wp.com\/eltrabajo.cl\/portal\/wp-content\/uploads\/2017\/07\/Nieve5.jpg?resize=200%2C121&amp;ssl=1 200w, https:\/\/i0.wp.com\/eltrabajo.cl\/portal\/wp-content\/uploads\/2017\/07\/Nieve5.jpg?resize=300%2C181&amp;ssl=1 300w, https:\/\/i0.wp.com\/eltrabajo.cl\/portal\/wp-content\/uploads\/2017\/07\/Nieve5.jpg?resize=249%2C150&amp;ssl=1 249w, https:\/\/i0.wp.com\/eltrabajo.cl\/portal\/wp-content\/uploads\/2017\/07\/Nieve5.jpg?resize=400%2C241&amp;ssl=1 400w\" sizes=\"auto, (max-width: 580px) 100vw, 580px\" \/><figcaption id=\"caption-attachment-80252\" class=\"wp-caption-text\">EN SAN FELIPE.- La estaci\u00f3n meteorol\u00f3gica de la Escuela Agr\u00edcola qued\u00f3 con una tenue capa blanca de nieve, no as\u00ed el resto del Valle.<\/figcaption><\/figure>\n<figure id=\"attachment_80253\" aria-describedby=\"caption-attachment-80253\" style=\"width: 580px\" class=\"wp-caption alignnone\"><img data-recalc-dims=\"1\" loading=\"lazy\" decoding=\"async\" class=\"size-full wp-image-80253\" src=\"https:\/\/i0.wp.com\/www.eltrabajo.cl\/2017\/wp-content\/uploads\/2017\/07\/Nieve6.jpg?resize=580%2C348\" alt=\"CERRO LAS CARRETAS.- Este caballo disfrutaba a la intemperie del amanecer en el cerro de las carretas, en Putaendo.\" width=\"580\" height=\"348\" srcset=\"https:\/\/i0.wp.com\/eltrabajo.cl\/portal\/wp-content\/uploads\/2017\/07\/Nieve6.jpg?w=580&amp;ssl=1 580w, https:\/\/i0.wp.com\/eltrabajo.cl\/portal\/wp-content\/uploads\/2017\/07\/Nieve6.jpg?resize=200%2C120&amp;ssl=1 200w, https:\/\/i0.wp.com\/eltrabajo.cl\/portal\/wp-content\/uploads\/2017\/07\/Nieve6.jpg?resize=300%2C180&amp;ssl=1 300w, https:\/\/i0.wp.com\/eltrabajo.cl\/portal\/wp-content\/uploads\/2017\/07\/Nieve6.jpg?resize=250%2C150&amp;ssl=1 250w, https:\/\/i0.wp.com\/eltrabajo.cl\/portal\/wp-content\/uploads\/2017\/07\/Nieve6.jpg?resize=400%2C240&amp;ssl=1 400w\" sizes=\"auto, (max-width: 580px) 100vw, 580px\" \/><figcaption id=\"caption-attachment-80253\" class=\"wp-caption-text\">CERRO LAS CARRETAS.- Este caballo disfrutaba a la intemperie del amanecer en el cerro de las carretas, en Putaendo.<\/figcaption><\/figure>\n<figure id=\"attachment_80254\" aria-describedby=\"caption-attachment-80254\" style=\"width: 580px\" class=\"wp-caption alignnone\"><img data-recalc-dims=\"1\" loading=\"lazy\" decoding=\"async\" class=\"wp-image-80254 size-full\" src=\"https:\/\/i0.wp.com\/www.eltrabajo.cl\/2017\/wp-content\/uploads\/2017\/07\/Nieve7.jpg?resize=580%2C348\" alt=\"AJ\u00cd DE JARD\u00cdN.- Pese a las crudas y bajas temperaturas, en los jardines de nuestras casas sigue surgiendo m\u00e1s fuerte la vida. (Foto: Roberto Mercado Aced)\" width=\"580\" height=\"348\" srcset=\"https:\/\/i0.wp.com\/eltrabajo.cl\/portal\/wp-content\/uploads\/2017\/07\/Nieve7.jpg?w=580&amp;ssl=1 580w, https:\/\/i0.wp.com\/eltrabajo.cl\/portal\/wp-content\/uploads\/2017\/07\/Nieve7.jpg?resize=200%2C120&amp;ssl=1 200w, https:\/\/i0.wp.com\/eltrabajo.cl\/portal\/wp-content\/uploads\/2017\/07\/Nieve7.jpg?resize=300%2C180&amp;ssl=1 300w, https:\/\/i0.wp.com\/eltrabajo.cl\/portal\/wp-content\/uploads\/2017\/07\/Nieve7.jpg?resize=250%2C150&amp;ssl=1 250w, https:\/\/i0.wp.com\/eltrabajo.cl\/portal\/wp-content\/uploads\/2017\/07\/Nieve7.jpg?resize=400%2C240&amp;ssl=1 400w\" sizes=\"auto, (max-width: 580px) 100vw, 580px\" \/><figcaption id=\"caption-attachment-80254\" class=\"wp-caption-text\">AJ\u00cd DE JARD\u00cdN.- Pese a las crudas y bajas temperaturas, en los jardines de nuestras casas sigue surgiendo m\u00e1s fuerte la vida. (Foto: Roberto Mercado Aced)<\/figcaption><\/figure>\n","protected":false},"excerpt":{"rendered":"<p>En San Felipe cayeron 6 cm. de nieve y ayer la m\u00ednima fue de -2.4\u00b0C:\u00a0Se cumplieron los pron\u00f3sticos y las distintas comunas de las provincias de San Felipe y Los Andes, fueron&#8230;<\/p>\n","protected":false},"author":1,"featured_media":80251,"comment_status":"open","ping_status":"open","sticky":false,"template":"","format":"standard","meta":{"advanced_seo_description":"","jetpack_seo_html_title":"","jetpack_seo_noindex":false,"_jetpack_memberships_contains_paid_content":false,"footnotes":""},"categories":[15],"tags":[],"class_list":["post-80246","post","type-post","status-publish","format-standard","has-post-thumbnail","hentry","category-comunidad"],"jetpack_featured_media_url":"https:\/\/i0.wp.com\/eltrabajo.cl\/portal\/wp-content\/uploads\/2017\/07\/Nieve4.jpg?fit=580%2C349&ssl=1","jetpack_sharing_enabled":true,"jetpack_likes_enabled":true,"jetpack-related-posts":[],"_links":{"self":[{"href":"https:\/\/eltrabajo.cl\/portal\/wp-json\/wp\/v2\/posts\/80246","targetHints":{"allow":["GET"]}}],"collection":[{"href":"https:\/\/eltrabajo.cl\/portal\/wp-json\/wp\/v2\/posts"}],"about":[{"href":"https:\/\/eltrabajo.cl\/portal\/wp-json\/wp\/v2\/types\/post"}],"author":[{"embeddable":true,"href":"https:\/\/eltrabajo.cl\/portal\/wp-json\/wp\/v2\/users\/1"}],"replies":[{"embeddable":true,"href":"https:\/\/eltrabajo.cl\/portal\/wp-json\/wp\/v2\/comments?post=80246"}],"version-history":[{"count":0,"href":"https:\/\/eltrabajo.cl\/portal\/wp-json\/wp\/v2\/posts\/80246\/revisions"}],"wp:featuredmedia":[{"embeddable":true,"href":"https:\/\/eltrabajo.cl\/portal\/wp-json\/wp\/v2\/media\/80251"}],"wp:attachment":[{"href":"https:\/\/eltrabajo.cl\/portal\/wp-json\/wp\/v2\/media?parent=80246"}],"wp:term":[{"taxonomy":"category","embeddable":true,"href":"https:\/\/eltrabajo.cl\/portal\/wp-json\/wp\/v2\/categories?post=80246"},{"taxonomy":"post_tag","embeddable":true,"href":"https:\/\/eltrabajo.cl\/portal\/wp-json\/wp\/v2\/tags?post=80246"}],"curies":[{"name":"wp","href":"https:\/\/api.w.org\/{rel}","templated":true}]}}