{"id":80256,"date":"2017-07-17T06:04:02","date_gmt":"2017-07-17T10:04:02","guid":{"rendered":"http:\/\/www.eltrabajo.cl\/2017\/?p=80256"},"modified":"2017-07-17T06:04:02","modified_gmt":"2017-07-17T10:04:02","slug":"municipio-suspende-demarcacion-de-calzos-de-estacionamientos","status":"publish","type":"post","link":"https:\/\/eltrabajo.cl\/portal\/municipio-suspende-demarcacion-de-calzos-de-estacionamientos\/","title":{"rendered":"Municipio suspende demarcaci\u00f3n de calzos de estacionamientos"},"content":{"rendered":"<figure id=\"attachment_80257\" aria-describedby=\"caption-attachment-80257\" style=\"width: 580px\" class=\"wp-caption alignnone\"><img data-recalc-dims=\"1\" loading=\"lazy\" decoding=\"async\" class=\"size-full wp-image-80257\" src=\"https:\/\/i0.wp.com\/www.eltrabajo.cl\/2017\/wp-content\/uploads\/2017\/07\/calzo1.jpg?resize=580%2C350\" alt=\"En la imagen se puede apreciar algunos calzos bastante peque\u00f1os y fuera de norma, ubicados en Calle Carlos Condell.\" width=\"580\" height=\"350\" srcset=\"https:\/\/i0.wp.com\/eltrabajo.cl\/portal\/wp-content\/uploads\/2017\/07\/calzo1.jpg?w=580&amp;ssl=1 580w, https:\/\/i0.wp.com\/eltrabajo.cl\/portal\/wp-content\/uploads\/2017\/07\/calzo1.jpg?resize=200%2C121&amp;ssl=1 200w, https:\/\/i0.wp.com\/eltrabajo.cl\/portal\/wp-content\/uploads\/2017\/07\/calzo1.jpg?resize=300%2C181&amp;ssl=1 300w, https:\/\/i0.wp.com\/eltrabajo.cl\/portal\/wp-content\/uploads\/2017\/07\/calzo1.jpg?resize=249%2C150&amp;ssl=1 249w, https:\/\/i0.wp.com\/eltrabajo.cl\/portal\/wp-content\/uploads\/2017\/07\/calzo1.jpg?resize=400%2C241&amp;ssl=1 400w\" sizes=\"auto, (max-width: 580px) 100vw, 580px\" \/><figcaption id=\"caption-attachment-80257\" class=\"wp-caption-text\">En la imagen se puede apreciar algunos calzos bastante peque\u00f1os y fuera de norma, ubicados en Calle Carlos Condell.<\/figcaption><\/figure>\n<ul>\n<li><span style=\"color: #ff0000;\"><strong>Debido a desorden en las dimensiones del pintado:<\/strong><\/span><\/li>\n<\/ul>\n<p>El director de Tr\u00e1nsito de la Municipalidad de San Felipe, Guillermo Orellana, dijo a Radio Aconcagua que orden\u00f3 suspender la demarcaci\u00f3n de los calzos que estaba haciendo la empresa de parqu\u00edmetros debido al desorden que hab\u00eda en las dimensiones de la demarcaci\u00f3n en los espacios para estacionar. Se encontraron algunos que med\u00edan tres y otros seis metros.<br \/>\n\u00abVi, los visit\u00e9 y les suspend\u00ed el trabajo, porque ni siquiera era b\u00e1sico una situaci\u00f3n que se pod\u00eda aceptar, la empresa tiene su plazo para hacer la rectificaci\u00f3n\u00bb.<br \/>\n<strong>&#8211; \u00bfPor qu\u00e9 la empresa ten\u00eda otras dimensiones, se estaba pintando sin las medidas reglamentarias? <\/strong><br \/>\n&#8211; No era la empresa, sino que el subcontrato que hizo con la empresa de demarcaci\u00f3n, no acot\u00f3 lo que estaba en las bases, de hecho nosotros fuimos a terreno y estaban demarcando, as\u00ed es que de forma inmediata le suspendimos el trabajo, aparte de eso el trabajo no ten\u00eda ning\u00fan lineamiento, cuadratura o sea nada, era cualquier cosa, era un desorden, as\u00ed es que mientras no se cumplan ser\u00e1n sometidos a multas que est\u00e1n en las bases y nosotros justamente estamos en terreno fiscalizando y acotamos las observaciones cuando se comenz\u00f3 a cobrar.<br \/>\n<strong>&#8211; Director \u00bfcu\u00e1nto debiera medir un calzo?<\/strong><br \/>\n&#8211; Hay un rango estamos entre 4,9 metros a 5,2 metros, pero el rango se toma en el tramos que ellos est\u00e1n licitando, no es gen\u00e9rico, porque en esos tramos hay servicios, estacionamientos reservados por lo tanto ellos tienen que acotar y hacer un tramo homog\u00e9neo dentro de lo que est\u00e1 establecido, generalmente son cinco, cinco uno pero ah\u00ed estamos en el rango, pero ac\u00e1 hab\u00edan calzos de tres metros de seis metros, hab\u00eda un desorden.<\/p>\n<figure id=\"attachment_80258\" aria-describedby=\"caption-attachment-80258\" style=\"width: 580px\" class=\"wp-caption alignnone\"><img data-recalc-dims=\"1\" loading=\"lazy\" decoding=\"async\" class=\"size-full wp-image-80258\" src=\"https:\/\/i0.wp.com\/www.eltrabajo.cl\/2017\/wp-content\/uploads\/2017\/07\/Calzo2.jpg?resize=580%2C349\" alt=\"En la imagen se puede apreciar algunos calzos bastante peque\u00f1os y fuera de norma, ubicados en Calle Carlos Condell.\" width=\"580\" height=\"349\" srcset=\"https:\/\/i0.wp.com\/eltrabajo.cl\/portal\/wp-content\/uploads\/2017\/07\/Calzo2.jpg?w=580&amp;ssl=1 580w, https:\/\/i0.wp.com\/eltrabajo.cl\/portal\/wp-content\/uploads\/2017\/07\/Calzo2.jpg?resize=200%2C120&amp;ssl=1 200w, https:\/\/i0.wp.com\/eltrabajo.cl\/portal\/wp-content\/uploads\/2017\/07\/Calzo2.jpg?resize=300%2C181&amp;ssl=1 300w, https:\/\/i0.wp.com\/eltrabajo.cl\/portal\/wp-content\/uploads\/2017\/07\/Calzo2.jpg?resize=249%2C150&amp;ssl=1 249w, https:\/\/i0.wp.com\/eltrabajo.cl\/portal\/wp-content\/uploads\/2017\/07\/Calzo2.jpg?resize=400%2C241&amp;ssl=1 400w\" sizes=\"auto, (max-width: 580px) 100vw, 580px\" \/><figcaption id=\"caption-attachment-80258\" class=\"wp-caption-text\">En la imagen se puede apreciar algunos calzos bastante peque\u00f1os y fuera de norma, ubicados en Calle Carlos Condell.<\/figcaption><\/figure>\n","protected":false},"excerpt":{"rendered":"<p>Debido a desorden en las dimensiones del pintado: El director de Tr\u00e1nsito de la Municipalidad de San Felipe, Guillermo Orellana, dijo a Radio Aconcagua que orden\u00f3 suspender la demarcaci\u00f3n de los calzos&#8230;<\/p>\n","protected":false},"author":1,"featured_media":80258,"comment_status":"open","ping_status":"open","sticky":false,"template":"","format":"standard","meta":{"advanced_seo_description":"","jetpack_seo_html_title":"","jetpack_seo_noindex":false,"_jetpack_memberships_contains_paid_content":false,"footnotes":""},"categories":[1],"tags":[],"class_list":["post-80256","post","type-post","status-publish","format-standard","has-post-thumbnail","hentry","category-cronica"],"jetpack_featured_media_url":"https:\/\/i0.wp.com\/eltrabajo.cl\/portal\/wp-content\/uploads\/2017\/07\/Calzo2.jpg?fit=580%2C349&ssl=1","jetpack_sharing_enabled":true,"jetpack_likes_enabled":true,"jetpack-related-posts":[],"_links":{"self":[{"href":"https:\/\/eltrabajo.cl\/portal\/wp-json\/wp\/v2\/posts\/80256","targetHints":{"allow":["GET"]}}],"collection":[{"href":"https:\/\/eltrabajo.cl\/portal\/wp-json\/wp\/v2\/posts"}],"about":[{"href":"https:\/\/eltrabajo.cl\/portal\/wp-json\/wp\/v2\/types\/post"}],"author":[{"embeddable":true,"href":"https:\/\/eltrabajo.cl\/portal\/wp-json\/wp\/v2\/users\/1"}],"replies":[{"embeddable":true,"href":"https:\/\/eltrabajo.cl\/portal\/wp-json\/wp\/v2\/comments?post=80256"}],"version-history":[{"count":0,"href":"https:\/\/eltrabajo.cl\/portal\/wp-json\/wp\/v2\/posts\/80256\/revisions"}],"wp:featuredmedia":[{"embeddable":true,"href":"https:\/\/eltrabajo.cl\/portal\/wp-json\/wp\/v2\/media\/80258"}],"wp:attachment":[{"href":"https:\/\/eltrabajo.cl\/portal\/wp-json\/wp\/v2\/media?parent=80256"}],"wp:term":[{"taxonomy":"category","embeddable":true,"href":"https:\/\/eltrabajo.cl\/portal\/wp-json\/wp\/v2\/categories?post=80256"},{"taxonomy":"post_tag","embeddable":true,"href":"https:\/\/eltrabajo.cl\/portal\/wp-json\/wp\/v2\/tags?post=80256"}],"curies":[{"name":"wp","href":"https:\/\/api.w.org\/{rel}","templated":true}]}}