{"id":80260,"date":"2017-07-17T06:06:40","date_gmt":"2017-07-17T10:06:40","guid":{"rendered":"http:\/\/www.eltrabajo.cl\/2017\/?p=80260"},"modified":"2017-07-17T06:06:40","modified_gmt":"2017-07-17T10:06:40","slug":"a-los-69-anos-de-edad-muere-conocido-ginecologo-dr-jorge-ponce-veas","status":"publish","type":"post","link":"https:\/\/eltrabajo.cl\/portal\/a-los-69-anos-de-edad-muere-conocido-ginecologo-dr-jorge-ponce-veas\/","title":{"rendered":"A los 69 a\u00f1os de edad muere conocido ginec\u00f3logo Dr. Jorge Ponce Veas"},"content":{"rendered":"<figure id=\"attachment_80261\" aria-describedby=\"caption-attachment-80261\" style=\"width: 580px\" class=\"wp-caption alignnone\"><img data-recalc-dims=\"1\" loading=\"lazy\" decoding=\"async\" class=\"size-full wp-image-80261\" src=\"https:\/\/i0.wp.com\/www.eltrabajo.cl\/2017\/wp-content\/uploads\/2017\/07\/dr-jorge-ponce.jpg?resize=580%2C349\" alt=\"El Dr. Jorge Ponce se desempe\u00f1\u00f3 por m\u00e1s de cuatro d\u00e9cadas en la salud p\u00fablica. En la foto, en el a\u00f1o 2016 recibiendo de manos de la Jefa de Personal del HSC, su reconocimiento precisamente por 40 a\u00f1os de servicio.\" width=\"580\" height=\"349\" srcset=\"https:\/\/i0.wp.com\/eltrabajo.cl\/portal\/wp-content\/uploads\/2017\/07\/dr-jorge-ponce.jpg?w=580&amp;ssl=1 580w, https:\/\/i0.wp.com\/eltrabajo.cl\/portal\/wp-content\/uploads\/2017\/07\/dr-jorge-ponce.jpg?resize=200%2C120&amp;ssl=1 200w, https:\/\/i0.wp.com\/eltrabajo.cl\/portal\/wp-content\/uploads\/2017\/07\/dr-jorge-ponce.jpg?resize=300%2C181&amp;ssl=1 300w, https:\/\/i0.wp.com\/eltrabajo.cl\/portal\/wp-content\/uploads\/2017\/07\/dr-jorge-ponce.jpg?resize=249%2C150&amp;ssl=1 249w, https:\/\/i0.wp.com\/eltrabajo.cl\/portal\/wp-content\/uploads\/2017\/07\/dr-jorge-ponce.jpg?resize=400%2C241&amp;ssl=1 400w\" sizes=\"auto, (max-width: 580px) 100vw, 580px\" \/><figcaption id=\"caption-attachment-80261\" class=\"wp-caption-text\">El Dr. Jorge Ponce se desempe\u00f1\u00f3 por m\u00e1s de cuatro d\u00e9cadas en la salud p\u00fablica. En la foto, en el a\u00f1o 2016 recibiendo de manos de la Jefa de Personal del HSC, su reconocimiento precisamente por 40 a\u00f1os de servicio.<\/figcaption><\/figure>\n<ul>\n<li><span style=\"color: #ff0000;\"><strong>V\u00edctima del temido c\u00e1ncer:<\/strong><\/span><\/li>\n<\/ul>\n<p>A la edad de 69 a\u00f1os, debido a una falla multiorg\u00e1nica, falleci\u00f3 el connotado y conocido ginec\u00f3logo Dr. Jorge Ponce Veas, quien se encontraba hospitalizado en la Unidad de Tratamientos Intermedios del Hospital San Camilo de San Felipe, afectado del temido c\u00e1ncer.<br \/>\nSu deceso se registr\u00f3 la madrugada de ayer domingo, alrededor de las 03,00 horas, seg\u00fan informa en la web oficial del Hospital San Camilo, en donde se\u00f1ala que el Dr. Ponce hab\u00eda egresado de la Universidad de Chile en el a\u00f1o 1975, desempe\u00f1\u00e1ndose durante d\u00e9cadas en dicho establecimiento, desde su llegada para integrar la primera residencia m\u00e9dica obst\u00e9trica, siendo adem\u00e1s presidente del cap\u00edtulo m\u00e9dico por m\u00e1s de una d\u00e9cada.<br \/>\nDurante los \u00faltimos a\u00f1os, hab\u00eda destacado por ser el m\u00e9dico auditor del hospital durante dos d\u00e9cadas y por su trabajo en el policl\u00ednico de g\u00edneco obstetricia, en donde se caracterizaba por su puntualidad y por su compromiso con las pacientes, ya que asist\u00eda sin faltas todos los d\u00edas y comenzaba su atenci\u00f3n desde muy temprano.<br \/>\nLos restos del Dr. Ponce, padre de \u00a0dos hijas y un hijo, est\u00e1n siendo velados en la Iglesia Andacollo, y sus funerales se realizar\u00e1n el d\u00eda de hoy, en el Cementerio Parque Almendral, despu\u00e9s de una misa por el eterno descanso de su alma que se oficiar\u00eda al medio d\u00eda de hoy en el templo Andacollo.<\/p>\n","protected":false},"excerpt":{"rendered":"<p>V\u00edctima del temido c\u00e1ncer: A la edad de 69 a\u00f1os, debido a una falla multiorg\u00e1nica, falleci\u00f3 el connotado y conocido ginec\u00f3logo Dr. Jorge Ponce Veas, quien se encontraba hospitalizado en la Unidad&#8230;<\/p>\n","protected":false},"author":1,"featured_media":80261,"comment_status":"open","ping_status":"open","sticky":false,"template":"","format":"standard","meta":{"advanced_seo_description":"","jetpack_seo_html_title":"","jetpack_seo_noindex":false,"_jetpack_memberships_contains_paid_content":false,"footnotes":""},"categories":[15],"tags":[],"class_list":["post-80260","post","type-post","status-publish","format-standard","has-post-thumbnail","hentry","category-comunidad"],"jetpack_featured_media_url":"https:\/\/i0.wp.com\/eltrabajo.cl\/portal\/wp-content\/uploads\/2017\/07\/dr-jorge-ponce.jpg?fit=580%2C349&ssl=1","jetpack_sharing_enabled":true,"jetpack_likes_enabled":true,"jetpack-related-posts":[],"_links":{"self":[{"href":"https:\/\/eltrabajo.cl\/portal\/wp-json\/wp\/v2\/posts\/80260","targetHints":{"allow":["GET"]}}],"collection":[{"href":"https:\/\/eltrabajo.cl\/portal\/wp-json\/wp\/v2\/posts"}],"about":[{"href":"https:\/\/eltrabajo.cl\/portal\/wp-json\/wp\/v2\/types\/post"}],"author":[{"embeddable":true,"href":"https:\/\/eltrabajo.cl\/portal\/wp-json\/wp\/v2\/users\/1"}],"replies":[{"embeddable":true,"href":"https:\/\/eltrabajo.cl\/portal\/wp-json\/wp\/v2\/comments?post=80260"}],"version-history":[{"count":0,"href":"https:\/\/eltrabajo.cl\/portal\/wp-json\/wp\/v2\/posts\/80260\/revisions"}],"wp:featuredmedia":[{"embeddable":true,"href":"https:\/\/eltrabajo.cl\/portal\/wp-json\/wp\/v2\/media\/80261"}],"wp:attachment":[{"href":"https:\/\/eltrabajo.cl\/portal\/wp-json\/wp\/v2\/media?parent=80260"}],"wp:term":[{"taxonomy":"category","embeddable":true,"href":"https:\/\/eltrabajo.cl\/portal\/wp-json\/wp\/v2\/categories?post=80260"},{"taxonomy":"post_tag","embeddable":true,"href":"https:\/\/eltrabajo.cl\/portal\/wp-json\/wp\/v2\/tags?post=80260"}],"curies":[{"name":"wp","href":"https:\/\/api.w.org\/{rel}","templated":true}]}}