{"id":80268,"date":"2017-07-18T06:01:44","date_gmt":"2017-07-18T10:01:44","guid":{"rendered":"http:\/\/www.eltrabajo.cl\/2017\/?p=80268"},"modified":"2017-07-18T06:01:44","modified_gmt":"2017-07-18T10:01:44","slug":"el-uni-agrega-a-su-plantel-a-otro-volante-de-contencion","status":"publish","type":"post","link":"https:\/\/eltrabajo.cl\/portal\/el-uni-agrega-a-su-plantel-a-otro-volante-de-contencion\/","title":{"rendered":"El Un\u00ed agrega a su plantel a otro volante de contenci\u00f3n"},"content":{"rendered":"<figure id=\"attachment_80269\" aria-describedby=\"caption-attachment-80269\" style=\"width: 580px\" class=\"wp-caption alignnone\"><img data-recalc-dims=\"1\" loading=\"lazy\" decoding=\"async\" class=\"size-full wp-image-80269\" src=\"https:\/\/i0.wp.com\/www.eltrabajo.cl\/2017\/wp-content\/uploads\/2017\/07\/CRISTIAN-COLLAO.jpg?resize=580%2C348\" alt=\"La semana pasada el joven volante de corte Christian Collao firm\u00f3 su contrato que lo lig\u00f3 al Un\u00ed Un\u00ed.\" width=\"580\" height=\"348\" srcset=\"https:\/\/i0.wp.com\/eltrabajo.cl\/portal\/wp-content\/uploads\/2017\/07\/CRISTIAN-COLLAO.jpg?w=580&amp;ssl=1 580w, https:\/\/i0.wp.com\/eltrabajo.cl\/portal\/wp-content\/uploads\/2017\/07\/CRISTIAN-COLLAO.jpg?resize=200%2C120&amp;ssl=1 200w, https:\/\/i0.wp.com\/eltrabajo.cl\/portal\/wp-content\/uploads\/2017\/07\/CRISTIAN-COLLAO.jpg?resize=300%2C180&amp;ssl=1 300w, https:\/\/i0.wp.com\/eltrabajo.cl\/portal\/wp-content\/uploads\/2017\/07\/CRISTIAN-COLLAO.jpg?resize=250%2C150&amp;ssl=1 250w, https:\/\/i0.wp.com\/eltrabajo.cl\/portal\/wp-content\/uploads\/2017\/07\/CRISTIAN-COLLAO.jpg?resize=400%2C240&amp;ssl=1 400w\" sizes=\"auto, (max-width: 580px) 100vw, 580px\" \/><figcaption id=\"caption-attachment-80269\" class=\"wp-caption-text\">La semana pasada el joven volante de corte Christian Collao firm\u00f3 su contrato que lo lig\u00f3 al Un\u00ed Un\u00ed.<\/figcaption><\/figure>\n<p>Con la intenci\u00f3n de poder tener un plantel abundante y lo m\u00e1s competitivo posible, Uni\u00f3n San Felipe anunci\u00f3 la incorporaci\u00f3n del joven volante de contenci\u00f3n Christian Collao Valencia, jugador que llega al club sanfelipe\u00f1o luego de militar en Uni\u00f3n La Calera.<br \/>\nDe 21 a\u00f1os, perfil derecho y casi un metro con ochenta cent\u00edmetros de estatura, el nuevo elemento se integr\u00f3 al plantel albirrojo durante la semana pasada y por ahora realiza un trabajo diferenciado para poder ponerse a punto en lo f\u00edsico, peso y futbol\u00edstico.<br \/>\nEl volante espera estar al 100% de sus condiciones lo m\u00e1s pronto posible para poder convertirse en una alternativa en la zona media unionista, l\u00ednea en la que tambi\u00e9n est\u00e1n: Emmanuel Pio, Federico Marcucci, Juan M\u00e9ndez y Juan Jeraldino, situaci\u00f3n que hace suponer una batalla muy dura para poder estar dentro de los elegidos de Hern\u00e1n Madrid, quien de m\u00e1s est\u00e1 decir, cuenta con un plantel muy amplio y largo donde tiene harto para elegir en todos los puestos.<\/p>\n","protected":false},"excerpt":{"rendered":"<p>Con la intenci\u00f3n de poder tener un plantel abundante y lo m\u00e1s competitivo posible, Uni\u00f3n San Felipe anunci\u00f3 la incorporaci\u00f3n del joven volante de contenci\u00f3n Christian Collao Valencia, jugador que llega al&#8230;<\/p>\n","protected":false},"author":1,"featured_media":80269,"comment_status":"open","ping_status":"open","sticky":false,"template":"","format":"standard","meta":{"advanced_seo_description":"","jetpack_seo_html_title":"","jetpack_seo_noindex":false,"_jetpack_memberships_contains_paid_content":false,"footnotes":""},"categories":[19],"tags":[],"class_list":["post-80268","post","type-post","status-publish","format-standard","has-post-thumbnail","hentry","category-deportes"],"jetpack_featured_media_url":"https:\/\/i0.wp.com\/eltrabajo.cl\/portal\/wp-content\/uploads\/2017\/07\/CRISTIAN-COLLAO.jpg?fit=580%2C348&ssl=1","jetpack_sharing_enabled":true,"jetpack_likes_enabled":true,"jetpack-related-posts":[],"_links":{"self":[{"href":"https:\/\/eltrabajo.cl\/portal\/wp-json\/wp\/v2\/posts\/80268","targetHints":{"allow":["GET"]}}],"collection":[{"href":"https:\/\/eltrabajo.cl\/portal\/wp-json\/wp\/v2\/posts"}],"about":[{"href":"https:\/\/eltrabajo.cl\/portal\/wp-json\/wp\/v2\/types\/post"}],"author":[{"embeddable":true,"href":"https:\/\/eltrabajo.cl\/portal\/wp-json\/wp\/v2\/users\/1"}],"replies":[{"embeddable":true,"href":"https:\/\/eltrabajo.cl\/portal\/wp-json\/wp\/v2\/comments?post=80268"}],"version-history":[{"count":0,"href":"https:\/\/eltrabajo.cl\/portal\/wp-json\/wp\/v2\/posts\/80268\/revisions"}],"wp:featuredmedia":[{"embeddable":true,"href":"https:\/\/eltrabajo.cl\/portal\/wp-json\/wp\/v2\/media\/80269"}],"wp:attachment":[{"href":"https:\/\/eltrabajo.cl\/portal\/wp-json\/wp\/v2\/media?parent=80268"}],"wp:term":[{"taxonomy":"category","embeddable":true,"href":"https:\/\/eltrabajo.cl\/portal\/wp-json\/wp\/v2\/categories?post=80268"},{"taxonomy":"post_tag","embeddable":true,"href":"https:\/\/eltrabajo.cl\/portal\/wp-json\/wp\/v2\/tags?post=80268"}],"curies":[{"name":"wp","href":"https:\/\/api.w.org\/{rel}","templated":true}]}}