{"id":80283,"date":"2017-07-18T06:05:58","date_gmt":"2017-07-18T10:05:58","guid":{"rendered":"http:\/\/www.eltrabajo.cl\/2017\/?p=80283"},"modified":"2017-07-18T06:05:58","modified_gmt":"2017-07-18T10:05:58","slug":"ascensor-de-la-municipalidad-lleva-mas-de-un-mes-sin-funcionar","status":"publish","type":"post","link":"https:\/\/eltrabajo.cl\/portal\/ascensor-de-la-municipalidad-lleva-mas-de-un-mes-sin-funcionar\/","title":{"rendered":"Ascensor de la Municipalidad lleva m\u00e1s de un mes sin funcionar"},"content":{"rendered":"<figure id=\"attachment_80285\" aria-describedby=\"caption-attachment-80285\" style=\"width: 580px\" class=\"wp-caption alignnone\"><img data-recalc-dims=\"1\" loading=\"lazy\" decoding=\"async\" class=\"size-full wp-image-80285\" src=\"https:\/\/i0.wp.com\/www.eltrabajo.cl\/2017\/wp-content\/uploads\/2017\/07\/Patricio-Gonzalez-Adm-Mun.jpg?resize=580%2C349\" alt=\"Patricio Gonz\u00e1lez, Administrador Municipal de San Felipe.\" width=\"580\" height=\"349\" srcset=\"https:\/\/i0.wp.com\/eltrabajo.cl\/portal\/wp-content\/uploads\/2017\/07\/Patricio-Gonzalez-Adm-Mun.jpg?w=580&amp;ssl=1 580w, https:\/\/i0.wp.com\/eltrabajo.cl\/portal\/wp-content\/uploads\/2017\/07\/Patricio-Gonzalez-Adm-Mun.jpg?resize=200%2C120&amp;ssl=1 200w, https:\/\/i0.wp.com\/eltrabajo.cl\/portal\/wp-content\/uploads\/2017\/07\/Patricio-Gonzalez-Adm-Mun.jpg?resize=300%2C181&amp;ssl=1 300w, https:\/\/i0.wp.com\/eltrabajo.cl\/portal\/wp-content\/uploads\/2017\/07\/Patricio-Gonzalez-Adm-Mun.jpg?resize=249%2C150&amp;ssl=1 249w, https:\/\/i0.wp.com\/eltrabajo.cl\/portal\/wp-content\/uploads\/2017\/07\/Patricio-Gonzalez-Adm-Mun.jpg?resize=400%2C241&amp;ssl=1 400w\" sizes=\"auto, (max-width: 580px) 100vw, 580px\" \/><figcaption id=\"caption-attachment-80285\" class=\"wp-caption-text\">Patricio Gonz\u00e1lez, Administrador Municipal de San Felipe.<\/figcaption><\/figure>\n<ul>\n<li><strong><span style=\"color: #ff0000;\">La pr\u00f3xima semana debiera volver a estar operativo:<\/span>\u00a0Municipio sanfelipe\u00f1o debi\u00f3 contratar servicio de reparaci\u00f3n externo, puesto que la empresa con la que se ejecut\u00f3 el proyecto no ha cumplido con tr\u00e1mites administrativos relacionados con la mantenci\u00f3n del ascensor.<\/strong><\/li>\n<\/ul>\n<p>Alrededor de un mes ha pasado desde que se pudo utilizar por \u00faltima vez el ascensor del edificio consistorial de San Felipe. El mismo que fue inaugurado hace poco m\u00e1s de un a\u00f1o y que por circunstancias administrativas, a\u00fan no ha sido recepcionado formal y oficialmente por el municipio sanfelipe\u00f1o, hecho que ha condicionado la mantenci\u00f3n t\u00e9cnica que deb\u00eda realizar la empresa.<br \/>\nAs\u00ed lo dio a conocer el Administrador Municipal de San Felipe, Patricio Gonz\u00e1lez, quien inform\u00f3 que finalmente se debi\u00f3 contratar los servicios externos de otra empresa para poder dejar operativo el ascensor lo antes posible, puesto que la empresa que originalmente ten\u00eda a cargo el proyecto, no ha cumplido con una serie de asuntos administrativos, precisamente relacionados con el mantenimiento del ascensor.<br \/>\n\u201cTomamos contacto de manera directa con una de las empresas que realiza mantenci\u00f3n a estos artefactos, que son muy pocas, y esperamos que la pr\u00f3xima semana quede habilitado\u2026 Mientras la empresa no cumpla en su totalidad con la puesta en funcionamiento (del ascensor) y no se haga la recepci\u00f3n definitiva, tendremos que contratar una empresa de mantenci\u00f3n, este es un tema administrativo, burocr\u00e1tico, pero se requiere dar ese paso y lamentablemente la empresa no ha estado a la altura de las circunstancias\u201d, sentenci\u00f3 Gonz\u00e1lez.<br \/>\nRespecto de las medidas que puede tomar el municipio sanfelipe\u00f1o, el administrador municipal no descart\u00f3 la posibilidad de iniciar acciones legales contra la empresa y advirti\u00f3 que \u201cquiz\u00e1s en alg\u00fan momento estudiaremos la posibilidad de ejercer nuestro derecho y entablar una demanda, pero ese es un tema que no hemos querido abordar porque esper\u00e1bamos que la empresa respondiera de buena forma; hasta el momento no lo ha hecho, por lo que tuvimos que tomar la decisi\u00f3n de contratar otra empresa que haga la reparaci\u00f3n correspondiente\u201d, detall\u00f3 Gonz\u00e1lez.<br \/>\nFinalmente Gonz\u00e1lez aclar\u00f3 que el costo de reparaci\u00f3n del ascensor no debiera exceder los 400 mil pesos, \u201caunque el presupuesto no es el definitivo\u201d, a\u00f1adiendo que \u201cestamos haciendo la contrataci\u00f3n de una empresa para que deje en funcionamiento el ascensor por este per\u00edodo, mientras se resuelve el tema formal y administrativo con la empresa que debi\u00f3 haberse hecho cargo\u201d, asegur\u00f3.<\/p>\n<figure id=\"attachment_80286\" aria-describedby=\"caption-attachment-80286\" style=\"width: 580px\" class=\"wp-caption alignnone\"><img data-recalc-dims=\"1\" loading=\"lazy\" decoding=\"async\" class=\"size-full wp-image-80286\" src=\"https:\/\/i0.wp.com\/www.eltrabajo.cl\/2017\/wp-content\/uploads\/2017\/07\/ascensor-panoramico-municipio-san-felipe.jpg?resize=580%2C421\" alt=\"M\u00e1s de un mes lleva inoperativo el nuevo ascensor de la Municipalidad de San Felipe.\" width=\"580\" height=\"421\" srcset=\"https:\/\/i0.wp.com\/eltrabajo.cl\/portal\/wp-content\/uploads\/2017\/07\/ascensor-panoramico-municipio-san-felipe.jpg?w=580&amp;ssl=1 580w, https:\/\/i0.wp.com\/eltrabajo.cl\/portal\/wp-content\/uploads\/2017\/07\/ascensor-panoramico-municipio-san-felipe.jpg?resize=200%2C145&amp;ssl=1 200w, https:\/\/i0.wp.com\/eltrabajo.cl\/portal\/wp-content\/uploads\/2017\/07\/ascensor-panoramico-municipio-san-felipe.jpg?resize=300%2C218&amp;ssl=1 300w, https:\/\/i0.wp.com\/eltrabajo.cl\/portal\/wp-content\/uploads\/2017\/07\/ascensor-panoramico-municipio-san-felipe.jpg?resize=207%2C150&amp;ssl=1 207w, https:\/\/i0.wp.com\/eltrabajo.cl\/portal\/wp-content\/uploads\/2017\/07\/ascensor-panoramico-municipio-san-felipe.jpg?resize=400%2C290&amp;ssl=1 400w\" sizes=\"auto, (max-width: 580px) 100vw, 580px\" \/><figcaption id=\"caption-attachment-80286\" class=\"wp-caption-text\">M\u00e1s de un mes lleva inoperativo el nuevo ascensor de la Municipalidad de San Felipe.<\/figcaption><\/figure>\n","protected":false},"excerpt":{"rendered":"<p>La pr\u00f3xima semana debiera volver a estar operativo:\u00a0Municipio sanfelipe\u00f1o debi\u00f3 contratar servicio de reparaci\u00f3n externo, puesto que la empresa con la que se ejecut\u00f3 el proyecto no ha cumplido con tr\u00e1mites administrativos&#8230;<\/p>\n","protected":false},"author":1,"featured_media":80286,"comment_status":"open","ping_status":"open","sticky":false,"template":"","format":"standard","meta":{"advanced_seo_description":"","jetpack_seo_html_title":"","jetpack_seo_noindex":false,"_jetpack_memberships_contains_paid_content":false,"footnotes":""},"categories":[1],"tags":[],"class_list":["post-80283","post","type-post","status-publish","format-standard","has-post-thumbnail","hentry","category-cronica"],"jetpack_featured_media_url":"https:\/\/i0.wp.com\/eltrabajo.cl\/portal\/wp-content\/uploads\/2017\/07\/ascensor-panoramico-municipio-san-felipe.jpg?fit=580%2C421&ssl=1","jetpack_sharing_enabled":true,"jetpack_likes_enabled":true,"jetpack-related-posts":[],"_links":{"self":[{"href":"https:\/\/eltrabajo.cl\/portal\/wp-json\/wp\/v2\/posts\/80283","targetHints":{"allow":["GET"]}}],"collection":[{"href":"https:\/\/eltrabajo.cl\/portal\/wp-json\/wp\/v2\/posts"}],"about":[{"href":"https:\/\/eltrabajo.cl\/portal\/wp-json\/wp\/v2\/types\/post"}],"author":[{"embeddable":true,"href":"https:\/\/eltrabajo.cl\/portal\/wp-json\/wp\/v2\/users\/1"}],"replies":[{"embeddable":true,"href":"https:\/\/eltrabajo.cl\/portal\/wp-json\/wp\/v2\/comments?post=80283"}],"version-history":[{"count":0,"href":"https:\/\/eltrabajo.cl\/portal\/wp-json\/wp\/v2\/posts\/80283\/revisions"}],"wp:featuredmedia":[{"embeddable":true,"href":"https:\/\/eltrabajo.cl\/portal\/wp-json\/wp\/v2\/media\/80286"}],"wp:attachment":[{"href":"https:\/\/eltrabajo.cl\/portal\/wp-json\/wp\/v2\/media?parent=80283"}],"wp:term":[{"taxonomy":"category","embeddable":true,"href":"https:\/\/eltrabajo.cl\/portal\/wp-json\/wp\/v2\/categories?post=80283"},{"taxonomy":"post_tag","embeddable":true,"href":"https:\/\/eltrabajo.cl\/portal\/wp-json\/wp\/v2\/tags?post=80283"}],"curies":[{"name":"wp","href":"https:\/\/api.w.org\/{rel}","templated":true}]}}