{"id":80291,"date":"2017-07-19T06:00:32","date_gmt":"2017-07-19T10:00:32","guid":{"rendered":"http:\/\/www.eltrabajo.cl\/2017\/?p=80291"},"modified":"2017-07-19T06:00:32","modified_gmt":"2017-07-19T10:00:32","slug":"con-60-puntos-limpios-comienzan-a-instaurar-mentalidad-de-reciclaje-en-vecinos","status":"publish","type":"post","link":"https:\/\/eltrabajo.cl\/portal\/con-60-puntos-limpios-comienzan-a-instaurar-mentalidad-de-reciclaje-en-vecinos\/","title":{"rendered":"Con 60 puntos limpios comienzan a instaurar mentalidad de reciclaje en vecinos"},"content":{"rendered":"<figure id=\"attachment_80292\" aria-describedby=\"caption-attachment-80292\" style=\"width: 580px\" class=\"wp-caption alignnone\"><img data-recalc-dims=\"1\" loading=\"lazy\" decoding=\"async\" class=\"size-full wp-image-80292\" src=\"https:\/\/i0.wp.com\/www.eltrabajo.cl\/2017\/wp-content\/uploads\/2017\/07\/odette-illanes.jpg?resize=580%2C349\" alt=\"Odette Illanes, Encargada del Programa de Reciclaje de la Municipalidad de San Felipe.\" width=\"580\" height=\"349\" srcset=\"https:\/\/i0.wp.com\/eltrabajo.cl\/portal\/wp-content\/uploads\/2017\/07\/odette-illanes.jpg?w=580&amp;ssl=1 580w, https:\/\/i0.wp.com\/eltrabajo.cl\/portal\/wp-content\/uploads\/2017\/07\/odette-illanes.jpg?resize=200%2C120&amp;ssl=1 200w, https:\/\/i0.wp.com\/eltrabajo.cl\/portal\/wp-content\/uploads\/2017\/07\/odette-illanes.jpg?resize=300%2C181&amp;ssl=1 300w, https:\/\/i0.wp.com\/eltrabajo.cl\/portal\/wp-content\/uploads\/2017\/07\/odette-illanes.jpg?resize=249%2C150&amp;ssl=1 249w, https:\/\/i0.wp.com\/eltrabajo.cl\/portal\/wp-content\/uploads\/2017\/07\/odette-illanes.jpg?resize=400%2C241&amp;ssl=1 400w\" sizes=\"auto, (max-width: 580px) 100vw, 580px\" \/><figcaption id=\"caption-attachment-80292\" class=\"wp-caption-text\">Odette Illanes, Encargada del Programa de Reciclaje de la Municipalidad de San Felipe.<\/figcaption><\/figure>\n<ul>\n<li><strong><span style=\"color: #ff0000;\">Positivo balance en su primera etapa de implementaci\u00f3n:<\/span>\u00a0Pese a que a\u00fan no existen datos duros respecto de la cantidad de material que se ha logrado reciclar, sanfelipe\u00f1os han respondido de forma positiva a la disposici\u00f3n de material en contenedores.<\/strong><\/li>\n<\/ul>\n<p>Odette Illanes, profesional de la Direcci\u00f3n de Protecci\u00f3n del Medio Ambiente y Encargada del Programa de Reciclaje de la Municipalidad de San Felipe, realiz\u00f3 un positivo balance al funcionamiento de los 60 puntos limpios que se encuentran operativos en distintas partes de la comuna, argumentando que la comunidad sanfelipe\u00f1a ha tenido una buena recepci\u00f3n a esta iniciativa.<br \/>\n\u201cLa gente ha respondido bien, se han ido acostumbrando a reciclar el material que tienen en sus casas, a llevar el pl\u00e1stico a los contenedores, el vidrio tambi\u00e9n\u201d, destac\u00f3 la profesional.<br \/>\nSeg\u00fan Illanes, actualmente est\u00e1n operativos unos 40 puntos limpios en la zona urbana y cerca de 20 distribuidos en sectores rurales como Curim\u00f3n, Quebrada Herrera, El Asiento y Barrancas, por lo que inst\u00f3 a los vecinos a seguir contribuyendo con el cuidado del medioambiente.<br \/>\n\u201cHacemos el llamado para que lo sigan haciendo y si encuentran los contenedores llenos, esperen hasta que se desocupen y vuelvan a llevar su material, para no crear microbasurales en los diferentes sectores\u201d, sostuvo Illanes.<br \/>\nRespecto al proyecto del punto limpio que se implementar\u00e1 en el Estadio Municipal de San Felipe, el cual se financia con fondos de la Subdere (Subsecretar\u00eda de Desarrollo Regional), Illanes detall\u00f3 que \u201cest\u00e1 en construcci\u00f3n, avanzando, as\u00ed que yo creo que debiera estar operativo de aqu\u00ed a un mes o un mes y medio m\u00e1s\u201d, anticip\u00f3.<br \/>\nJunto con el proyecto del Estadio Municipal, Illanes record\u00f3 que se desarrollar\u00e1n cuatro puntos verdes en El Se\u00f1orial, Villa Portones del Inca, Villa El Carmen y Villa Bernardo Cruz, y que todo el material que tengan los vecinos no se retira a domicilio.<br \/>\n\u201cEl municipio hizo la gesti\u00f3n para ubicar ciertos puntos y si bien est\u00e1n bien dispersos en la ciudad, est\u00e1n al alcance de todos, hay en algunos supermercados, as\u00ed que la gente tiene que darse el trabajo de llevar su material, si tiene mucho, lo lleva de a poco en alguna bolsa y lo depositan en los contenedores\u201d, enfatiz\u00f3 la personera municipal.<\/p>\n","protected":false},"excerpt":{"rendered":"<p>Positivo balance en su primera etapa de implementaci\u00f3n:\u00a0Pese a que a\u00fan no existen datos duros respecto de la cantidad de material que se ha logrado reciclar, sanfelipe\u00f1os han respondido de forma positiva&#8230;<\/p>\n","protected":false},"author":1,"featured_media":80292,"comment_status":"open","ping_status":"open","sticky":false,"template":"","format":"standard","meta":{"advanced_seo_description":"","jetpack_seo_html_title":"","jetpack_seo_noindex":false,"_jetpack_memberships_contains_paid_content":false,"footnotes":""},"categories":[1],"tags":[],"class_list":["post-80291","post","type-post","status-publish","format-standard","has-post-thumbnail","hentry","category-cronica"],"jetpack_featured_media_url":"https:\/\/i0.wp.com\/eltrabajo.cl\/portal\/wp-content\/uploads\/2017\/07\/odette-illanes.jpg?fit=580%2C349&ssl=1","jetpack_sharing_enabled":true,"jetpack_likes_enabled":true,"jetpack-related-posts":[],"_links":{"self":[{"href":"https:\/\/eltrabajo.cl\/portal\/wp-json\/wp\/v2\/posts\/80291","targetHints":{"allow":["GET"]}}],"collection":[{"href":"https:\/\/eltrabajo.cl\/portal\/wp-json\/wp\/v2\/posts"}],"about":[{"href":"https:\/\/eltrabajo.cl\/portal\/wp-json\/wp\/v2\/types\/post"}],"author":[{"embeddable":true,"href":"https:\/\/eltrabajo.cl\/portal\/wp-json\/wp\/v2\/users\/1"}],"replies":[{"embeddable":true,"href":"https:\/\/eltrabajo.cl\/portal\/wp-json\/wp\/v2\/comments?post=80291"}],"version-history":[{"count":0,"href":"https:\/\/eltrabajo.cl\/portal\/wp-json\/wp\/v2\/posts\/80291\/revisions"}],"wp:featuredmedia":[{"embeddable":true,"href":"https:\/\/eltrabajo.cl\/portal\/wp-json\/wp\/v2\/media\/80292"}],"wp:attachment":[{"href":"https:\/\/eltrabajo.cl\/portal\/wp-json\/wp\/v2\/media?parent=80291"}],"wp:term":[{"taxonomy":"category","embeddable":true,"href":"https:\/\/eltrabajo.cl\/portal\/wp-json\/wp\/v2\/categories?post=80291"},{"taxonomy":"post_tag","embeddable":true,"href":"https:\/\/eltrabajo.cl\/portal\/wp-json\/wp\/v2\/tags?post=80291"}],"curies":[{"name":"wp","href":"https:\/\/api.w.org\/{rel}","templated":true}]}}