{"id":80294,"date":"2017-07-19T06:01:36","date_gmt":"2017-07-19T10:01:36","guid":{"rendered":"http:\/\/www.eltrabajo.cl\/2017\/?p=80294"},"modified":"2017-07-19T06:01:36","modified_gmt":"2017-07-19T10:01:36","slug":"peques-de-las-cuatro-villas-recibieron-certificacion-como-mini-reporteros","status":"publish","type":"post","link":"https:\/\/eltrabajo.cl\/portal\/peques-de-las-cuatro-villas-recibieron-certificacion-como-mini-reporteros\/","title":{"rendered":"Peques de las Cuatro Villas recibieron certificaci\u00f3n como mini reporteros"},"content":{"rendered":"<figure id=\"attachment_80295\" aria-describedby=\"caption-attachment-80295\" style=\"width: 580px\" class=\"wp-caption alignnone\"><img data-recalc-dims=\"1\" loading=\"lazy\" decoding=\"async\" class=\"size-full wp-image-80295\" src=\"https:\/\/i0.wp.com\/www.eltrabajo.cl\/2017\/wp-content\/uploads\/2017\/07\/Certificacion-1-mini-reportero-prog-Quiero-Mi-Barrio.jpg?resize=580%2C350\" alt=\"Una importante participaci\u00f3n de menores tuvo el taller de mini reporteros del programa \u2018Quiero Mi Barrio\u2019 en Las Cuatro Villas.\" width=\"580\" height=\"350\" srcset=\"https:\/\/i0.wp.com\/eltrabajo.cl\/portal\/wp-content\/uploads\/2017\/07\/Certificacion-1-mini-reportero-prog-Quiero-Mi-Barrio.jpg?w=580&amp;ssl=1 580w, https:\/\/i0.wp.com\/eltrabajo.cl\/portal\/wp-content\/uploads\/2017\/07\/Certificacion-1-mini-reportero-prog-Quiero-Mi-Barrio.jpg?resize=200%2C121&amp;ssl=1 200w, https:\/\/i0.wp.com\/eltrabajo.cl\/portal\/wp-content\/uploads\/2017\/07\/Certificacion-1-mini-reportero-prog-Quiero-Mi-Barrio.jpg?resize=300%2C181&amp;ssl=1 300w, https:\/\/i0.wp.com\/eltrabajo.cl\/portal\/wp-content\/uploads\/2017\/07\/Certificacion-1-mini-reportero-prog-Quiero-Mi-Barrio.jpg?resize=249%2C150&amp;ssl=1 249w, https:\/\/i0.wp.com\/eltrabajo.cl\/portal\/wp-content\/uploads\/2017\/07\/Certificacion-1-mini-reportero-prog-Quiero-Mi-Barrio.jpg?resize=400%2C241&amp;ssl=1 400w\" sizes=\"auto, (max-width: 580px) 100vw, 580px\" \/><figcaption id=\"caption-attachment-80295\" class=\"wp-caption-text\">Una importante participaci\u00f3n de menores tuvo el taller de mini reporteros del programa \u2018Quiero Mi Barrio\u2019 en Las Cuatro Villas.<\/figcaption><\/figure>\n<ul>\n<li><span style=\"color: #ff0000;\"><strong>El taller es parte del Programa de Recuperaci\u00f3n de Barrios \u2018Quiero Mi Barrio\u2019 del Ministerio de Vivienda y Urbanismo (Minvu), el cual es ejecutado en conjunto con la Municipalidad de San Felipe.<\/strong><\/span><\/li>\n<\/ul>\n<p>El lunes 17 de julio, en la ex Escuela Hogar, se llev\u00f3 a cabo la ceremonia de certificaci\u00f3n de los ni\u00f1os y ni\u00f1as que participaron en el taller de mini reporteros, el cual estuvo a cargo del programa \u2018Quiero Mi Barrio\u2019 y en el que los participantes tuvieron acceso a conocimientos b\u00e1sicos de periodismo a trav\u00e9s de din\u00e1micas participativas que promueven el di\u00e1logo.<br \/>\nCabe recordar que el programa \u2018Quiero Mi Barrio\u2019 tiene como objetivo mejorar la calidad de vida de las personas, a trav\u00e9s de un proceso participativo que involucra al municipio y la propia comunidad beneficiada, permitiendo as\u00ed la recuperaci\u00f3n de los espacios p\u00fablicos, el equipamiento y el fortalecimiento del tejido social.<br \/>\nMagdalena C\u00f3rdoba, periodista encargada de la estrategia comunicacional del programa \u2018Quiero Mi Barrio\u2019 en las Cuatro Villas, destac\u00f3 el gran cari\u00f1o que recibi\u00f3 por parte de los ni\u00f1os y el entusiasmo de \u00e9stos: \u00abTuvimos una participaci\u00f3n bastante importante, 244 participantes en total, con un promedio de 16 participantes por sesi\u00f3n, donde los mini reporteros de las Cuatro Villas pudieron ver tem\u00e1ticas b\u00e1sicas de periodismo, fotograf\u00eda y dise\u00f1o\u00bb.<br \/>\nRespecto al objetivo del taller, la periodista se\u00f1al\u00f3: \u00abLa idea es que ellos puedan contar con las herramientas necesarias para poder cubrir noticias, eventos positivos que est\u00e1n sucediendo en el sector donde viven y puedan comunicarlas a trav\u00e9s de diarios murales que se van a instalar prontamente y que van a estar en puntos estrat\u00e9gicos del mismo sector: multicanchas, espacios p\u00fablicos y algunas sedes comunitarias\u00bb.<br \/>\nKrishna Llopis de 10 a\u00f1os y Keyla Cubillos de 11, fueron algunas de las ni\u00f1as que participaron en el taller. Ambas se\u00f1alaron que lo que m\u00e1s les gust\u00f3 de la iniciativa fue compartir con sus compa\u00f1eros y conocer diversos medios de comunicaci\u00f3n: \u00abLo que m\u00e1s me gust\u00f3 fue que aprendimos a compartir con todos los ni\u00f1os y nos divertimos con las t\u00edas\u00bb, indic\u00f3 Llopis; mientras que Cubillos agreg\u00f3: \u00abLo que m\u00e1s me gust\u00f3 fue cuando fuimos a la radio Carnaval y entrevistamos a las personas de la Municipalidad, fue muy divertido\u00bb.<br \/>\nFinalmente, Pablo Silva, director de la Direcci\u00f3n de Desarrollo Comunitario de la Municipalidad de San Felipe y quien asisti\u00f3 en representaci\u00f3n del Alcalde Patricio Freire, se refiri\u00f3 a la actividad se\u00f1alando el impacto que ha tenido en la comunidad: \u00abEstamos muy contentos porque el programa \u2018Quiero Mi Barrio\u2019 en las Cuatro Villas, que fue una gesti\u00f3n del Alcalde Freire y del Ministerio de Vivienda y Urbanismo, ha sido muy potente para nuestros vecinos. Estamos certificando a actores relevantes con el curso de mini reporteros, \u00bfqu\u00e9 significa esto? que nuestros ni\u00f1os pueden dar a conocer las noticias del barrio y eso tiene que ver con las buenas noticias, las noticias que generan instancias reales en torno a la cooperaci\u00f3n, al trabajo en conjunto y al buen vivir\u00bb.<\/p>\n<figure id=\"attachment_80296\" aria-describedby=\"caption-attachment-80296\" style=\"width: 580px\" class=\"wp-caption alignnone\"><img data-recalc-dims=\"1\" loading=\"lazy\" decoding=\"async\" class=\"size-full wp-image-80296\" src=\"https:\/\/i0.wp.com\/www.eltrabajo.cl\/2017\/wp-content\/uploads\/2017\/07\/Certificacion-2-mini-reportero-prog-Quiero-Mi-Barrio.jpg?resize=580%2C349\" alt=\"En la ex Escuela Hogar se realiz\u00f3 la ceremonia de certificaci\u00f3n de ni\u00f1os y ni\u00f1as que participaron del taller, en presencia de sus familiares.\" width=\"580\" height=\"349\" srcset=\"https:\/\/i0.wp.com\/eltrabajo.cl\/portal\/wp-content\/uploads\/2017\/07\/Certificacion-2-mini-reportero-prog-Quiero-Mi-Barrio.jpg?w=580&amp;ssl=1 580w, https:\/\/i0.wp.com\/eltrabajo.cl\/portal\/wp-content\/uploads\/2017\/07\/Certificacion-2-mini-reportero-prog-Quiero-Mi-Barrio.jpg?resize=200%2C120&amp;ssl=1 200w, https:\/\/i0.wp.com\/eltrabajo.cl\/portal\/wp-content\/uploads\/2017\/07\/Certificacion-2-mini-reportero-prog-Quiero-Mi-Barrio.jpg?resize=300%2C181&amp;ssl=1 300w, https:\/\/i0.wp.com\/eltrabajo.cl\/portal\/wp-content\/uploads\/2017\/07\/Certificacion-2-mini-reportero-prog-Quiero-Mi-Barrio.jpg?resize=249%2C150&amp;ssl=1 249w, https:\/\/i0.wp.com\/eltrabajo.cl\/portal\/wp-content\/uploads\/2017\/07\/Certificacion-2-mini-reportero-prog-Quiero-Mi-Barrio.jpg?resize=400%2C241&amp;ssl=1 400w\" sizes=\"auto, (max-width: 580px) 100vw, 580px\" \/><figcaption id=\"caption-attachment-80296\" class=\"wp-caption-text\">En la ex Escuela Hogar se realiz\u00f3 la ceremonia de certificaci\u00f3n de ni\u00f1os y ni\u00f1as que participaron del taller, en presencia de sus familiares.<\/figcaption><\/figure>\n<figure id=\"attachment_80297\" aria-describedby=\"caption-attachment-80297\" style=\"width: 580px\" class=\"wp-caption alignnone\"><img data-recalc-dims=\"1\" loading=\"lazy\" decoding=\"async\" class=\"size-full wp-image-80297\" src=\"https:\/\/i0.wp.com\/www.eltrabajo.cl\/2017\/wp-content\/uploads\/2017\/07\/Certificacion-3-mini-reportero-prog-Quiero-Mi-Barrio.jpg?resize=580%2C350\" alt=\"Los peque\u00f1os estaban felices al recibir sus certificados.\" width=\"580\" height=\"350\" srcset=\"https:\/\/i0.wp.com\/eltrabajo.cl\/portal\/wp-content\/uploads\/2017\/07\/Certificacion-3-mini-reportero-prog-Quiero-Mi-Barrio.jpg?w=580&amp;ssl=1 580w, https:\/\/i0.wp.com\/eltrabajo.cl\/portal\/wp-content\/uploads\/2017\/07\/Certificacion-3-mini-reportero-prog-Quiero-Mi-Barrio.jpg?resize=200%2C121&amp;ssl=1 200w, https:\/\/i0.wp.com\/eltrabajo.cl\/portal\/wp-content\/uploads\/2017\/07\/Certificacion-3-mini-reportero-prog-Quiero-Mi-Barrio.jpg?resize=300%2C181&amp;ssl=1 300w, https:\/\/i0.wp.com\/eltrabajo.cl\/portal\/wp-content\/uploads\/2017\/07\/Certificacion-3-mini-reportero-prog-Quiero-Mi-Barrio.jpg?resize=249%2C150&amp;ssl=1 249w, https:\/\/i0.wp.com\/eltrabajo.cl\/portal\/wp-content\/uploads\/2017\/07\/Certificacion-3-mini-reportero-prog-Quiero-Mi-Barrio.jpg?resize=400%2C241&amp;ssl=1 400w\" sizes=\"auto, (max-width: 580px) 100vw, 580px\" \/><figcaption id=\"caption-attachment-80297\" class=\"wp-caption-text\">Los peque\u00f1os estaban felices al recibir sus certificados.<\/figcaption><\/figure>\n","protected":false},"excerpt":{"rendered":"<p>El taller es parte del Programa de Recuperaci\u00f3n de Barrios \u2018Quiero Mi Barrio\u2019 del Ministerio de Vivienda y Urbanismo (Minvu), el cual es ejecutado en conjunto con la Municipalidad de San Felipe&#8230;.<\/p>\n","protected":false},"author":1,"featured_media":80297,"comment_status":"open","ping_status":"open","sticky":false,"template":"","format":"standard","meta":{"advanced_seo_description":"","jetpack_seo_html_title":"","jetpack_seo_noindex":false,"_jetpack_memberships_contains_paid_content":false,"footnotes":""},"categories":[15],"tags":[],"class_list":["post-80294","post","type-post","status-publish","format-standard","has-post-thumbnail","hentry","category-comunidad"],"jetpack_featured_media_url":"https:\/\/i0.wp.com\/eltrabajo.cl\/portal\/wp-content\/uploads\/2017\/07\/Certificacion-3-mini-reportero-prog-Quiero-Mi-Barrio.jpg?fit=580%2C350&ssl=1","jetpack_sharing_enabled":true,"jetpack_likes_enabled":true,"jetpack-related-posts":[],"_links":{"self":[{"href":"https:\/\/eltrabajo.cl\/portal\/wp-json\/wp\/v2\/posts\/80294","targetHints":{"allow":["GET"]}}],"collection":[{"href":"https:\/\/eltrabajo.cl\/portal\/wp-json\/wp\/v2\/posts"}],"about":[{"href":"https:\/\/eltrabajo.cl\/portal\/wp-json\/wp\/v2\/types\/post"}],"author":[{"embeddable":true,"href":"https:\/\/eltrabajo.cl\/portal\/wp-json\/wp\/v2\/users\/1"}],"replies":[{"embeddable":true,"href":"https:\/\/eltrabajo.cl\/portal\/wp-json\/wp\/v2\/comments?post=80294"}],"version-history":[{"count":0,"href":"https:\/\/eltrabajo.cl\/portal\/wp-json\/wp\/v2\/posts\/80294\/revisions"}],"wp:featuredmedia":[{"embeddable":true,"href":"https:\/\/eltrabajo.cl\/portal\/wp-json\/wp\/v2\/media\/80297"}],"wp:attachment":[{"href":"https:\/\/eltrabajo.cl\/portal\/wp-json\/wp\/v2\/media?parent=80294"}],"wp:term":[{"taxonomy":"category","embeddable":true,"href":"https:\/\/eltrabajo.cl\/portal\/wp-json\/wp\/v2\/categories?post=80294"},{"taxonomy":"post_tag","embeddable":true,"href":"https:\/\/eltrabajo.cl\/portal\/wp-json\/wp\/v2\/tags?post=80294"}],"curies":[{"name":"wp","href":"https:\/\/api.w.org\/{rel}","templated":true}]}}