{"id":80326,"date":"2017-07-20T06:03:03","date_gmt":"2017-07-20T10:03:03","guid":{"rendered":"http:\/\/www.eltrabajo.cl\/2017\/?p=80326"},"modified":"2017-07-20T06:03:03","modified_gmt":"2017-07-20T10:03:03","slug":"manana-termina-el-winter-camp-san-felipe-en-escuela-jose-de-san-martin","status":"publish","type":"post","link":"https:\/\/eltrabajo.cl\/portal\/manana-termina-el-winter-camp-san-felipe-en-escuela-jose-de-san-martin\/","title":{"rendered":"Ma\u00f1ana termina el Winter Camp San Felipe en Escuela Jos\u00e9 de San Mart\u00edn"},"content":{"rendered":"<figure id=\"attachment_80333\" aria-describedby=\"caption-attachment-80333\" style=\"width: 580px\" class=\"wp-caption alignnone\"><img data-recalc-dims=\"1\" loading=\"lazy\" decoding=\"async\" class=\"size-full wp-image-80333\" src=\"https:\/\/i0.wp.com\/www.eltrabajo.cl\/2017\/wp-content\/uploads\/2017\/07\/Winter_Siobhan-Liston.jpg?resize=580%2C643\" alt=\"Siobhan Liston, abogada australiana de 24 a\u00f1os y profesora de Ingl\u00e9s: \u00abYo muy contenta de trabajar con estos chicos sanfelipe\u00f1os, llegu\u00e9 en noviembre de 2016, me alegra tambi\u00e9n ver ya los resultados en mis estudiantes\u00bb.\" width=\"580\" height=\"643\" srcset=\"https:\/\/i0.wp.com\/eltrabajo.cl\/portal\/wp-content\/uploads\/2017\/07\/Winter_Siobhan-Liston.jpg?w=580&amp;ssl=1 580w, https:\/\/i0.wp.com\/eltrabajo.cl\/portal\/wp-content\/uploads\/2017\/07\/Winter_Siobhan-Liston.jpg?resize=135%2C150&amp;ssl=1 135w, https:\/\/i0.wp.com\/eltrabajo.cl\/portal\/wp-content\/uploads\/2017\/07\/Winter_Siobhan-Liston.jpg?resize=271%2C300&amp;ssl=1 271w, https:\/\/i0.wp.com\/eltrabajo.cl\/portal\/wp-content\/uploads\/2017\/07\/Winter_Siobhan-Liston.jpg?resize=400%2C443&amp;ssl=1 400w\" sizes=\"auto, (max-width: 580px) 100vw, 580px\" \/><figcaption id=\"caption-attachment-80333\" class=\"wp-caption-text\">Siobhan Liston, abogada australiana de 24 a\u00f1os y profesora de Ingl\u00e9s: \u00abYo muy contenta de trabajar con estos chicos sanfelipe\u00f1os, llegu\u00e9 en noviembre de 2016, me alegra tambi\u00e9n ver ya los resultados en mis estudiantes\u00bb.<\/figcaption><\/figure>\n<ul>\n<li><span style=\"color: #ff0000;\"><strong>Alumnos llevan toda una semana hablando s\u00f3lo en idioma ingl\u00e9s:<\/strong><\/span><\/li>\n<\/ul>\n<p>Una gran efervescencia estudiantil es la que se vive en la Escuela Jos\u00e9 de San Mart\u00edn, ubicada en Calle Freire 85, casa educativa en la que se est\u00e1 desarrollando esta semana el Winter Camps 2017 San Felipe \u00a1My region, My Home!, una semana completa en la que s\u00f3lo estudiantes de Media participan activamente en jornadas de repaso y aprendizaje del idioma ingl\u00e9s al m\u00e1s alto nivel, ya que todas las actividades en aula y en patio se desarrollan en este idioma, potenciando as\u00ed la formaci\u00f3n biling\u00fce de los 40 estudiantes participantes.<\/p>\n<p><span style=\"color: #ff0000;\"><strong>TODO EN INGL\u00c9S<\/strong><\/span><br \/>\nEste campamento tambi\u00e9n es parte de otras iniciativas y programas de trabajo que el Mineduc desarrolla en nuestro pa\u00eds, como es el caso de Go4 Valpara\u00edso 2017, raz\u00f3n que implic\u00f3 entonces la visita del intendente regional Gabriel Aldoney, quien explic\u00f3 a Diario El Trabajo que \u00abesta es una iniciativa que estamos desarrollando en la regi\u00f3n para buscar en los modelos de ense\u00f1anza que tenemos en la ense\u00f1anza p\u00fablica, ya sea municipal y particular subvencionado, en el sentido de generar un sello y caracter\u00edstica propia en nuestra regi\u00f3n, buscando que el ingl\u00e9s sea una actividad principal en los colegios de oferta p\u00fablica (\u2026) hoy d\u00eda el conocer el ingl\u00e9s pasa a ser una oportunidad de trabajo adem\u00e1s de conocer otra cultura\u00bb, indic\u00f3 Aldoney.<br \/>\nDurante los campamentos, los participantes pueden practicar y reforzar su ingl\u00e9s a trav\u00e9s de actividades entretenidas, interactivas y din\u00e1micas, tales como competencias; lipdubs (representaci\u00f3n de una canci\u00f3n donde participa todo el campamento), proyectos grupales y juegos de roles, entre otras.<\/p>\n<p><span style=\"color: #ff0000;\"><strong>\u00daNICA PROVINCIAL<\/strong><\/span><br \/>\nAqu\u00ed estamos hablando de la \u00fanica casa estudiantil de la provincia de San Felipe del sector municipalizado, que tiene como Sello el idioma ingl\u00e9s, seg\u00fan lo asegur\u00f3 su directora, Ximena Baquedano, de la Escuela Jos\u00e9 de San Mart\u00edn: \u00abEstamos en este minuto siendo sede del Winter Camp 2017 para ni\u00f1os de ense\u00f1anza media, tambi\u00e9n estamos haciendo el lanzamiento de las 100 frases de ingl\u00e9s en el marco del Go4 Valpara\u00edso, ya que somos una escuela que tiene el Sello Ingl\u00e9s, en total aqu\u00ed estudian unos 1.150 alumnos de nuestra comuna\u00bb, coment\u00f3 la directora.<br \/>\nDiario El Trabajo tambi\u00e9n habl\u00f3 con docentes y estudiantes del Winter Camp San Felipe, entre ellos Evelyn Castillo Romero, coordinadora regional de Ingl\u00e9s: \u00abEl Plan Regional inici\u00f3 el a\u00f1o pasado con 40 colegios Sello Ingl\u00e9s en los cuales se fomenta este idioma, en ellos se impulsa el ingl\u00e9s a trav\u00e9s de iniciativas como es el Winter Camp, tambi\u00e9n desarrollamos la versi\u00f3n Summer Camp, en verano (\u2026) son 200 cupos \u00f3 200 estudiantes los que participan repartidos en los cuatro campamentos\u00bb, dijo Castillo a nuestro medio.<br \/>\nPor su parte Nicole Vera, monitora del Campamento, dijo que \u00abeste programa se llama \u2018Ingl\u00e9s abre puertas\u2019 y lo desarrolla el Mineduc, en nuestra sede est\u00e1n participando 20 estudiantes de ambos sexos, este viernes (ma\u00f1ana) estaremos culminando el campamento en horas de la tarde, ah\u00ed recibir\u00e1n su diploma correspondiente\u00bb.<br \/>\n<strong>Roberto Gonz\u00e1lez Short<\/strong><\/p>\n<figure id=\"attachment_80327\" aria-describedby=\"caption-attachment-80327\" style=\"width: 580px\" class=\"wp-caption alignnone\"><img data-recalc-dims=\"1\" loading=\"lazy\" decoding=\"async\" class=\"size-full wp-image-80327\" src=\"https:\/\/i0.wp.com\/www.eltrabajo.cl\/2017\/wp-content\/uploads\/2017\/07\/Winter1.jpg?resize=580%2C350\" alt=\"TODO EN INGL\u00c9S.- Ellos son los estudiantes y monitores del Winter Camp \u00a1My region, My Home!, que se est\u00e1 desarrollando en la Escuela Jos\u00e9 de San Mart\u00edn y que finalizar\u00e1 ma\u00f1ana viernes en horas de la tarde.\" width=\"580\" height=\"350\" srcset=\"https:\/\/i0.wp.com\/eltrabajo.cl\/portal\/wp-content\/uploads\/2017\/07\/Winter1.jpg?w=580&amp;ssl=1 580w, https:\/\/i0.wp.com\/eltrabajo.cl\/portal\/wp-content\/uploads\/2017\/07\/Winter1.jpg?resize=200%2C121&amp;ssl=1 200w, https:\/\/i0.wp.com\/eltrabajo.cl\/portal\/wp-content\/uploads\/2017\/07\/Winter1.jpg?resize=300%2C181&amp;ssl=1 300w, https:\/\/i0.wp.com\/eltrabajo.cl\/portal\/wp-content\/uploads\/2017\/07\/Winter1.jpg?resize=249%2C150&amp;ssl=1 249w, https:\/\/i0.wp.com\/eltrabajo.cl\/portal\/wp-content\/uploads\/2017\/07\/Winter1.jpg?resize=400%2C241&amp;ssl=1 400w\" sizes=\"auto, (max-width: 580px) 100vw, 580px\" \/><figcaption id=\"caption-attachment-80327\" class=\"wp-caption-text\">TODO EN INGL\u00c9S.- Ellos son los estudiantes y monitores del Winter Camp \u00a1My region, My Home!, que se est\u00e1 desarrollando en la Escuela Jos\u00e9 de San Mart\u00edn y que finalizar\u00e1 ma\u00f1ana viernes en horas de la tarde.<\/figcaption><\/figure>\n<figure id=\"attachment_80328\" aria-describedby=\"caption-attachment-80328\" style=\"width: 580px\" class=\"wp-caption alignnone\"><img data-recalc-dims=\"1\" loading=\"lazy\" decoding=\"async\" class=\"size-full wp-image-80328\" src=\"https:\/\/i0.wp.com\/www.eltrabajo.cl\/2017\/wp-content\/uploads\/2017\/07\/Winter_Catalina-Robles.jpg?resize=580%2C513\" alt=\"Catalina Robles, 16 a\u00f1os, de Catemu: \u00abEs mi segunda vez participando en un campamento ingl\u00e9s, he logrado comprender mejor el idioma cuando me hablan\u00bb.\" width=\"580\" height=\"513\" srcset=\"https:\/\/i0.wp.com\/eltrabajo.cl\/portal\/wp-content\/uploads\/2017\/07\/Winter_Catalina-Robles.jpg?w=580&amp;ssl=1 580w, https:\/\/i0.wp.com\/eltrabajo.cl\/portal\/wp-content\/uploads\/2017\/07\/Winter_Catalina-Robles.jpg?resize=170%2C150&amp;ssl=1 170w, https:\/\/i0.wp.com\/eltrabajo.cl\/portal\/wp-content\/uploads\/2017\/07\/Winter_Catalina-Robles.jpg?resize=300%2C265&amp;ssl=1 300w, https:\/\/i0.wp.com\/eltrabajo.cl\/portal\/wp-content\/uploads\/2017\/07\/Winter_Catalina-Robles.jpg?resize=400%2C354&amp;ssl=1 400w\" sizes=\"auto, (max-width: 580px) 100vw, 580px\" \/><figcaption id=\"caption-attachment-80328\" class=\"wp-caption-text\">Catalina Robles, 16 a\u00f1os, de Catemu: \u00abEs mi segunda vez participando en un campamento ingl\u00e9s, he logrado comprender mejor el idioma cuando me hablan\u00bb.<\/figcaption><\/figure>\n<figure id=\"attachment_80329\" aria-describedby=\"caption-attachment-80329\" style=\"width: 580px\" class=\"wp-caption alignnone\"><img data-recalc-dims=\"1\" loading=\"lazy\" decoding=\"async\" class=\"size-full wp-image-80329\" src=\"https:\/\/i0.wp.com\/www.eltrabajo.cl\/2017\/wp-content\/uploads\/2017\/07\/Winter_Evelyn-Castillo-Romero.jpg?resize=580%2C523\" alt=\"Evelyn Castillo Romero, coordinadora regional de ingl\u00e9s.\" width=\"580\" height=\"523\" srcset=\"https:\/\/i0.wp.com\/eltrabajo.cl\/portal\/wp-content\/uploads\/2017\/07\/Winter_Evelyn-Castillo-Romero.jpg?w=580&amp;ssl=1 580w, https:\/\/i0.wp.com\/eltrabajo.cl\/portal\/wp-content\/uploads\/2017\/07\/Winter_Evelyn-Castillo-Romero.jpg?resize=166%2C150&amp;ssl=1 166w, https:\/\/i0.wp.com\/eltrabajo.cl\/portal\/wp-content\/uploads\/2017\/07\/Winter_Evelyn-Castillo-Romero.jpg?resize=300%2C271&amp;ssl=1 300w, https:\/\/i0.wp.com\/eltrabajo.cl\/portal\/wp-content\/uploads\/2017\/07\/Winter_Evelyn-Castillo-Romero.jpg?resize=400%2C361&amp;ssl=1 400w\" sizes=\"auto, (max-width: 580px) 100vw, 580px\" \/><figcaption id=\"caption-attachment-80329\" class=\"wp-caption-text\">Evelyn Castillo Romero, coordinadora regional de ingl\u00e9s.<\/figcaption><\/figure>\n<figure id=\"attachment_80330\" aria-describedby=\"caption-attachment-80330\" style=\"width: 580px\" class=\"wp-caption alignnone\"><img data-recalc-dims=\"1\" loading=\"lazy\" decoding=\"async\" class=\"size-full wp-image-80330\" src=\"https:\/\/i0.wp.com\/www.eltrabajo.cl\/2017\/wp-content\/uploads\/2017\/07\/Winter_Gabriel-Aldoney.jpg?resize=580%2C510\" alt=\"Intendente regional Gabriel Aldoney.\" width=\"580\" height=\"510\" srcset=\"https:\/\/i0.wp.com\/eltrabajo.cl\/portal\/wp-content\/uploads\/2017\/07\/Winter_Gabriel-Aldoney.jpg?w=580&amp;ssl=1 580w, https:\/\/i0.wp.com\/eltrabajo.cl\/portal\/wp-content\/uploads\/2017\/07\/Winter_Gabriel-Aldoney.jpg?resize=171%2C150&amp;ssl=1 171w, https:\/\/i0.wp.com\/eltrabajo.cl\/portal\/wp-content\/uploads\/2017\/07\/Winter_Gabriel-Aldoney.jpg?resize=300%2C264&amp;ssl=1 300w, https:\/\/i0.wp.com\/eltrabajo.cl\/portal\/wp-content\/uploads\/2017\/07\/Winter_Gabriel-Aldoney.jpg?resize=400%2C352&amp;ssl=1 400w\" sizes=\"auto, (max-width: 580px) 100vw, 580px\" \/><figcaption id=\"caption-attachment-80330\" class=\"wp-caption-text\">Intendente regional Gabriel Aldoney.<\/figcaption><\/figure>\n<figure id=\"attachment_80331\" aria-describedby=\"caption-attachment-80331\" style=\"width: 580px\" class=\"wp-caption alignnone\"><img data-recalc-dims=\"1\" loading=\"lazy\" decoding=\"async\" class=\"size-full wp-image-80331\" src=\"https:\/\/i0.wp.com\/www.eltrabajo.cl\/2017\/wp-content\/uploads\/2017\/07\/Winter_Gabriel-Martel.jpg?resize=580%2C586\" alt=\"Gabriel Martel, 14 a\u00f1os, San Felipe: \u00abMuy bonita la experiencia, he repasado y aprendido m\u00e1s sobre este idioma, espero que me sirva bastante en el futuro\u00bb.\" width=\"580\" height=\"586\" srcset=\"https:\/\/i0.wp.com\/eltrabajo.cl\/portal\/wp-content\/uploads\/2017\/07\/Winter_Gabriel-Martel.jpg?w=580&amp;ssl=1 580w, https:\/\/i0.wp.com\/eltrabajo.cl\/portal\/wp-content\/uploads\/2017\/07\/Winter_Gabriel-Martel.jpg?resize=148%2C150&amp;ssl=1 148w, https:\/\/i0.wp.com\/eltrabajo.cl\/portal\/wp-content\/uploads\/2017\/07\/Winter_Gabriel-Martel.jpg?resize=297%2C300&amp;ssl=1 297w, https:\/\/i0.wp.com\/eltrabajo.cl\/portal\/wp-content\/uploads\/2017\/07\/Winter_Gabriel-Martel.jpg?resize=400%2C404&amp;ssl=1 400w\" sizes=\"auto, (max-width: 580px) 100vw, 580px\" \/><figcaption id=\"caption-attachment-80331\" class=\"wp-caption-text\">Gabriel Martel, 14 a\u00f1os, San Felipe: \u00abMuy bonita la experiencia, he repasado y aprendido m\u00e1s sobre este idioma, espero que me sirva bastante en el futuro\u00bb.<\/figcaption><\/figure>\n<figure id=\"attachment_80332\" aria-describedby=\"caption-attachment-80332\" style=\"width: 580px\" class=\"wp-caption alignnone\"><img data-recalc-dims=\"1\" loading=\"lazy\" decoding=\"async\" class=\"size-full wp-image-80332\" src=\"https:\/\/i0.wp.com\/www.eltrabajo.cl\/2017\/wp-content\/uploads\/2017\/07\/Winter_Nicole-Vera.jpg?resize=580%2C523\" alt=\"Nicole Vera, monitora del Campamento.\" width=\"580\" height=\"523\" srcset=\"https:\/\/i0.wp.com\/eltrabajo.cl\/portal\/wp-content\/uploads\/2017\/07\/Winter_Nicole-Vera.jpg?w=580&amp;ssl=1 580w, https:\/\/i0.wp.com\/eltrabajo.cl\/portal\/wp-content\/uploads\/2017\/07\/Winter_Nicole-Vera.jpg?resize=166%2C150&amp;ssl=1 166w, https:\/\/i0.wp.com\/eltrabajo.cl\/portal\/wp-content\/uploads\/2017\/07\/Winter_Nicole-Vera.jpg?resize=300%2C271&amp;ssl=1 300w, https:\/\/i0.wp.com\/eltrabajo.cl\/portal\/wp-content\/uploads\/2017\/07\/Winter_Nicole-Vera.jpg?resize=400%2C361&amp;ssl=1 400w\" sizes=\"auto, (max-width: 580px) 100vw, 580px\" \/><figcaption id=\"caption-attachment-80332\" class=\"wp-caption-text\">Nicole Vera, monitora del Campamento.<\/figcaption><\/figure>\n<figure id=\"attachment_80334\" aria-describedby=\"caption-attachment-80334\" style=\"width: 580px\" class=\"wp-caption alignnone\"><img data-recalc-dims=\"1\" loading=\"lazy\" decoding=\"async\" class=\"size-full wp-image-80334\" src=\"https:\/\/i0.wp.com\/www.eltrabajo.cl\/2017\/wp-content\/uploads\/2017\/07\/Winter_Ximena-Baquedano.jpg?resize=580%2C596\" alt=\"Ximena Baquedano, directora de la Escuela Jos\u00e9 de San Mart\u00edn.\" width=\"580\" height=\"596\" srcset=\"https:\/\/i0.wp.com\/eltrabajo.cl\/portal\/wp-content\/uploads\/2017\/07\/Winter_Ximena-Baquedano.jpg?w=580&amp;ssl=1 580w, https:\/\/i0.wp.com\/eltrabajo.cl\/portal\/wp-content\/uploads\/2017\/07\/Winter_Ximena-Baquedano.jpg?resize=146%2C150&amp;ssl=1 146w, https:\/\/i0.wp.com\/eltrabajo.cl\/portal\/wp-content\/uploads\/2017\/07\/Winter_Ximena-Baquedano.jpg?resize=292%2C300&amp;ssl=1 292w, https:\/\/i0.wp.com\/eltrabajo.cl\/portal\/wp-content\/uploads\/2017\/07\/Winter_Ximena-Baquedano.jpg?resize=400%2C411&amp;ssl=1 400w\" sizes=\"auto, (max-width: 580px) 100vw, 580px\" \/><figcaption id=\"caption-attachment-80334\" class=\"wp-caption-text\">Ximena Baquedano, directora de la Escuela Jos\u00e9 de San Mart\u00edn.<\/figcaption><\/figure>\n","protected":false},"excerpt":{"rendered":"<p>Alumnos llevan toda una semana hablando s\u00f3lo en idioma ingl\u00e9s: Una gran efervescencia estudiantil es la que se vive en la Escuela Jos\u00e9 de San Mart\u00edn, ubicada en Calle Freire 85, casa&#8230;<\/p>\n","protected":false},"author":1,"featured_media":80327,"comment_status":"open","ping_status":"open","sticky":false,"template":"","format":"standard","meta":{"advanced_seo_description":"","jetpack_seo_html_title":"","jetpack_seo_noindex":false,"_jetpack_memberships_contains_paid_content":false,"footnotes":""},"categories":[15],"tags":[],"class_list":["post-80326","post","type-post","status-publish","format-standard","has-post-thumbnail","hentry","category-comunidad"],"jetpack_featured_media_url":"https:\/\/i0.wp.com\/eltrabajo.cl\/portal\/wp-content\/uploads\/2017\/07\/Winter1.jpg?fit=580%2C350&ssl=1","jetpack_sharing_enabled":true,"jetpack_likes_enabled":true,"jetpack-related-posts":[],"_links":{"self":[{"href":"https:\/\/eltrabajo.cl\/portal\/wp-json\/wp\/v2\/posts\/80326","targetHints":{"allow":["GET"]}}],"collection":[{"href":"https:\/\/eltrabajo.cl\/portal\/wp-json\/wp\/v2\/posts"}],"about":[{"href":"https:\/\/eltrabajo.cl\/portal\/wp-json\/wp\/v2\/types\/post"}],"author":[{"embeddable":true,"href":"https:\/\/eltrabajo.cl\/portal\/wp-json\/wp\/v2\/users\/1"}],"replies":[{"embeddable":true,"href":"https:\/\/eltrabajo.cl\/portal\/wp-json\/wp\/v2\/comments?post=80326"}],"version-history":[{"count":0,"href":"https:\/\/eltrabajo.cl\/portal\/wp-json\/wp\/v2\/posts\/80326\/revisions"}],"wp:featuredmedia":[{"embeddable":true,"href":"https:\/\/eltrabajo.cl\/portal\/wp-json\/wp\/v2\/media\/80327"}],"wp:attachment":[{"href":"https:\/\/eltrabajo.cl\/portal\/wp-json\/wp\/v2\/media?parent=80326"}],"wp:term":[{"taxonomy":"category","embeddable":true,"href":"https:\/\/eltrabajo.cl\/portal\/wp-json\/wp\/v2\/categories?post=80326"},{"taxonomy":"post_tag","embeddable":true,"href":"https:\/\/eltrabajo.cl\/portal\/wp-json\/wp\/v2\/tags?post=80326"}],"curies":[{"name":"wp","href":"https:\/\/api.w.org\/{rel}","templated":true}]}}