{"id":80404,"date":"2017-07-24T06:03:41","date_gmt":"2017-07-24T10:03:41","guid":{"rendered":"http:\/\/www.eltrabajo.cl\/2017\/?p=80404"},"modified":"2017-07-24T06:03:41","modified_gmt":"2017-07-24T10:03:41","slug":"combates-y-danzas-del-pasado-en-la-2a-feria-medieval-san-felipe-2017","status":"publish","type":"post","link":"https:\/\/eltrabajo.cl\/portal\/combates-y-danzas-del-pasado-en-la-2a-feria-medieval-san-felipe-2017\/","title":{"rendered":"Combates y danzas del pasado en la 2\u00aa Feria Medieval San Felipe 2017"},"content":{"rendered":"<figure id=\"attachment_80406\" aria-describedby=\"caption-attachment-80406\" style=\"width: 580px\" class=\"wp-caption alignnone\"><img data-recalc-dims=\"1\" loading=\"lazy\" decoding=\"async\" class=\"size-full wp-image-80406\" src=\"https:\/\/i0.wp.com\/www.eltrabajo.cl\/2017\/wp-content\/uploads\/2017\/07\/Feria1.jpg?resize=580%2C349\" alt=\"NUEVOS VIENTOS.- Los gaiteros de Leonardo Pino, del Liceo Mixto, han desarrollado su propio proyecto vikingo n\u00f3rdico-escandinavo.\" width=\"580\" height=\"349\" srcset=\"https:\/\/i0.wp.com\/eltrabajo.cl\/portal\/wp-content\/uploads\/2017\/07\/Feria1.jpg?w=580&amp;ssl=1 580w, https:\/\/i0.wp.com\/eltrabajo.cl\/portal\/wp-content\/uploads\/2017\/07\/Feria1.jpg?resize=200%2C120&amp;ssl=1 200w, https:\/\/i0.wp.com\/eltrabajo.cl\/portal\/wp-content\/uploads\/2017\/07\/Feria1.jpg?resize=300%2C181&amp;ssl=1 300w, https:\/\/i0.wp.com\/eltrabajo.cl\/portal\/wp-content\/uploads\/2017\/07\/Feria1.jpg?resize=249%2C150&amp;ssl=1 249w, https:\/\/i0.wp.com\/eltrabajo.cl\/portal\/wp-content\/uploads\/2017\/07\/Feria1.jpg?resize=400%2C241&amp;ssl=1 400w\" sizes=\"auto, (max-width: 580px) 100vw, 580px\" \/><figcaption id=\"caption-attachment-80406\" class=\"wp-caption-text\">NUEVOS VIENTOS.- Los gaiteros de Leonardo Pino, del Liceo Mixto, han desarrollado su propio proyecto vikingo n\u00f3rdico-escandinavo.<\/figcaption><\/figure>\n<p>Tal como lo anunciamos en Diario El Trabajo, la 2\u00aa Feria Medieval San Felipe 2017 que se desarrollar\u00eda el s\u00e1bado en gimnasio del Liceo Roberto Humeres, y que convoc\u00f3 a cientos de personas de nuestro Valle de Aconcagua, evidentemente se realiz\u00f3 con Nota 7 en nuestra comuna, pues a la cita llegaron duendes, hadas, vikingos, Caballeros en armadura, comerciantes de cerveza y comidas medievales, as\u00ed como herreros y otros personajes de la \u00e9poca.<br \/>\nAl \u00e9pico evento asistieron agrupaciones de todo el pa\u00eds para mostrar su trabajo como recreadores del Mundo Vikingo; Caballeros teutones; los mejores artesanos de diversas disciplinas medievales; bailarines y grandes artistas de lo antiguo; as\u00ed como Camerata Aconcagua, que con su m\u00fasica deleit\u00f3 a los presentes, tambi\u00e9n hubo reproducciones de armaduras del siglo XV hechas por uno de los m\u00e1s prestigiosos armeros del pa\u00eds y que vive en la comuna de Santa Mar\u00eda, Tom\u00e1s Suazo.<br \/>\nLas c\u00e1maras de Diario El Trabajo recorrieron los stands de la feria, en los mismos hab\u00eda runas, art\u00edculos druidas y combates en pleno desarrollo, tambi\u00e9n los ni\u00f1os que llegaron con sus padres tuvieron la oportunidad de ponerse una armadura y simular combates con otros guerreros. A continuaci\u00f3n un registro gr\u00e1fico de esta feria medieval, evento que ya se viene instalando entre los preferidos de nuestros lectores.<br \/>\n<strong>Roberto Gonz\u00e1lez Short<\/strong><\/p>\n<figure id=\"attachment_80405\" aria-describedby=\"caption-attachment-80405\" style=\"width: 580px\" class=\"wp-caption alignnone\"><img data-recalc-dims=\"1\" loading=\"lazy\" decoding=\"async\" class=\"size-full wp-image-80405\" src=\"https:\/\/i0.wp.com\/www.eltrabajo.cl\/2017\/wp-content\/uploads\/2017\/07\/Feria_Marcela-Diaz.jpg?resize=580%2C837\" alt=\"UNA CHICA DURA.- La joven Marcela D\u00edaz, de armadura completa, viaj\u00f3 desde Santiago a esta feria.\" width=\"580\" height=\"837\" srcset=\"https:\/\/i0.wp.com\/eltrabajo.cl\/portal\/wp-content\/uploads\/2017\/07\/Feria_Marcela-Diaz.jpg?w=580&amp;ssl=1 580w, https:\/\/i0.wp.com\/eltrabajo.cl\/portal\/wp-content\/uploads\/2017\/07\/Feria_Marcela-Diaz.jpg?resize=104%2C150&amp;ssl=1 104w, https:\/\/i0.wp.com\/eltrabajo.cl\/portal\/wp-content\/uploads\/2017\/07\/Feria_Marcela-Diaz.jpg?resize=208%2C300&amp;ssl=1 208w, https:\/\/i0.wp.com\/eltrabajo.cl\/portal\/wp-content\/uploads\/2017\/07\/Feria_Marcela-Diaz.jpg?resize=400%2C577&amp;ssl=1 400w\" sizes=\"auto, (max-width: 580px) 100vw, 580px\" \/><figcaption id=\"caption-attachment-80405\" class=\"wp-caption-text\">UNA CHICA DURA.- La joven Marcela D\u00edaz, de armadura completa, viaj\u00f3 desde Santiago a esta feria.<\/figcaption><\/figure>\n<figure id=\"attachment_80407\" aria-describedby=\"caption-attachment-80407\" style=\"width: 580px\" class=\"wp-caption alignnone\"><img data-recalc-dims=\"1\" loading=\"lazy\" decoding=\"async\" class=\"size-full wp-image-80407\" src=\"https:\/\/i0.wp.com\/www.eltrabajo.cl\/2017\/wp-content\/uploads\/2017\/07\/Feria2.jpg?resize=580%2C350\" alt=\"CERVEZA R\u00daSTI-K.- El\u00edas Vera, sanfelipe\u00f1o que produce cerveza artesanal, \u00e9l y sus productos fueron la gran sensaci\u00f3n en esta feria medieval.\" width=\"580\" height=\"350\" srcset=\"https:\/\/i0.wp.com\/eltrabajo.cl\/portal\/wp-content\/uploads\/2017\/07\/Feria2.jpg?w=580&amp;ssl=1 580w, https:\/\/i0.wp.com\/eltrabajo.cl\/portal\/wp-content\/uploads\/2017\/07\/Feria2.jpg?resize=200%2C121&amp;ssl=1 200w, https:\/\/i0.wp.com\/eltrabajo.cl\/portal\/wp-content\/uploads\/2017\/07\/Feria2.jpg?resize=300%2C181&amp;ssl=1 300w, https:\/\/i0.wp.com\/eltrabajo.cl\/portal\/wp-content\/uploads\/2017\/07\/Feria2.jpg?resize=249%2C150&amp;ssl=1 249w, https:\/\/i0.wp.com\/eltrabajo.cl\/portal\/wp-content\/uploads\/2017\/07\/Feria2.jpg?resize=400%2C241&amp;ssl=1 400w\" sizes=\"auto, (max-width: 580px) 100vw, 580px\" \/><figcaption id=\"caption-attachment-80407\" class=\"wp-caption-text\">CERVEZA R\u00daSTI-K.- El\u00edas Vera, sanfelipe\u00f1o que produce cerveza artesanal, \u00e9l y sus productos fueron la gran sensaci\u00f3n en esta feria medieval.<\/figcaption><\/figure>\n<figure id=\"attachment_80408\" aria-describedby=\"caption-attachment-80408\" style=\"width: 580px\" class=\"wp-caption alignnone\"><img data-recalc-dims=\"1\" loading=\"lazy\" decoding=\"async\" class=\"size-full wp-image-80408\" src=\"https:\/\/i0.wp.com\/www.eltrabajo.cl\/2017\/wp-content\/uploads\/2017\/07\/Feria3.jpg?resize=580%2C349\" alt=\"AVENTUREROS.- Marco Avenda\u00f1o de Vi\u00f1a del Mar y Rodrigo Orellana, de San Felipe, mostraron a los presentes c\u00f3mo se usaban el arco y la flecha durante las y guerras.\" width=\"580\" height=\"349\" srcset=\"https:\/\/i0.wp.com\/eltrabajo.cl\/portal\/wp-content\/uploads\/2017\/07\/Feria3.jpg?w=580&amp;ssl=1 580w, https:\/\/i0.wp.com\/eltrabajo.cl\/portal\/wp-content\/uploads\/2017\/07\/Feria3.jpg?resize=200%2C120&amp;ssl=1 200w, https:\/\/i0.wp.com\/eltrabajo.cl\/portal\/wp-content\/uploads\/2017\/07\/Feria3.jpg?resize=300%2C181&amp;ssl=1 300w, https:\/\/i0.wp.com\/eltrabajo.cl\/portal\/wp-content\/uploads\/2017\/07\/Feria3.jpg?resize=249%2C150&amp;ssl=1 249w, https:\/\/i0.wp.com\/eltrabajo.cl\/portal\/wp-content\/uploads\/2017\/07\/Feria3.jpg?resize=400%2C241&amp;ssl=1 400w\" sizes=\"auto, (max-width: 580px) 100vw, 580px\" \/><figcaption id=\"caption-attachment-80408\" class=\"wp-caption-text\">AVENTUREROS.- Marco Avenda\u00f1o de Vi\u00f1a del Mar y Rodrigo Orellana, de San Felipe, mostraron a los presentes c\u00f3mo se usaban el arco y la flecha durante las y guerras.<\/figcaption><\/figure>\n<figure id=\"attachment_80409\" aria-describedby=\"caption-attachment-80409\" style=\"width: 580px\" class=\"wp-caption alignnone\"><img data-recalc-dims=\"1\" loading=\"lazy\" decoding=\"async\" class=\"size-full wp-image-80409\" src=\"https:\/\/i0.wp.com\/www.eltrabajo.cl\/2017\/wp-content\/uploads\/2017\/07\/Feria4.jpg?resize=580%2C349\" alt=\"LOS NI\u00d1OS EN COMBATE.- Los ni\u00f1os que llegaron con sus padres tuvieron la oportunidad de ponerse una armadura y simular combates con otros guerreros.\" width=\"580\" height=\"349\" srcset=\"https:\/\/i0.wp.com\/eltrabajo.cl\/portal\/wp-content\/uploads\/2017\/07\/Feria4.jpg?w=580&amp;ssl=1 580w, https:\/\/i0.wp.com\/eltrabajo.cl\/portal\/wp-content\/uploads\/2017\/07\/Feria4.jpg?resize=200%2C120&amp;ssl=1 200w, https:\/\/i0.wp.com\/eltrabajo.cl\/portal\/wp-content\/uploads\/2017\/07\/Feria4.jpg?resize=300%2C181&amp;ssl=1 300w, https:\/\/i0.wp.com\/eltrabajo.cl\/portal\/wp-content\/uploads\/2017\/07\/Feria4.jpg?resize=249%2C150&amp;ssl=1 249w, https:\/\/i0.wp.com\/eltrabajo.cl\/portal\/wp-content\/uploads\/2017\/07\/Feria4.jpg?resize=400%2C241&amp;ssl=1 400w\" sizes=\"auto, (max-width: 580px) 100vw, 580px\" \/><figcaption id=\"caption-attachment-80409\" class=\"wp-caption-text\">LOS NI\u00d1OS EN COMBATE.- Los ni\u00f1os que llegaron con sus padres tuvieron la oportunidad de ponerse una armadura y simular combates con otros guerreros.<\/figcaption><\/figure>\n<figure id=\"attachment_80410\" aria-describedby=\"caption-attachment-80410\" style=\"width: 580px\" class=\"wp-caption alignnone\"><img data-recalc-dims=\"1\" loading=\"lazy\" decoding=\"async\" class=\"size-full wp-image-80410\" src=\"https:\/\/i0.wp.com\/www.eltrabajo.cl\/2017\/wp-content\/uploads\/2017\/07\/Feria5.jpg?resize=580%2C350\" alt=\"SIEMPRE CAMERATA.- Aqu\u00ed tenemos a los anfitriones de la feria, Camerata Aconcagua con sus bellas divas y el profe Gaete al frente.\" width=\"580\" height=\"350\" srcset=\"https:\/\/i0.wp.com\/eltrabajo.cl\/portal\/wp-content\/uploads\/2017\/07\/Feria5.jpg?w=580&amp;ssl=1 580w, https:\/\/i0.wp.com\/eltrabajo.cl\/portal\/wp-content\/uploads\/2017\/07\/Feria5.jpg?resize=200%2C121&amp;ssl=1 200w, https:\/\/i0.wp.com\/eltrabajo.cl\/portal\/wp-content\/uploads\/2017\/07\/Feria5.jpg?resize=300%2C181&amp;ssl=1 300w, https:\/\/i0.wp.com\/eltrabajo.cl\/portal\/wp-content\/uploads\/2017\/07\/Feria5.jpg?resize=249%2C150&amp;ssl=1 249w, https:\/\/i0.wp.com\/eltrabajo.cl\/portal\/wp-content\/uploads\/2017\/07\/Feria5.jpg?resize=400%2C241&amp;ssl=1 400w\" sizes=\"auto, (max-width: 580px) 100vw, 580px\" \/><figcaption id=\"caption-attachment-80410\" class=\"wp-caption-text\">SIEMPRE CAMERATA.- Aqu\u00ed tenemos a los anfitriones de la feria, Camerata Aconcagua con sus bellas divas y el profe Gaete al frente.<\/figcaption><\/figure>\n<figure id=\"attachment_80411\" aria-describedby=\"caption-attachment-80411\" style=\"width: 580px\" class=\"wp-caption alignnone\"><img data-recalc-dims=\"1\" loading=\"lazy\" decoding=\"async\" class=\"size-full wp-image-80411\" src=\"https:\/\/i0.wp.com\/www.eltrabajo.cl\/2017\/wp-content\/uploads\/2017\/07\/Feria6.jpg?resize=580%2C349\" alt=\"LANZAS FENIX.- Esta compa\u00f1\u00eda art\u00edstica de Caballeros viaj\u00f3 desde Santiago para interpretar combates medievales, y compartieron con el p\u00fablico y otros aficionados al Mundo Vikingo.\" width=\"580\" height=\"349\" srcset=\"https:\/\/i0.wp.com\/eltrabajo.cl\/portal\/wp-content\/uploads\/2017\/07\/Feria6.jpg?w=580&amp;ssl=1 580w, https:\/\/i0.wp.com\/eltrabajo.cl\/portal\/wp-content\/uploads\/2017\/07\/Feria6.jpg?resize=200%2C120&amp;ssl=1 200w, https:\/\/i0.wp.com\/eltrabajo.cl\/portal\/wp-content\/uploads\/2017\/07\/Feria6.jpg?resize=300%2C181&amp;ssl=1 300w, https:\/\/i0.wp.com\/eltrabajo.cl\/portal\/wp-content\/uploads\/2017\/07\/Feria6.jpg?resize=249%2C150&amp;ssl=1 249w, https:\/\/i0.wp.com\/eltrabajo.cl\/portal\/wp-content\/uploads\/2017\/07\/Feria6.jpg?resize=400%2C241&amp;ssl=1 400w\" sizes=\"auto, (max-width: 580px) 100vw, 580px\" \/><figcaption id=\"caption-attachment-80411\" class=\"wp-caption-text\">LANZAS FENIX.- Esta compa\u00f1\u00eda art\u00edstica de Caballeros viaj\u00f3 desde Santiago para interpretar combates medievales, y compartieron con el p\u00fablico y otros aficionados al Mundo Vikingo.<\/figcaption><\/figure>\n","protected":false},"excerpt":{"rendered":"<p>Tal como lo anunciamos en Diario El Trabajo, la 2\u00aa Feria Medieval San Felipe 2017 que se desarrollar\u00eda el s\u00e1bado en gimnasio del Liceo Roberto Humeres, y que convoc\u00f3 a cientos de&#8230;<\/p>\n","protected":false},"author":1,"featured_media":80411,"comment_status":"open","ping_status":"open","sticky":false,"template":"","format":"standard","meta":{"advanced_seo_description":"","jetpack_seo_html_title":"","jetpack_seo_noindex":false,"_jetpack_memberships_contains_paid_content":false,"footnotes":""},"categories":[15],"tags":[],"class_list":["post-80404","post","type-post","status-publish","format-standard","has-post-thumbnail","hentry","category-comunidad"],"jetpack_featured_media_url":"https:\/\/i0.wp.com\/eltrabajo.cl\/portal\/wp-content\/uploads\/2017\/07\/Feria6.jpg?fit=580%2C349&ssl=1","jetpack_sharing_enabled":true,"jetpack_likes_enabled":true,"jetpack-related-posts":[],"_links":{"self":[{"href":"https:\/\/eltrabajo.cl\/portal\/wp-json\/wp\/v2\/posts\/80404","targetHints":{"allow":["GET"]}}],"collection":[{"href":"https:\/\/eltrabajo.cl\/portal\/wp-json\/wp\/v2\/posts"}],"about":[{"href":"https:\/\/eltrabajo.cl\/portal\/wp-json\/wp\/v2\/types\/post"}],"author":[{"embeddable":true,"href":"https:\/\/eltrabajo.cl\/portal\/wp-json\/wp\/v2\/users\/1"}],"replies":[{"embeddable":true,"href":"https:\/\/eltrabajo.cl\/portal\/wp-json\/wp\/v2\/comments?post=80404"}],"version-history":[{"count":0,"href":"https:\/\/eltrabajo.cl\/portal\/wp-json\/wp\/v2\/posts\/80404\/revisions"}],"wp:featuredmedia":[{"embeddable":true,"href":"https:\/\/eltrabajo.cl\/portal\/wp-json\/wp\/v2\/media\/80411"}],"wp:attachment":[{"href":"https:\/\/eltrabajo.cl\/portal\/wp-json\/wp\/v2\/media?parent=80404"}],"wp:term":[{"taxonomy":"category","embeddable":true,"href":"https:\/\/eltrabajo.cl\/portal\/wp-json\/wp\/v2\/categories?post=80404"},{"taxonomy":"post_tag","embeddable":true,"href":"https:\/\/eltrabajo.cl\/portal\/wp-json\/wp\/v2\/tags?post=80404"}],"curies":[{"name":"wp","href":"https:\/\/api.w.org\/{rel}","templated":true}]}}