{"id":80426,"date":"2017-07-25T06:00:47","date_gmt":"2017-07-25T10:00:47","guid":{"rendered":"http:\/\/www.eltrabajo.cl\/2017\/?p=80426"},"modified":"2017-07-25T06:00:47","modified_gmt":"2017-07-25T10:00:47","slug":"nuevo-llamado-para-postular-al-fondo-solidario-eleccion-de-vivienda-d-s-49","status":"publish","type":"post","link":"https:\/\/eltrabajo.cl\/portal\/nuevo-llamado-para-postular-al-fondo-solidario-eleccion-de-vivienda-d-s-49\/","title":{"rendered":"Nuevo llamado para postular al Fondo Solidario Elecci\u00f3n de Vivienda D.S. 49"},"content":{"rendered":"<figure id=\"attachment_80427\" aria-describedby=\"caption-attachment-80427\" style=\"width: 580px\" class=\"wp-caption alignnone\"><img data-recalc-dims=\"1\" loading=\"lazy\" decoding=\"async\" class=\"size-full wp-image-80427\" src=\"https:\/\/i0.wp.com\/www.eltrabajo.cl\/2017\/wp-content\/uploads\/2017\/07\/familia-subsidio.jpg?resize=580%2C348\" alt=\"El subsidio permite adquirir una vivienda (casa o departamento) nueva o usada, sin cr\u00e9dito hipotecario en sectores urbanos o rurales, de un valor m\u00e1ximo de 950 UF, subsidiando entre 314 y 794 UF.\" width=\"580\" height=\"348\" srcset=\"https:\/\/i0.wp.com\/eltrabajo.cl\/portal\/wp-content\/uploads\/2017\/07\/familia-subsidio.jpg?w=580&amp;ssl=1 580w, https:\/\/i0.wp.com\/eltrabajo.cl\/portal\/wp-content\/uploads\/2017\/07\/familia-subsidio.jpg?resize=200%2C120&amp;ssl=1 200w, https:\/\/i0.wp.com\/eltrabajo.cl\/portal\/wp-content\/uploads\/2017\/07\/familia-subsidio.jpg?resize=300%2C180&amp;ssl=1 300w, https:\/\/i0.wp.com\/eltrabajo.cl\/portal\/wp-content\/uploads\/2017\/07\/familia-subsidio.jpg?resize=250%2C150&amp;ssl=1 250w, https:\/\/i0.wp.com\/eltrabajo.cl\/portal\/wp-content\/uploads\/2017\/07\/familia-subsidio.jpg?resize=400%2C240&amp;ssl=1 400w\" sizes=\"auto, (max-width: 580px) 100vw, 580px\" \/><figcaption id=\"caption-attachment-80427\" class=\"wp-caption-text\">El subsidio permite adquirir una vivienda (casa o departamento) nueva o usada, sin cr\u00e9dito hipotecario en sectores urbanos o rurales, de un valor m\u00e1ximo de 950 UF, subsidiando entre 314 y 794 UF.<\/figcaption><\/figure>\n<ul>\n<li><strong><span style=\"color: #ff0000;\">Plazo se extender\u00e1 entre el 26 de julio al 3 de agosto:<\/span>\u00a0<\/strong><strong>Entre los requisitos se encuentran tener m\u00ednimo 18 a\u00f1os de edad, pertenecer al 40% m\u00e1s vulnerable de la poblaci\u00f3n, y tener un ahorro m\u00ednimo de 10 UF.<\/strong><\/li>\n<\/ul>\n<p>Desde el mi\u00e9rcoles 26 de julio al jueves 3 de agosto estar\u00e1 disponible el segundo llamado para postular al programa Fondo Solidario de Elecci\u00f3n de Vivienda D.S. N\u00b0 49, destinado a familias sin vivienda que viven en situaci\u00f3n de vulnerabilidad social.<br \/>\nAs\u00ed lo informaron desde el Ministerio de Vivienda y Urbanismo (Minvu) y el Servicio de Vivienda y Urbanizaci\u00f3n (Serviu), destacando que este apoyo del Estado permite adquirir una vivienda (casa o departamento) nueva o usada, sin cr\u00e9dito hipotecario en sectores urbanos o rurales, de un valor m\u00e1ximo de 950 UF, subsidiando entre 314 y 794 UF.<br \/>\nAl respecto, el director regional del Serviu, Carlos Contador, recalc\u00f3 que \u00abeste llamado que se inicia el 26 de julio y que tendr\u00e1 un periodo de postulaci\u00f3n hasta el jueves 3 de agosto, est\u00e1 destinado a familias vulnerables, por tanto, tiene pocos requisitos. Entre ellos se encuentran ser mayor de edad y con c\u00e9dula de identidad vigente, en el caso de los extranjeros se suma el tener el certificado de permanencia definitiva, y pertenecer al 40% de la poblaci\u00f3n m\u00e1s vulnerable en conformidad al Registro Social de Hogares\u00bb.<br \/>\n\u00abAs\u00ed que invitamos a que las familias se acerquen a nuestro Servicio, ya sea en Valpara\u00edso o en las delegaciones provinciales, para que reciban la informaci\u00f3n y la atenci\u00f3n preferentes, de modo que ellos puedan ser seleccionados en este llamado\u00bb, agreg\u00f3 Contador.<\/p>\n<p><span style=\"color: #ff0000;\"><strong>LOS REQUISITOS<\/strong><\/span><br \/>\n&#8211; Tener m\u00ednimo 18 a\u00f1os de edad.<br \/>\n&#8211; Contar con C\u00e9dula Nacional de Identidad vigente. Las personas extranjeras deben presentar, adem\u00e1s, el Certificado de Permanencia Definitiva.<br \/>\n&#8211; Pertenecer al 40% de la poblaci\u00f3n con menos recursos, de acuerdo a la calificaci\u00f3n socioecon\u00f3mica establecida en el Registro Social de Hogares (RSH)<br \/>\n&#8211; Tener el ahorro m\u00ednimo exigido en una cuenta de ahorro para la vivienda a nombre de quien postule, el cual ser\u00e1 de 10 UF, a m\u00e1s tardar al \u00faltimo d\u00eda h\u00e1bil del mes anterior al de la postulaci\u00f3n.<br \/>\n&#8211; Acreditar en el RSH un grupo familiar. No pueden postular personas solas (familias unipersonales), excepto aquellas en situaci\u00f3n de discapacidad (acreditado por el Compin), adultos mayores, ciudadanos que tengan la calidad de ind\u00edgenas, personas reconocidas en el Informe Valech y viudas\/os.<\/p>\n","protected":false},"excerpt":{"rendered":"<p>Plazo se extender\u00e1 entre el 26 de julio al 3 de agosto:\u00a0Entre los requisitos se encuentran tener m\u00ednimo 18 a\u00f1os de edad, pertenecer al 40% m\u00e1s vulnerable de la poblaci\u00f3n, y tener&#8230;<\/p>\n","protected":false},"author":1,"featured_media":80427,"comment_status":"open","ping_status":"open","sticky":false,"template":"","format":"standard","meta":{"advanced_seo_description":"","jetpack_seo_html_title":"","jetpack_seo_noindex":false,"_jetpack_memberships_contains_paid_content":false,"footnotes":""},"categories":[1],"tags":[],"class_list":["post-80426","post","type-post","status-publish","format-standard","has-post-thumbnail","hentry","category-cronica"],"jetpack_featured_media_url":"https:\/\/i0.wp.com\/eltrabajo.cl\/portal\/wp-content\/uploads\/2017\/07\/familia-subsidio.jpg?fit=580%2C348&ssl=1","jetpack_sharing_enabled":true,"jetpack_likes_enabled":true,"jetpack-related-posts":[],"_links":{"self":[{"href":"https:\/\/eltrabajo.cl\/portal\/wp-json\/wp\/v2\/posts\/80426","targetHints":{"allow":["GET"]}}],"collection":[{"href":"https:\/\/eltrabajo.cl\/portal\/wp-json\/wp\/v2\/posts"}],"about":[{"href":"https:\/\/eltrabajo.cl\/portal\/wp-json\/wp\/v2\/types\/post"}],"author":[{"embeddable":true,"href":"https:\/\/eltrabajo.cl\/portal\/wp-json\/wp\/v2\/users\/1"}],"replies":[{"embeddable":true,"href":"https:\/\/eltrabajo.cl\/portal\/wp-json\/wp\/v2\/comments?post=80426"}],"version-history":[{"count":0,"href":"https:\/\/eltrabajo.cl\/portal\/wp-json\/wp\/v2\/posts\/80426\/revisions"}],"wp:featuredmedia":[{"embeddable":true,"href":"https:\/\/eltrabajo.cl\/portal\/wp-json\/wp\/v2\/media\/80427"}],"wp:attachment":[{"href":"https:\/\/eltrabajo.cl\/portal\/wp-json\/wp\/v2\/media?parent=80426"}],"wp:term":[{"taxonomy":"category","embeddable":true,"href":"https:\/\/eltrabajo.cl\/portal\/wp-json\/wp\/v2\/categories?post=80426"},{"taxonomy":"post_tag","embeddable":true,"href":"https:\/\/eltrabajo.cl\/portal\/wp-json\/wp\/v2\/tags?post=80426"}],"curies":[{"name":"wp","href":"https:\/\/api.w.org\/{rel}","templated":true}]}}