{"id":80429,"date":"2017-07-25T06:02:44","date_gmt":"2017-07-25T10:02:44","guid":{"rendered":"http:\/\/www.eltrabajo.cl\/2017\/?p=80429"},"modified":"2017-07-25T06:02:44","modified_gmt":"2017-07-25T10:02:44","slug":"el-domingo-debutara-el-uni-en-el-transicion-de-la-b","status":"publish","type":"post","link":"https:\/\/eltrabajo.cl\/portal\/el-domingo-debutara-el-uni-en-el-transicion-de-la-b\/","title":{"rendered":"El domingo debutar\u00e1 el Un\u00ed en el Transici\u00f3n de la B"},"content":{"rendered":"<figure id=\"attachment_80430\" aria-describedby=\"caption-attachment-80430\" style=\"width: 580px\" class=\"wp-caption alignnone\"><img data-recalc-dims=\"1\" loading=\"lazy\" decoding=\"async\" class=\"size-full wp-image-80430\" src=\"https:\/\/i0.wp.com\/www.eltrabajo.cl\/2017\/wp-content\/uploads\/2017\/07\/uni-uni-2.jpg?resize=580%2C348\" alt=\"Luego de dejar en el suelo a la Uni\u00f3n Espa\u00f1ola en la Copa Chile, Uni\u00f3n San Felipe se apresta para su debut de este domingo en el torneo de la B.\" width=\"580\" height=\"348\" srcset=\"https:\/\/i0.wp.com\/eltrabajo.cl\/portal\/wp-content\/uploads\/2017\/07\/uni-uni-2.jpg?w=580&amp;ssl=1 580w, https:\/\/i0.wp.com\/eltrabajo.cl\/portal\/wp-content\/uploads\/2017\/07\/uni-uni-2.jpg?resize=200%2C120&amp;ssl=1 200w, https:\/\/i0.wp.com\/eltrabajo.cl\/portal\/wp-content\/uploads\/2017\/07\/uni-uni-2.jpg?resize=300%2C180&amp;ssl=1 300w, https:\/\/i0.wp.com\/eltrabajo.cl\/portal\/wp-content\/uploads\/2017\/07\/uni-uni-2.jpg?resize=250%2C150&amp;ssl=1 250w, https:\/\/i0.wp.com\/eltrabajo.cl\/portal\/wp-content\/uploads\/2017\/07\/uni-uni-2.jpg?resize=400%2C240&amp;ssl=1 400w\" sizes=\"auto, (max-width: 580px) 100vw, 580px\" \/><figcaption id=\"caption-attachment-80430\" class=\"wp-caption-text\">Luego de dejar en el suelo a la Uni\u00f3n Espa\u00f1ola en la Copa Chile, Uni\u00f3n San Felipe se apresta para su debut de este domingo en el torneo de la B.<\/figcaption><\/figure>\n<p>Con la confianza al tope tras haber eliminado con total justicia a la Uni\u00f3n Espa\u00f1ola de la Copa Chile, este domingo se producir\u00e1 el estreno de Uni\u00f3n San Felipe en el torneo de Transici\u00f3n de la Primera B, en el cual el crecido cuadro sanfelipe\u00f1o enfrentar\u00e1 como \u2018local\u2019 en el estadio Lucio Fari\u00f1a de Quillota, a Cobreloa.<br \/>\nEl pleito est\u00e1 agendado para las 20:30 horas de este domingo y ser\u00e1 el encargado de poner fin a la primera fecha del campeonato de la serie de plata del f\u00fatbol chileno.<\/p>\n<p><span style=\"color: #ff0000;\"><strong>Programaci\u00f3n 1\u00aa Fecha<\/strong><\/span><br \/>\nS\u00e1bado 29 de julio<br \/>\n18:00 horas, Puerto Montt \u2013 Rangers<br \/>\n19:00 horas, Deportes La Serena \u2013 Iberia<br \/>\nDomingo 30 de Julio<br \/>\n12:00 horas: Santiago Morning \u2013 Magallanes<br \/>\n15:00 horas: Valdivia \u2013 Coquimbo Unido<br \/>\n15:30 horas: Cobresal \u2013 Uni\u00f3n La Calera<br \/>\n15:30 horas: \u00d1ublense \u2013 Deportes Copiap\u00f3<br \/>\n16:00 horas: San Marcos \u2013 Barnechea<br \/>\n20:30 horas, Uni\u00f3n San Felipe \u2013 Cobreloa<\/p>\n","protected":false},"excerpt":{"rendered":"<p>Con la confianza al tope tras haber eliminado con total justicia a la Uni\u00f3n Espa\u00f1ola de la Copa Chile, este domingo se producir\u00e1 el estreno de Uni\u00f3n San Felipe en el torneo&#8230;<\/p>\n","protected":false},"author":1,"featured_media":80430,"comment_status":"open","ping_status":"open","sticky":false,"template":"","format":"standard","meta":{"advanced_seo_description":"","jetpack_seo_html_title":"","jetpack_seo_noindex":false,"_jetpack_memberships_contains_paid_content":false,"footnotes":""},"categories":[19],"tags":[],"class_list":["post-80429","post","type-post","status-publish","format-standard","has-post-thumbnail","hentry","category-deportes"],"jetpack_featured_media_url":"https:\/\/i0.wp.com\/eltrabajo.cl\/portal\/wp-content\/uploads\/2017\/07\/uni-uni-2.jpg?fit=580%2C348&ssl=1","jetpack_sharing_enabled":true,"jetpack_likes_enabled":true,"jetpack-related-posts":[],"_links":{"self":[{"href":"https:\/\/eltrabajo.cl\/portal\/wp-json\/wp\/v2\/posts\/80429","targetHints":{"allow":["GET"]}}],"collection":[{"href":"https:\/\/eltrabajo.cl\/portal\/wp-json\/wp\/v2\/posts"}],"about":[{"href":"https:\/\/eltrabajo.cl\/portal\/wp-json\/wp\/v2\/types\/post"}],"author":[{"embeddable":true,"href":"https:\/\/eltrabajo.cl\/portal\/wp-json\/wp\/v2\/users\/1"}],"replies":[{"embeddable":true,"href":"https:\/\/eltrabajo.cl\/portal\/wp-json\/wp\/v2\/comments?post=80429"}],"version-history":[{"count":0,"href":"https:\/\/eltrabajo.cl\/portal\/wp-json\/wp\/v2\/posts\/80429\/revisions"}],"wp:featuredmedia":[{"embeddable":true,"href":"https:\/\/eltrabajo.cl\/portal\/wp-json\/wp\/v2\/media\/80430"}],"wp:attachment":[{"href":"https:\/\/eltrabajo.cl\/portal\/wp-json\/wp\/v2\/media?parent=80429"}],"wp:term":[{"taxonomy":"category","embeddable":true,"href":"https:\/\/eltrabajo.cl\/portal\/wp-json\/wp\/v2\/categories?post=80429"},{"taxonomy":"post_tag","embeddable":true,"href":"https:\/\/eltrabajo.cl\/portal\/wp-json\/wp\/v2\/tags?post=80429"}],"curies":[{"name":"wp","href":"https:\/\/api.w.org\/{rel}","templated":true}]}}