{"id":80437,"date":"2017-07-25T06:01:28","date_gmt":"2017-07-25T10:01:28","guid":{"rendered":"http:\/\/www.eltrabajo.cl\/2017\/?p=80437"},"modified":"2017-07-25T06:01:28","modified_gmt":"2017-07-25T10:01:28","slug":"vuelve-el-programa-de-esterilizacion-de-mascotas-a-la-villa-cordillera","status":"publish","type":"post","link":"https:\/\/eltrabajo.cl\/portal\/vuelve-el-programa-de-esterilizacion-de-mascotas-a-la-villa-cordillera\/","title":{"rendered":"Vuelve el programa de esterilizaci\u00f3n de mascotas a la Villa Cordillera"},"content":{"rendered":"<figure id=\"attachment_80439\" aria-describedby=\"caption-attachment-80439\" style=\"width: 580px\" class=\"wp-caption alignnone\"><img data-recalc-dims=\"1\" loading=\"lazy\" decoding=\"async\" class=\"size-full wp-image-80439\" src=\"https:\/\/i0.wp.com\/www.eltrabajo.cl\/2017\/wp-content\/uploads\/2017\/07\/termos-solares.jpg?resize=580%2C348\" alt=\"Algunas de las casas que ya cuentan con termo calefactores solares en la Villa Cordillera, programa que tambi\u00e9n ha sido bastante exitoso.\" width=\"580\" height=\"348\" srcset=\"https:\/\/i0.wp.com\/eltrabajo.cl\/portal\/wp-content\/uploads\/2017\/07\/termos-solares.jpg?w=580&amp;ssl=1 580w, https:\/\/i0.wp.com\/eltrabajo.cl\/portal\/wp-content\/uploads\/2017\/07\/termos-solares.jpg?resize=200%2C120&amp;ssl=1 200w, https:\/\/i0.wp.com\/eltrabajo.cl\/portal\/wp-content\/uploads\/2017\/07\/termos-solares.jpg?resize=300%2C180&amp;ssl=1 300w, https:\/\/i0.wp.com\/eltrabajo.cl\/portal\/wp-content\/uploads\/2017\/07\/termos-solares.jpg?resize=250%2C150&amp;ssl=1 250w, https:\/\/i0.wp.com\/eltrabajo.cl\/portal\/wp-content\/uploads\/2017\/07\/termos-solares.jpg?resize=400%2C240&amp;ssl=1 400w\" sizes=\"auto, (max-width: 580px) 100vw, 580px\" \/><figcaption id=\"caption-attachment-80439\" class=\"wp-caption-text\">Algunas de las casas que ya cuentan con termo calefactores solares en la Villa Cordillera, programa que tambi\u00e9n ha sido bastante exitoso.<\/figcaption><\/figure>\n<ul>\n<li><strong><span style=\"color: #ff0000;\">A partir de ma\u00f1ana y hasta el viernes:<\/span>\u00a0Paralelamente se est\u00e1 desarrollando un nuevo comit\u00e9 para la adquisici\u00f3n de termo calefactores solares.<\/strong><\/li>\n<\/ul>\n<p>Bastante aceptaci\u00f3n ha recibido el programa de esterilizaci\u00f3n de mascotas en la Villa Cordillera, tal es as\u00ed que a contar de ma\u00f1ana mi\u00e9rcoles 27, el jueves 28 y viernes 29 se volver\u00e1 a realizar este tipo de procedimientos en dicho sector.<br \/>\nAs\u00ed lo inform\u00f3 la propia presidenta de la Junta de Vecinos, Ruth Delgado, quien dijo que la actividad de esterilizaci\u00f3n de mascotas se va a realizar en la sede del sector: \u201cHago un llamado a todos los vecinos cuyas mascotas no han sido esterilizadas, va a ir inserto un chip en los perritos, gatitos, esto es muy importante, nuestra sede ha sido como el centro de trabajo de la cl\u00ednica veterinaria que tiene el municipio\u201d.<br \/>\n<strong>&#8211; \u00bfC\u00f3mo est\u00e1 la situaci\u00f3n delincuencial en la Villa Cordillera?<\/strong><br \/>\n&#8211; Nosotros tenemos una muy buena comunicaci\u00f3n con Carabineros de San Felipe, tenemos vigilancia policial y nuestro delegado, el se\u00f1or Gonz\u00e1lez, es excelente\u2026 nada que decir, est\u00e1 siempre apresto, nosotros lo llamamos y \u00e9l va, en ese aspecto Villa Cordillera est\u00e1 bien tranquila y puede estarlo.<br \/>\nTambi\u00e9n coment\u00f3 que se est\u00e1 creando otro comit\u00e9 para optar a los termo calefactores solares, porque la experiencia ha sido muy buena entre los vecinos que cuentan con estos aparatos, ahorrando importantes cantidades de dinero por el hecho de contar con este sistema de calefacci\u00f3n.<br \/>\n\u201cEstamos bien proyectados en eso, ha sido todo un \u00e9xito, gracias a Dios los vecinos han estado bien entusiasmados\u201d, finaliz\u00f3 la dirigente.<\/p>\n<figure id=\"attachment_80438\" aria-describedby=\"caption-attachment-80438\" style=\"width: 580px\" class=\"wp-caption alignnone\"><img data-recalc-dims=\"1\" loading=\"lazy\" decoding=\"async\" class=\"size-full wp-image-80438\" src=\"https:\/\/i0.wp.com\/www.eltrabajo.cl\/2017\/wp-content\/uploads\/2017\/07\/Ruth-Delgado-presidenta-V_Cordillera.jpg?resize=580%2C349\" alt=\"Ruth Delgado, presidenta de la Villa Cordillera, destac\u00f3 que a las mascotas que acudan a esterilizaci\u00f3n se les incorporar\u00e1 un chip.\" width=\"580\" height=\"349\" srcset=\"https:\/\/i0.wp.com\/eltrabajo.cl\/portal\/wp-content\/uploads\/2017\/07\/Ruth-Delgado-presidenta-V_Cordillera.jpg?w=580&amp;ssl=1 580w, https:\/\/i0.wp.com\/eltrabajo.cl\/portal\/wp-content\/uploads\/2017\/07\/Ruth-Delgado-presidenta-V_Cordillera.jpg?resize=200%2C120&amp;ssl=1 200w, https:\/\/i0.wp.com\/eltrabajo.cl\/portal\/wp-content\/uploads\/2017\/07\/Ruth-Delgado-presidenta-V_Cordillera.jpg?resize=300%2C181&amp;ssl=1 300w, https:\/\/i0.wp.com\/eltrabajo.cl\/portal\/wp-content\/uploads\/2017\/07\/Ruth-Delgado-presidenta-V_Cordillera.jpg?resize=249%2C150&amp;ssl=1 249w, https:\/\/i0.wp.com\/eltrabajo.cl\/portal\/wp-content\/uploads\/2017\/07\/Ruth-Delgado-presidenta-V_Cordillera.jpg?resize=400%2C241&amp;ssl=1 400w\" sizes=\"auto, (max-width: 580px) 100vw, 580px\" \/><figcaption id=\"caption-attachment-80438\" class=\"wp-caption-text\">Ruth Delgado, presidenta de la Villa Cordillera, destac\u00f3 que a las mascotas que acudan a esterilizaci\u00f3n se les incorporar\u00e1 un chip.<\/figcaption><\/figure>\n","protected":false},"excerpt":{"rendered":"<p>A partir de ma\u00f1ana y hasta el viernes:\u00a0Paralelamente se est\u00e1 desarrollando un nuevo comit\u00e9 para la adquisici\u00f3n de termo calefactores solares. Bastante aceptaci\u00f3n ha recibido el programa de esterilizaci\u00f3n de mascotas en&#8230;<\/p>\n","protected":false},"author":1,"featured_media":80438,"comment_status":"open","ping_status":"open","sticky":false,"template":"","format":"standard","meta":{"advanced_seo_description":"","jetpack_seo_html_title":"","jetpack_seo_noindex":false,"_jetpack_memberships_contains_paid_content":false,"footnotes":""},"categories":[1],"tags":[],"class_list":["post-80437","post","type-post","status-publish","format-standard","has-post-thumbnail","hentry","category-cronica"],"jetpack_featured_media_url":"https:\/\/i0.wp.com\/eltrabajo.cl\/portal\/wp-content\/uploads\/2017\/07\/Ruth-Delgado-presidenta-V_Cordillera.jpg?fit=580%2C349&ssl=1","jetpack_sharing_enabled":true,"jetpack_likes_enabled":true,"jetpack-related-posts":[],"_links":{"self":[{"href":"https:\/\/eltrabajo.cl\/portal\/wp-json\/wp\/v2\/posts\/80437","targetHints":{"allow":["GET"]}}],"collection":[{"href":"https:\/\/eltrabajo.cl\/portal\/wp-json\/wp\/v2\/posts"}],"about":[{"href":"https:\/\/eltrabajo.cl\/portal\/wp-json\/wp\/v2\/types\/post"}],"author":[{"embeddable":true,"href":"https:\/\/eltrabajo.cl\/portal\/wp-json\/wp\/v2\/users\/1"}],"replies":[{"embeddable":true,"href":"https:\/\/eltrabajo.cl\/portal\/wp-json\/wp\/v2\/comments?post=80437"}],"version-history":[{"count":0,"href":"https:\/\/eltrabajo.cl\/portal\/wp-json\/wp\/v2\/posts\/80437\/revisions"}],"wp:featuredmedia":[{"embeddable":true,"href":"https:\/\/eltrabajo.cl\/portal\/wp-json\/wp\/v2\/media\/80438"}],"wp:attachment":[{"href":"https:\/\/eltrabajo.cl\/portal\/wp-json\/wp\/v2\/media?parent=80437"}],"wp:term":[{"taxonomy":"category","embeddable":true,"href":"https:\/\/eltrabajo.cl\/portal\/wp-json\/wp\/v2\/categories?post=80437"},{"taxonomy":"post_tag","embeddable":true,"href":"https:\/\/eltrabajo.cl\/portal\/wp-json\/wp\/v2\/tags?post=80437"}],"curies":[{"name":"wp","href":"https:\/\/api.w.org\/{rel}","templated":true}]}}