{"id":80441,"date":"2017-07-25T06:04:09","date_gmt":"2017-07-25T10:04:09","guid":{"rendered":"http:\/\/www.eltrabajo.cl\/2017\/?p=80441"},"modified":"2017-07-25T06:04:09","modified_gmt":"2017-07-25T10:04:09","slug":"monserrat-espinoza-gano-los-10-000-metros-planos-en-valparaiso","status":"publish","type":"post","link":"https:\/\/eltrabajo.cl\/portal\/monserrat-espinoza-gano-los-10-000-metros-planos-en-valparaiso\/","title":{"rendered":"Monserrat Espinoza gan\u00f3 los 10.000 metros planos en Valpara\u00edso"},"content":{"rendered":"<figure id=\"attachment_80443\" aria-describedby=\"caption-attachment-80443\" style=\"width: 580px\" class=\"wp-caption alignnone\"><img data-recalc-dims=\"1\" loading=\"lazy\" decoding=\"async\" class=\"size-full wp-image-80443\" src=\"https:\/\/i0.wp.com\/www.eltrabajo.cl\/2017\/wp-content\/uploads\/2017\/07\/monse-Monserrat-Espinoza.jpg?resize=580%2C732\" alt=\"ELLA ES NOTICIA.- Ella es Monserrat Espinoza, aconcag\u00fcina que gan\u00f3 los 10.000 metros planos en Valpara\u00edso.\" width=\"580\" height=\"732\" srcset=\"https:\/\/i0.wp.com\/eltrabajo.cl\/portal\/wp-content\/uploads\/2017\/07\/monse-Monserrat-Espinoza.jpg?w=580&amp;ssl=1 580w, https:\/\/i0.wp.com\/eltrabajo.cl\/portal\/wp-content\/uploads\/2017\/07\/monse-Monserrat-Espinoza.jpg?resize=119%2C150&amp;ssl=1 119w, https:\/\/i0.wp.com\/eltrabajo.cl\/portal\/wp-content\/uploads\/2017\/07\/monse-Monserrat-Espinoza.jpg?resize=238%2C300&amp;ssl=1 238w, https:\/\/i0.wp.com\/eltrabajo.cl\/portal\/wp-content\/uploads\/2017\/07\/monse-Monserrat-Espinoza.jpg?resize=400%2C505&amp;ssl=1 400w\" sizes=\"auto, (max-width: 580px) 100vw, 580px\" \/><figcaption id=\"caption-attachment-80443\" class=\"wp-caption-text\">ELLA ES NOTICIA.- Ella es Monserrat Espinoza, aconcag\u00fcina que gan\u00f3 los 10.000 metros planos en Valpara\u00edso.<\/figcaption><\/figure>\n<ul>\n<li><span style=\"color: #ff0000;\"><strong>Otros atletas de Aconcagua Runners le siguen sus pasos:<\/strong><\/span><\/li>\n<\/ul>\n<p>Este domingo se realiz\u00f3 el Torneo de Invierno de la Asociaci\u00f3n Atl\u00e9tica Regional de Valpara\u00edso, el cual se tuvo que postergar por el frente de mal tiempo del fin de semana pasado. El torneo federado preparatorio para los Escolares y Binacionales, se realiz\u00f3 en el Estadio El\u00edas Figueroa Brander, en Valpara\u00edso, desde las 10:00 horas y termin\u00f3 casi a las 15:00 horas con tremenda competencia, en la cual la prueba m\u00e1xima eran los 10.000 metros planos, jornada en la que Monserrat Espinoza logr\u00f3 llegar en el primer lugar con un tiempo de 41:15 minutos, dejando a nuestro equipo en el p\u00f3dium del torneo.<br \/>\n\u00abEn esta misma distancia, en Hombres, se qued\u00f3 con el primer lugar Diego D\u00edaz, del Club Deportivo O\u2019Higgins de Valpara\u00edso, con un crono de 33:24 minutos, donde tuvieron destacada actuaci\u00f3n los atletas de Aconcagua Runners V\u00edctor Ahumada con un tiempo de 37:38 minutos, llegando en quinto lugar, Jes\u00fas Chacana con un tiempo de 38:40 minutos y Ronald Olivares con un Crono de 40:20 minutos en su debut\u00bb, inform\u00f3 a Diario El Trabajo el presidente de Aconcagua Runners, David Olivares Cruz.<br \/>\nSeg\u00fan este dirigente deportivo, una brillante presentaci\u00f3n tuvo nuestro otro miembro del club, Gaspar Maturana, quien particip\u00f3 en los 800 metros planos, llegando en cuarto lugar, y en los 200 metros planos en tercer lugar, cabe destacar que Gaspar retom\u00f3 el atletismo despu\u00e9s de dos a\u00f1os de inactividad y se sum\u00f3 al Aconcagua Runners.<br \/>\n\u00abTambi\u00e9n en los 800 metros hicieron su debut los integrantes de nuestro equipo Alexis Z\u00fa\u00f1iga y Joaqu\u00edn Guajardo. Pasamos a los juveniles y debut de dos integrantes peque\u00f1os que tienen tremendo futuro en el atletismo, me refiero a Javier Reveco Salvatierra y Abner Vidal Ponce, estos dos muchachos compitieron en la categor\u00eda Juegos Escolares y tuvieron su primera experiencia en la pista, dando lo mejor de s\u00ed, seguramente tendremos tremendas noticias de ellos en un futuro no muy lejano\u00bb, agreg\u00f3 Olivares.<br \/>\nEn los 3.000 metros Hombres, destacada participaci\u00f3n fue la de Eduardo Morales, quien tambi\u00e9n particip\u00f3 en los 800 metros, probando velocidad bajando y mejorando su tiempo en los 3.000; Ricardo Andrade por su parte mejor\u00f3 el tiempo, dando como siempre lo mejor de s\u00ed y Juan Ahumada, tambi\u00e9n debutando en la pista de este hermoso estadio.<\/p>\n<p><span style=\"color: #ff0000;\"><strong>OTRA PROMESA<\/strong><\/span><br \/>\n\u00abTambi\u00e9n queremos destacar el tremendo debut de otra atleta de nuestro equipo, hablamos de Slomy Olivares, quien debut\u00f3 en los 800 metros planos, dejando una tremenda impresi\u00f3n, seguramente al igual que con todos los j\u00f3venes talentos de Aconcagua Runners tendremos en un futuro cercano tremendas noticias de ella\u00bb, finaliz\u00f3 David.<br \/>\n<strong>Roberto Gonz\u00e1lez Short<\/strong><\/p>\n<figure id=\"attachment_80442\" aria-describedby=\"caption-attachment-80442\" style=\"width: 580px\" class=\"wp-caption alignnone\"><img data-recalc-dims=\"1\" loading=\"lazy\" decoding=\"async\" class=\"size-full wp-image-80442\" src=\"https:\/\/i0.wp.com\/www.eltrabajo.cl\/2017\/wp-content\/uploads\/2017\/07\/Monse-Eduardo-Morales-y-Gaspar-Maturana.jpg?resize=580%2C350\" alt=\"EST\u00c1N EN TODAS PARTES.- En los c\u00edrculos negros vemos a Eduardo Morales y Gaspar Maturana, atletas aconcag\u00fcinos buscando abrirse campo en este duro deporte de resistencia.\" width=\"580\" height=\"350\" srcset=\"https:\/\/i0.wp.com\/eltrabajo.cl\/portal\/wp-content\/uploads\/2017\/07\/Monse-Eduardo-Morales-y-Gaspar-Maturana.jpg?w=580&amp;ssl=1 580w, https:\/\/i0.wp.com\/eltrabajo.cl\/portal\/wp-content\/uploads\/2017\/07\/Monse-Eduardo-Morales-y-Gaspar-Maturana.jpg?resize=200%2C121&amp;ssl=1 200w, https:\/\/i0.wp.com\/eltrabajo.cl\/portal\/wp-content\/uploads\/2017\/07\/Monse-Eduardo-Morales-y-Gaspar-Maturana.jpg?resize=300%2C181&amp;ssl=1 300w, https:\/\/i0.wp.com\/eltrabajo.cl\/portal\/wp-content\/uploads\/2017\/07\/Monse-Eduardo-Morales-y-Gaspar-Maturana.jpg?resize=249%2C150&amp;ssl=1 249w, https:\/\/i0.wp.com\/eltrabajo.cl\/portal\/wp-content\/uploads\/2017\/07\/Monse-Eduardo-Morales-y-Gaspar-Maturana.jpg?resize=400%2C241&amp;ssl=1 400w\" sizes=\"auto, (max-width: 580px) 100vw, 580px\" \/><figcaption id=\"caption-attachment-80442\" class=\"wp-caption-text\">EST\u00c1N EN TODAS PARTES.- En los c\u00edrculos negros vemos a Eduardo Morales y Gaspar Maturana, atletas aconcag\u00fcinos buscando abrirse campo en este duro deporte de resistencia.<\/figcaption><\/figure>\n<figure id=\"attachment_80444\" aria-describedby=\"caption-attachment-80444\" style=\"width: 580px\" class=\"wp-caption alignnone\"><img data-recalc-dims=\"1\" loading=\"lazy\" decoding=\"async\" class=\"size-full wp-image-80444\" src=\"https:\/\/i0.wp.com\/www.eltrabajo.cl\/2017\/wp-content\/uploads\/2017\/07\/Monse-Runners1.jpg?resize=580%2C350\" alt=\"ACONCAGUA RUNNERS.- Aqu\u00ed est\u00e1n los mejores atletas del Valle de Aconcagua, quienes semanalmente logran brillar en los mejores torneos de la V Regi\u00f3n.\" width=\"580\" height=\"350\" srcset=\"https:\/\/i0.wp.com\/eltrabajo.cl\/portal\/wp-content\/uploads\/2017\/07\/Monse-Runners1.jpg?w=580&amp;ssl=1 580w, https:\/\/i0.wp.com\/eltrabajo.cl\/portal\/wp-content\/uploads\/2017\/07\/Monse-Runners1.jpg?resize=200%2C121&amp;ssl=1 200w, https:\/\/i0.wp.com\/eltrabajo.cl\/portal\/wp-content\/uploads\/2017\/07\/Monse-Runners1.jpg?resize=300%2C181&amp;ssl=1 300w, https:\/\/i0.wp.com\/eltrabajo.cl\/portal\/wp-content\/uploads\/2017\/07\/Monse-Runners1.jpg?resize=249%2C150&amp;ssl=1 249w, https:\/\/i0.wp.com\/eltrabajo.cl\/portal\/wp-content\/uploads\/2017\/07\/Monse-Runners1.jpg?resize=400%2C241&amp;ssl=1 400w\" sizes=\"auto, (max-width: 580px) 100vw, 580px\" \/><figcaption id=\"caption-attachment-80444\" class=\"wp-caption-text\">ACONCAGUA RUNNERS.- Aqu\u00ed est\u00e1n los mejores atletas del Valle de Aconcagua, quienes semanalmente logran brillar en los mejores torneos de la V Regi\u00f3n.<\/figcaption><\/figure>\n<figure id=\"attachment_80445\" aria-describedby=\"caption-attachment-80445\" style=\"width: 580px\" class=\"wp-caption alignnone\"><img data-recalc-dims=\"1\" loading=\"lazy\" decoding=\"async\" class=\"size-full wp-image-80445\" src=\"https:\/\/i0.wp.com\/www.eltrabajo.cl\/2017\/wp-content\/uploads\/2017\/07\/Monse-Slomy-Olivares.jpg?resize=580%2C918\" alt=\"JOVEN PROMESA.- Slomy Olivares es otra de las promesas infantiles del atletismo chileno.\" width=\"580\" height=\"918\" srcset=\"https:\/\/i0.wp.com\/eltrabajo.cl\/portal\/wp-content\/uploads\/2017\/07\/Monse-Slomy-Olivares.jpg?w=580&amp;ssl=1 580w, https:\/\/i0.wp.com\/eltrabajo.cl\/portal\/wp-content\/uploads\/2017\/07\/Monse-Slomy-Olivares.jpg?resize=95%2C150&amp;ssl=1 95w, https:\/\/i0.wp.com\/eltrabajo.cl\/portal\/wp-content\/uploads\/2017\/07\/Monse-Slomy-Olivares.jpg?resize=190%2C300&amp;ssl=1 190w, https:\/\/i0.wp.com\/eltrabajo.cl\/portal\/wp-content\/uploads\/2017\/07\/Monse-Slomy-Olivares.jpg?resize=400%2C633&amp;ssl=1 400w\" sizes=\"auto, (max-width: 580px) 100vw, 580px\" \/><figcaption id=\"caption-attachment-80445\" class=\"wp-caption-text\">JOVEN PROMESA.- Slomy Olivares es otra de las promesas infantiles del atletismo chileno.<\/figcaption><\/figure>\n<figure id=\"attachment_80446\" aria-describedby=\"caption-attachment-80446\" style=\"width: 580px\" class=\"wp-caption alignnone\"><img data-recalc-dims=\"1\" loading=\"lazy\" decoding=\"async\" class=\"size-full wp-image-80446\" src=\"https:\/\/i0.wp.com\/www.eltrabajo.cl\/2017\/wp-content\/uploads\/2017\/07\/Monse_David-Olivares.jpg?resize=580%2C611\" alt=\"Presidente de Aconcagua Runners, David Olivares Cruz.\" width=\"580\" height=\"611\" srcset=\"https:\/\/i0.wp.com\/eltrabajo.cl\/portal\/wp-content\/uploads\/2017\/07\/Monse_David-Olivares.jpg?w=580&amp;ssl=1 580w, https:\/\/i0.wp.com\/eltrabajo.cl\/portal\/wp-content\/uploads\/2017\/07\/Monse_David-Olivares.jpg?resize=142%2C150&amp;ssl=1 142w, https:\/\/i0.wp.com\/eltrabajo.cl\/portal\/wp-content\/uploads\/2017\/07\/Monse_David-Olivares.jpg?resize=285%2C300&amp;ssl=1 285w, https:\/\/i0.wp.com\/eltrabajo.cl\/portal\/wp-content\/uploads\/2017\/07\/Monse_David-Olivares.jpg?resize=400%2C421&amp;ssl=1 400w\" sizes=\"auto, (max-width: 580px) 100vw, 580px\" \/><figcaption id=\"caption-attachment-80446\" class=\"wp-caption-text\">Presidente de Aconcagua Runners, David Olivares Cruz.<\/figcaption><\/figure>\n<figure id=\"attachment_80447\" aria-describedby=\"caption-attachment-80447\" style=\"width: 580px\" class=\"wp-caption alignnone\"><img data-recalc-dims=\"1\" loading=\"lazy\" decoding=\"async\" class=\"size-full wp-image-80447\" src=\"https:\/\/i0.wp.com\/www.eltrabajo.cl\/2017\/wp-content\/uploads\/2017\/07\/Monse_Jesus-Chacana.jpg?resize=580%2C350\" alt=\"OTRAS FIGURAS.- Vistiendo la polera blanca de Aconcagua Runners, tenemos a Jes\u00fas Chacana, uno de los mejores en esa competencia.\" width=\"580\" height=\"350\" srcset=\"https:\/\/i0.wp.com\/eltrabajo.cl\/portal\/wp-content\/uploads\/2017\/07\/Monse_Jesus-Chacana.jpg?w=580&amp;ssl=1 580w, https:\/\/i0.wp.com\/eltrabajo.cl\/portal\/wp-content\/uploads\/2017\/07\/Monse_Jesus-Chacana.jpg?resize=200%2C121&amp;ssl=1 200w, https:\/\/i0.wp.com\/eltrabajo.cl\/portal\/wp-content\/uploads\/2017\/07\/Monse_Jesus-Chacana.jpg?resize=300%2C181&amp;ssl=1 300w, https:\/\/i0.wp.com\/eltrabajo.cl\/portal\/wp-content\/uploads\/2017\/07\/Monse_Jesus-Chacana.jpg?resize=249%2C150&amp;ssl=1 249w, https:\/\/i0.wp.com\/eltrabajo.cl\/portal\/wp-content\/uploads\/2017\/07\/Monse_Jesus-Chacana.jpg?resize=400%2C241&amp;ssl=1 400w\" sizes=\"auto, (max-width: 580px) 100vw, 580px\" \/><figcaption id=\"caption-attachment-80447\" class=\"wp-caption-text\">OTRAS FIGURAS.- Vistiendo la polera blanca de Aconcagua Runners, tenemos a Jes\u00fas Chacana, uno de los mejores en esa competencia.<\/figcaption><\/figure>\n","protected":false},"excerpt":{"rendered":"<p>Otros atletas de Aconcagua Runners le siguen sus pasos: Este domingo se realiz\u00f3 el Torneo de Invierno de la Asociaci\u00f3n Atl\u00e9tica Regional de Valpara\u00edso, el cual se tuvo que postergar por el&#8230;<\/p>\n","protected":false},"author":1,"featured_media":80447,"comment_status":"open","ping_status":"open","sticky":false,"template":"","format":"standard","meta":{"advanced_seo_description":"","jetpack_seo_html_title":"","jetpack_seo_noindex":false,"_jetpack_memberships_contains_paid_content":false,"footnotes":""},"categories":[19],"tags":[],"class_list":["post-80441","post","type-post","status-publish","format-standard","has-post-thumbnail","hentry","category-deportes"],"jetpack_featured_media_url":"https:\/\/i0.wp.com\/eltrabajo.cl\/portal\/wp-content\/uploads\/2017\/07\/Monse_Jesus-Chacana.jpg?fit=580%2C350&ssl=1","jetpack_sharing_enabled":true,"jetpack_likes_enabled":true,"jetpack-related-posts":[],"_links":{"self":[{"href":"https:\/\/eltrabajo.cl\/portal\/wp-json\/wp\/v2\/posts\/80441","targetHints":{"allow":["GET"]}}],"collection":[{"href":"https:\/\/eltrabajo.cl\/portal\/wp-json\/wp\/v2\/posts"}],"about":[{"href":"https:\/\/eltrabajo.cl\/portal\/wp-json\/wp\/v2\/types\/post"}],"author":[{"embeddable":true,"href":"https:\/\/eltrabajo.cl\/portal\/wp-json\/wp\/v2\/users\/1"}],"replies":[{"embeddable":true,"href":"https:\/\/eltrabajo.cl\/portal\/wp-json\/wp\/v2\/comments?post=80441"}],"version-history":[{"count":0,"href":"https:\/\/eltrabajo.cl\/portal\/wp-json\/wp\/v2\/posts\/80441\/revisions"}],"wp:featuredmedia":[{"embeddable":true,"href":"https:\/\/eltrabajo.cl\/portal\/wp-json\/wp\/v2\/media\/80447"}],"wp:attachment":[{"href":"https:\/\/eltrabajo.cl\/portal\/wp-json\/wp\/v2\/media?parent=80441"}],"wp:term":[{"taxonomy":"category","embeddable":true,"href":"https:\/\/eltrabajo.cl\/portal\/wp-json\/wp\/v2\/categories?post=80441"},{"taxonomy":"post_tag","embeddable":true,"href":"https:\/\/eltrabajo.cl\/portal\/wp-json\/wp\/v2\/tags?post=80441"}],"curies":[{"name":"wp","href":"https:\/\/api.w.org\/{rel}","templated":true}]}}